{"id":84519,"date":"2018-10-26T08:55:28","date_gmt":"2018-10-26T11:55:28","guid":{"rendered":"http:\/\/127.0.0.1\/acs\/associacao-comercial-de-santos-recebe-2a-pre-conferencia-anti-drogas\/"},"modified":"2018-10-26T08:55:28","modified_gmt":"2018-10-26T11:55:28","slug":"associacao-comercial-de-santos-recebe-2a-pre-conferencia-anti-drogas","status":"publish","type":"post","link":"https:\/\/acs.org.br\/academy\/associacao-comercial-de-santos-recebe-2a-pre-conferencia-anti-drogas\/","title":{"rendered":"Associa\u00e7\u00e3o Comercial de Santos recebe 2\u00aa pr\u00e9-confer\u00eancia anti-drogas"},"content":{"rendered":"<p>Fonte: Assessoria de imprensa ACS<\/p>\n<p>A Associa\u00e7\u00e3o Comercial de Santos (ACS) recebeu a 2\u00aa pr\u00e9-confer\u00eancia para a <i>X Confer\u00eancia Municipal Sobre Drogas 2018<\/i>, que ser\u00e1 realizada em 24 de novembro e ter\u00e1 como tema \u201c\u00c1lcool e outras drogas da Inf\u00e2ncia \u00e0 Juventude \u2013 uma abordagem intersetorial\u201d.<\/p>\n<p>Participaram do encontro 28 pessoas, sendo 14 servidores e familiares e 11 jovens do Camps, al\u00e9m de profissionais da \u00e1rea.<\/p>\n<p>De acordo com a assistente social da Secretaria de Gest\u00e3o da Prefeitura de Santos, Ilka Conti, as pr\u00e9-confer\u00eancias servem para formular propostas que ser\u00e3o encaminhadas para a confer\u00eancia municipal, que ocorre a cada dois anos.<\/p>\n<p>\u201cO objetivo \u00e9 fomentar o envolvimento da sociedade civil em campanhas de combate \u00e0s drogas. Entre os principais temas que ser\u00e3o levados \u00e0 confer\u00eancia, definidos em nossas reuni\u00f5es, est\u00e1 a cria\u00e7\u00e3o de centros culturais em diversos pontos da cidade como meio de preven\u00e7\u00e3o, com atividades fora do hor\u00e1rio escolar escolar e aos finais de semana\u201d.<\/p>\n<p>A <i>X Confer\u00eancia Municipal Sobre Drogas 2018<\/i> est\u00e1 marcada para as 8 horas do dia 24 de novembro na UniSantos.<\/p>\n","protected":false},"excerpt":{"rendered":"<p>Fonte: Assessoria de imprensa ACS A Associa\u00e7\u00e3o Comercial de Santos (ACS) recebeu a 2\u00aa pr\u00e9-confer\u00eancia para a X Confer\u00eancia Municipal Sobre Drogas 2018, que ser\u00e1 realizada em 24 de novembro e ter\u00e1 como tema \u201c\u00c1lcool e outras drogas da Inf\u00e2ncia \u00e0 Juventude \u2013 uma abordagem intersetorial\u201d. Participaram do encontro 28 pessoas, sendo 14 servidores e [&hellip;]<\/p>\n","protected":false},"author":1,"featured_media":0,"comment_status":"open","ping_status":"open","sticky":false,"template":"","format":"standard","meta":{"footnotes":""},"categories":[84],"tags":[],"_links":{"self":[{"href":"https:\/\/acs.org.br\/academy\/wp-json\/wp\/v2\/posts\/84519"}],"collection":[{"href":"https:\/\/acs.org.br\/academy\/wp-json\/wp\/v2\/posts"}],"about":[{"href":"https:\/\/acs.org.br\/academy\/wp-json\/wp\/v2\/types\/post"}],"author":[{"embeddable":true,"href":"https:\/\/acs.org.br\/academy\/wp-json\/wp\/v2\/users\/1"}],"replies":[{"embeddable":true,"href":"https:\/\/acs.org.br\/academy\/wp-json\/wp\/v2\/comments?post=84519"}],"version-history":[{"count":0,"href":"https:\/\/acs.org.br\/academy\/wp-json\/wp\/v2\/posts\/84519\/revisions"}],"wp:attachment":[{"href":"https:\/\/acs.org.br\/academy\/wp-json\/wp\/v2\/media?parent=84519"}],"wp:term":[{"taxonomy":"category","embeddable":true,"href":"https:\/\/acs.org.br\/academy\/wp-json\/wp\/v2\/categories?post=84519"},{"taxonomy":"post_tag","embeddable":true,"href":"https:\/\/acs.org.br\/academy\/wp-json\/wp\/v2\/tags?post=84519"}],"curies":[{"name":"wp","href":"https:\/\/api.w.org\/{rel}","templated":true}]}}