{"id":84511,"date":"2018-10-25T16:36:26","date_gmt":"2018-10-25T19:36:26","guid":{"rendered":"http:\/\/127.0.0.1\/acs\/agentes-de-carga-2\/"},"modified":"2018-10-25T16:36:26","modified_gmt":"2018-10-25T19:36:26","slug":"agentes-de-carga-2","status":"publish","type":"post","link":"https:\/\/acs.org.br\/academy\/agentes-de-carga-2\/","title":{"rendered":"C\u00e2mara de Agentes de Carga da Associa\u00e7\u00e3o Comercial de Santos apresentar\u00e1 d\u00favidas sobre Portal \u00danico \u00e0 Receita Federal"},"content":{"rendered":"<p style=\"text-align: left;\" align=\"center\">Fonte: Assessoria de imprensa ACS<\/p>\n<p style=\"text-align: left;\" align=\"center\">Integrantes da C\u00e2mara Setorial dos Agentes de Carga da Associa\u00e7\u00e3o Comercial de Santos (ACS) criaram grupos de trabalho para levantar as principais dificuldades encontradas na utiliza\u00e7\u00e3o do Portal \u00danico e apresent\u00e1-las a um representante da Receita Federal, em Bras\u00edlia.<\/p>\n<p style=\"text-align: left;\" align=\"center\">\n<p>Vale lembrar que a implementa\u00e7\u00e3o da DU-E ocorreu de maneira gradativa desde a primeira entrega, ocorrida em mar\u00e7o de 2017. O cronograma de desligamento dos sistemas legados foi anunciado por meio da Not\u00edcia Siscomex Exporta\u00e7\u00e3o n\u00ba 017\/2018, em 21 de mar\u00e7o de 2018, conforme o site do Portal \u00danico, da Receita Federal.<\/p>\n<p>No encontro, realizado na semana passada, no pr\u00e9dio-sede da ACS, grupos de trabalho foram definidos, de modo que cada um possa apresentar seu fluxograma. Eles foram divididos da seguinte forma: Centronave, Fenamar e Sindamar com os Armadores e Ag\u00eancias de Navega\u00e7\u00e3o; ABTTC\/REDEX; e terminais operadores.<\/p>\n<p>De acordo com o coordenador da C\u00e2mara Setorial dos Agentes de Carga da ACS, Noslen Lopes Botelho, a C\u00e2mara ficar\u00e1 respons\u00e1vel pela consolida\u00e7\u00e3o dos materiais apresentados.<\/p>\n<p><img loading=\"lazy\" decoding=\"async\" class=\" size-full wp-image-84506\" src=\"http:\/\/127.0.0.1\/acs\/wp-content\/uploads\/2018\/10\/WEB_2018_OUTUBRO_CARGA-W_CARGA_0002.jpg\" width=\"570\" height=\"428\" srcset=\"https:\/\/acs.org.br\/academy\/wp-content\/uploads\/2018\/10\/WEB_2018_OUTUBRO_CARGA-W_CARGA_0002.jpg 570w, https:\/\/acs.org.br\/academy\/wp-content\/uploads\/2018\/10\/WEB_2018_OUTUBRO_CARGA-W_CARGA_0002-300x225.jpg 300w\" sizes=\"(max-width: 570px) 100vw, 570px\" \/><\/p>\n<p>\u201cCada um enviar\u00e1 em at\u00e9 10 dias sua parte, para que na pr\u00f3xima reuni\u00e3o, no dia 21 de novembro, \u00e0s 16 horas, na ACS, seja elaborado um parecer final para envio do material aos cuidados de Marco Siqueira, da RFB Bras\u00edlia\u201d.<\/p>\n<p>Quem ainda tiver d\u00favidas sobre como migrar para o novo sistema, pode acessar o site&nbsp;<a href=\"http:\/\/portal.siscomex.gov.br\/perguntas-frequentes\">http:\/\/portal.siscomex.gov.br\/perguntas-frequentes<\/a> .<\/p>\n<p><img loading=\"lazy\" decoding=\"async\" class=\" size-full wp-image-84507\" src=\"http:\/\/127.0.0.1\/acs\/wp-content\/uploads\/2018\/10\/WEB_2018_OUTUBRO_CARGA-W_CARGA_0004.jpg\" width=\"570\" height=\"406\" srcset=\"https:\/\/acs.org.br\/academy\/wp-content\/uploads\/2018\/10\/WEB_2018_OUTUBRO_CARGA-W_CARGA_0004.jpg 570w, https:\/\/acs.org.br\/academy\/wp-content\/uploads\/2018\/10\/WEB_2018_OUTUBRO_CARGA-W_CARGA_0004-300x214.jpg 300w\" sizes=\"(max-width: 570px) 100vw, 570px\" \/><\/p>\n<p><img loading=\"lazy\" decoding=\"async\" class=\" size-full wp-image-84508\" src=\"http:\/\/127.0.0.1\/acs\/wp-content\/uploads\/2018\/10\/WEB_2018_OUTUBRO_CARGA-W_CARGA_0007.jpg\" width=\"570\" height=\"428\" srcset=\"https:\/\/acs.org.br\/academy\/wp-content\/uploads\/2018\/10\/WEB_2018_OUTUBRO_CARGA-W_CARGA_0007.jpg 570w, https:\/\/acs.org.br\/academy\/wp-content\/uploads\/2018\/10\/WEB_2018_OUTUBRO_CARGA-W_CARGA_0007-300x225.jpg 300w\" sizes=\"(max-width: 570px) 100vw, 570px\" \/><\/p>\n<p><img loading=\"lazy\" decoding=\"async\" class=\" size-full wp-image-84509\" src=\"http:\/\/127.0.0.1\/acs\/wp-content\/uploads\/2018\/10\/WEB_2018_OUTUBRO_CARGA-W_CARGA_0010.jpg\" width=\"570\" height=\"425\" srcset=\"https:\/\/acs.org.br\/academy\/wp-content\/uploads\/2018\/10\/WEB_2018_OUTUBRO_CARGA-W_CARGA_0010.jpg 570w, https:\/\/acs.org.br\/academy\/wp-content\/uploads\/2018\/10\/WEB_2018_OUTUBRO_CARGA-W_CARGA_0010-300x224.jpg 300w\" sizes=\"(max-width: 570px) 100vw, 570px\" \/><\/p>\n<p><img loading=\"lazy\" decoding=\"async\" class=\" size-full wp-image-84510\" src=\"http:\/\/127.0.0.1\/acs\/wp-content\/uploads\/2018\/10\/WEB_2018_OUTUBRO_CARGA-W_CARGA_0011.jpg\" width=\"570\" height=\"421\" srcset=\"https:\/\/acs.org.br\/academy\/wp-content\/uploads\/2018\/10\/WEB_2018_OUTUBRO_CARGA-W_CARGA_0011.jpg 570w, https:\/\/acs.org.br\/academy\/wp-content\/uploads\/2018\/10\/WEB_2018_OUTUBRO_CARGA-W_CARGA_0011-300x222.jpg 300w\" sizes=\"(max-width: 570px) 100vw, 570px\" \/><\/p>\n","protected":false},"excerpt":{"rendered":"<p>Fonte: Assessoria de imprensa ACS Integrantes da C\u00e2mara Setorial dos Agentes de Carga da Associa\u00e7\u00e3o Comercial de Santos (ACS) criaram grupos de trabalho para levantar as principais dificuldades encontradas na utiliza\u00e7\u00e3o do Portal \u00danico e apresent\u00e1-las a um representante da Receita Federal, em Bras\u00edlia. Vale lembrar que a implementa\u00e7\u00e3o da DU-E ocorreu de maneira gradativa [&hellip;]<\/p>\n","protected":false},"author":1,"featured_media":84505,"comment_status":"open","ping_status":"open","sticky":false,"template":"","format":"standard","meta":{"footnotes":""},"categories":[84],"tags":[],"_links":{"self":[{"href":"https:\/\/acs.org.br\/academy\/wp-json\/wp\/v2\/posts\/84511"}],"collection":[{"href":"https:\/\/acs.org.br\/academy\/wp-json\/wp\/v2\/posts"}],"about":[{"href":"https:\/\/acs.org.br\/academy\/wp-json\/wp\/v2\/types\/post"}],"author":[{"embeddable":true,"href":"https:\/\/acs.org.br\/academy\/wp-json\/wp\/v2\/users\/1"}],"replies":[{"embeddable":true,"href":"https:\/\/acs.org.br\/academy\/wp-json\/wp\/v2\/comments?post=84511"}],"version-history":[{"count":0,"href":"https:\/\/acs.org.br\/academy\/wp-json\/wp\/v2\/posts\/84511\/revisions"}],"wp:featuredmedia":[{"embeddable":true,"href":"https:\/\/acs.org.br\/academy\/wp-json\/wp\/v2\/media\/84505"}],"wp:attachment":[{"href":"https:\/\/acs.org.br\/academy\/wp-json\/wp\/v2\/media?parent=84511"}],"wp:term":[{"taxonomy":"category","embeddable":true,"href":"https:\/\/acs.org.br\/academy\/wp-json\/wp\/v2\/categories?post=84511"},{"taxonomy":"post_tag","embeddable":true,"href":"https:\/\/acs.org.br\/academy\/wp-json\/wp\/v2\/tags?post=84511"}],"curies":[{"name":"wp","href":"https:\/\/api.w.org\/{rel}","templated":true}]}}