{"id":84483,"date":"2018-10-24T17:06:10","date_gmt":"2018-10-24T20:06:10","guid":{"rendered":"http:\/\/127.0.0.1\/acs\/associacao-comercial-de-santos-inscreve-para-turma-de-novembro-do-curso-de-cafe\/"},"modified":"2018-10-24T17:06:10","modified_gmt":"2018-10-24T20:06:10","slug":"associacao-comercial-de-santos-inscreve-para-turma-de-novembro-do-curso-de-cafe","status":"publish","type":"post","link":"https:\/\/acs.org.br\/academy\/associacao-comercial-de-santos-inscreve-para-turma-de-novembro-do-curso-de-cafe\/","title":{"rendered":"Associa\u00e7\u00e3o Comercial de Santos inscreve para turma de novembro do curso de caf\u00e9"},"content":{"rendered":"<p style=\"text-align: left;\" class=\"xmsonormal\" align=\"center\">Fonte: Assessoria de imprensa ACS<\/p>\n<p style=\"text-align: left;\" class=\"xmsonormal\" align=\"center\">Est\u00e3o abertas inscri\u00e7\u00f5es para a turma de novembro do Curso de Classifica\u00e7\u00e3o e Degusta\u00e7\u00e3o de Caf\u00e9 da Associa\u00e7\u00e3o Comercial de Santos (ACS). As aulas ocorrem de segunda a sexta-feira, \u00e0s 8 \u00e0s 10 horas.<\/p>\n<p style=\"text-align: left;\" class=\"xmsonormal\"><o:p><\/o:p><\/p>\n<p style=\"text-align: left;\" class=\"xxmsonormal\"><o:p><\/o:p><\/p>\n<p style=\"text-align: left;\" class=\"xxmsonormal\">O objetivo do curso \u00e9 capacitar os alunos a identificar as caracter\u00edsticas do produto, atender \u00e0s exig\u00eancias do mercado e criar oportunidades de neg\u00f3cios. <o:p><\/o:p><\/p>\n<p class=\"xxmsonormal\"><o:p><\/o:p><\/p>\n<p class=\"xxmsonormal\">Al\u00e9m de despertar o interesse de profissionais do mercado cafeeiro do Brasil, o curso da ACS \u00e9 reconhecido tamb\u00e9m pelos principais pa\u00edses consumidores. No m\u00eas de julho de cada ano, japoneses que atuam em empresas relacionadas \u00e0 ind\u00fastria do caf\u00e9 v\u00eam a Santos especialmente para o curso da Associa\u00e7\u00e3o Comercial. <o:p><\/o:p><\/p>\n<p class=\"xxmsonormal\"><o:p><\/o:p><\/p>\n<p class=\"xxmsonormal\">Geralmente s\u00e3o duas horas di\u00e1rias durante quatro semanas, com aulas te\u00f3ricas e pr\u00e1ticas, sobre a hist\u00f3ria do caf\u00e9, produ\u00e7\u00e3o, armazenagem, aspectos econ\u00f4micos nacionais e internacionais, legisla\u00e7\u00e3o, tecnologia, fiscaliza\u00e7\u00e3o, identifica\u00e7\u00e3o de gr\u00e3os, prova de bebida e desenvolvimento de blends (misturas) de caf\u00e9s.<o:p><\/o:p><\/p>\n<p class=\"xmsonormal\"><o:p><\/o:p><\/p>\n<p class=\"xmsonormal\">Para participar \u00e9 necess\u00e1rio ter 18 anos de idade, c\u00f3pia do diploma ou certificado de conclus\u00e3o do Ensino M\u00e9dio ou equivalente, atestado de sanidade bucal emitido por profissional habilitado e c\u00f3pia da carteira de identidade (RG) ou passaporte.<o:p><\/o:p><\/p>\n<p class=\"xmsonormal\"><o:p><\/o:p><\/p>\n<p class=\"xmsonormal\">Ao final, os alunos com frequ\u00eancia m\u00ednima de 80% e com bom desempenho nas aulas recebem certificado e carteira de classificador.<o:p><\/o:p><\/p>\n<p class=\"xmsonormal\"><o:p><\/o:p><\/p>\n<p class=\"xmsonormal\">Os interessados devem entrar em contato com a ACS, pelo telefone 3212-8200 e falar com o setor administrativo.<o:p><\/o:p><\/p>\n<p class=\"xmsonormal\"><o:p><\/o:p><\/p>\n","protected":false},"excerpt":{"rendered":"<p>Fonte: Assessoria de imprensa ACS Est\u00e3o abertas inscri\u00e7\u00f5es para a turma de novembro do Curso de Classifica\u00e7\u00e3o e Degusta\u00e7\u00e3o de Caf\u00e9 da Associa\u00e7\u00e3o Comercial de Santos (ACS). As aulas ocorrem de segunda a sexta-feira, \u00e0s 8 \u00e0s 10 horas. O objetivo do curso \u00e9 capacitar os alunos a identificar as caracter\u00edsticas do produto, atender \u00e0s [&hellip;]<\/p>\n","protected":false},"author":1,"featured_media":0,"comment_status":"open","ping_status":"open","sticky":false,"template":"","format":"standard","meta":{"footnotes":""},"categories":[84],"tags":[],"_links":{"self":[{"href":"https:\/\/acs.org.br\/academy\/wp-json\/wp\/v2\/posts\/84483"}],"collection":[{"href":"https:\/\/acs.org.br\/academy\/wp-json\/wp\/v2\/posts"}],"about":[{"href":"https:\/\/acs.org.br\/academy\/wp-json\/wp\/v2\/types\/post"}],"author":[{"embeddable":true,"href":"https:\/\/acs.org.br\/academy\/wp-json\/wp\/v2\/users\/1"}],"replies":[{"embeddable":true,"href":"https:\/\/acs.org.br\/academy\/wp-json\/wp\/v2\/comments?post=84483"}],"version-history":[{"count":0,"href":"https:\/\/acs.org.br\/academy\/wp-json\/wp\/v2\/posts\/84483\/revisions"}],"wp:attachment":[{"href":"https:\/\/acs.org.br\/academy\/wp-json\/wp\/v2\/media?parent=84483"}],"wp:term":[{"taxonomy":"category","embeddable":true,"href":"https:\/\/acs.org.br\/academy\/wp-json\/wp\/v2\/categories?post=84483"},{"taxonomy":"post_tag","embeddable":true,"href":"https:\/\/acs.org.br\/academy\/wp-json\/wp\/v2\/tags?post=84483"}],"curies":[{"name":"wp","href":"https:\/\/api.w.org\/{rel}","templated":true}]}}