{"id":84437,"date":"2018-10-14T00:00:00","date_gmt":"2018-10-14T03:00:00","guid":{"rendered":"http:\/\/127.0.0.1\/acs\/santos-export-visita-sul-europeu-a-norte-da-africa-a-tribuna-14-10-2018\/"},"modified":"2018-10-14T00:00:00","modified_gmt":"2018-10-14T03:00:00","slug":"santos-export-visita-sul-europeu-a-norte-da-africa-a-tribuna-14-10-2018","status":"publish","type":"post","link":"https:\/\/acs.org.br\/academy\/santos-export-visita-sul-europeu-a-norte-da-africa-a-tribuna-14-10-2018\/","title":{"rendered":"Santos Export visita Sul europeu a Norte da \u00c1frica &#8211; A Tribuna &#8211; 14\/10\/2018"},"content":{"rendered":"<p>Fonte: A Tribuna&nbsp;<\/p>\n<p>Empres\u00e1rios do Porto de Santos e autoridades do complexo mar\u00edtimo e do Governo Federal iniciar\u00e3o amanh\u00e3 uma sequencia de visitas t\u00e9cnicas<\/p>\n<p><a href=\"http:\/\/127.0.0.1\/acs\/wp-content\/uploads\/2018\/10\/PDF_2018_OUTUBRO_STSEXPORT-TRI-14.pdf\" target=\"_blank\" rel=\"noopener\">LEIA MAIS&#8230;<\/a><\/p>\n","protected":false},"excerpt":{"rendered":"<p>Fonte: A Tribuna&nbsp; Empres\u00e1rios do Porto de Santos e autoridades do complexo mar\u00edtimo e do Governo Federal iniciar\u00e3o amanh\u00e3 uma sequencia de visitas t\u00e9cnicas LEIA MAIS&#8230;<\/p>\n","protected":false},"author":1,"featured_media":0,"comment_status":"open","ping_status":"open","sticky":false,"template":"","format":"standard","meta":{"footnotes":""},"categories":[98],"tags":[],"_links":{"self":[{"href":"https:\/\/acs.org.br\/academy\/wp-json\/wp\/v2\/posts\/84437"}],"collection":[{"href":"https:\/\/acs.org.br\/academy\/wp-json\/wp\/v2\/posts"}],"about":[{"href":"https:\/\/acs.org.br\/academy\/wp-json\/wp\/v2\/types\/post"}],"author":[{"embeddable":true,"href":"https:\/\/acs.org.br\/academy\/wp-json\/wp\/v2\/users\/1"}],"replies":[{"embeddable":true,"href":"https:\/\/acs.org.br\/academy\/wp-json\/wp\/v2\/comments?post=84437"}],"version-history":[{"count":0,"href":"https:\/\/acs.org.br\/academy\/wp-json\/wp\/v2\/posts\/84437\/revisions"}],"wp:attachment":[{"href":"https:\/\/acs.org.br\/academy\/wp-json\/wp\/v2\/media?parent=84437"}],"wp:term":[{"taxonomy":"category","embeddable":true,"href":"https:\/\/acs.org.br\/academy\/wp-json\/wp\/v2\/categories?post=84437"},{"taxonomy":"post_tag","embeddable":true,"href":"https:\/\/acs.org.br\/academy\/wp-json\/wp\/v2\/tags?post=84437"}],"curies":[{"name":"wp","href":"https:\/\/api.w.org\/{rel}","templated":true}]}}