{"id":84364,"date":"2018-10-11T00:00:00","date_gmt":"2018-10-11T03:00:00","guid":{"rendered":"http:\/\/127.0.0.1\/acs\/camara-de-agentes-de-carga-da-associacao-comercial-de-santos-debate-declaracao-unica-da-exportacao-du-e\/"},"modified":"2018-10-11T00:00:00","modified_gmt":"2018-10-11T03:00:00","slug":"camara-de-agentes-de-carga-da-associacao-comercial-de-santos-debate-declaracao-unica-da-exportacao-du-e","status":"publish","type":"post","link":"https:\/\/acs.org.br\/academy\/camara-de-agentes-de-carga-da-associacao-comercial-de-santos-debate-declaracao-unica-da-exportacao-du-e\/","title":{"rendered":"C\u00e2mara de Agentes de Carga da Associa\u00e7\u00e3o Comercial de Santos debate Declara\u00e7\u00e3o \u00danica da Exporta\u00e7\u00e3o (DU-E)"},"content":{"rendered":"<p align=\"center\" style=\"text-align: left;\">Fonte: Assessoria de imprensa ACS&nbsp;<\/p>\n<p>A C\u00e2mara Setorial dos Agentes de Carga da Associa\u00e7\u00e3o Comercial de Santos (ACS) debateu, em sua reuni\u00e3o de outubro, diferentes situa\u00e7\u00f5es que t\u00eam ocorrido para a realiza\u00e7\u00e3o da Declara\u00e7\u00e3o \u00danica da Exporta\u00e7\u00e3o (DU-E). O novo sistema substitui a Declara\u00e7\u00e3o de Exporta\u00e7\u00e3o (DE), a Declara\u00e7\u00e3o Simplificada de Exporta\u00e7\u00e3o (DSE) e o Registro de Exporta\u00e7\u00e3o (RE), que eram utilizados nos despachos de exporta\u00e7\u00e3o.<\/p>\n<\/p>\n<p>Participaram da reuni\u00e3o os armadores CMA-CGM, Maersk e MSC, que colocaram em discuss\u00e3o os procedimentos que o Portal \u00danico n\u00e3o previu e que s\u00e3o algumas realidades no dia a dia de quem utiliza o sistema.<\/p>\n<p>De acordo com o coordenador da C\u00e2mara, Noslen Lopes Botelho, ap\u00f3s troca de e-mails com agentes da Receita Federal em Bras\u00edlia, foi proposto pela C\u00e2mara que sejam reunidas, em um documento, todas as dificuldades enfrentadas pelos agentes de carga, despachantes, armadores, Redex, EADIs e terminais operadores, para que seja formado um grupo de trabalho respons\u00e1vel pelo envio do material \u00e0 Receita Federal.<\/p>\n<p><img loading=\"lazy\" decoding=\"async\" class=\" size-full wp-image-84362\" src=\"http:\/\/127.0.0.1\/acs\/wp-content\/uploads\/2018\/10\/WEB_2018_OUTUBRO_AGENTES-W_IMG_3638.jpg\" width=\"570\" height=\"428\" srcset=\"https:\/\/acs.org.br\/academy\/wp-content\/uploads\/2018\/10\/WEB_2018_OUTUBRO_AGENTES-W_IMG_3638.jpg 570w, https:\/\/acs.org.br\/academy\/wp-content\/uploads\/2018\/10\/WEB_2018_OUTUBRO_AGENTES-W_IMG_3638-300x225.jpg 300w\" sizes=\"(max-width: 570px) 100vw, 570px\" \/><\/p>\n<p>\u201cOs armadores presentes participaram de uma reuni\u00e3o com o Centronave e nossa proposta foi bem aceita. Portanto, eles contribuir\u00e3o com esse trabalho\u201d.<\/p>\n<p>Vale lembrar que a implementa\u00e7\u00e3o da DU-E ocorreu de maneira gradativa desde a primeira entrega, ocorrida em mar\u00e7o de 2017. O cronograma de desligamento dos sistemas legados foi anunciado por meio da Not\u00edcia Siscomex Exporta\u00e7\u00e3o n\u00ba 017\/2018, em 21 de mar\u00e7o de 2018, conforme o site do Portal \u00danico, da Receita Federal.<\/p>\n<p><img loading=\"lazy\" decoding=\"async\" class=\" size-full wp-image-84363\" src=\"http:\/\/127.0.0.1\/acs\/wp-content\/uploads\/2018\/10\/WEB_2018_OUTUBRO_AGENTES-W_IMG_3636.jpg\" width=\"570\" height=\"428\" srcset=\"https:\/\/acs.org.br\/academy\/wp-content\/uploads\/2018\/10\/WEB_2018_OUTUBRO_AGENTES-W_IMG_3636.jpg 570w, https:\/\/acs.org.br\/academy\/wp-content\/uploads\/2018\/10\/WEB_2018_OUTUBRO_AGENTES-W_IMG_3636-300x225.jpg 300w\" sizes=\"(max-width: 570px) 100vw, 570px\" \/><\/p>\n<p>Quanto \u00e0 DUIMP, que vem sendo implantada pela RFB, Noslen disse que foi proposta a forma\u00e7\u00e3o tamb\u00e9m de um grupo de trabalho, para discutir os efeitos de sua implanta\u00e7\u00e3o.<\/p>\n<p>\u201cTamb\u00e9m enviaremos nossas colabora\u00e7\u00f5es para o grupo da RFB, que estar\u00e1 a cargo dessa implanta\u00e7\u00e3o\u201d.<\/p>\n<p>Quem ainda tiver d\u00favidas sobre como migrar para o novo sistema, pode acessar o site <a href=\"http:\/\/portal.siscomex.gov.br\/perguntas-frequentes\">http:\/\/portal.siscomex.gov.br\/perguntas-frequentes<\/a> .<\/p>\n<p>\u00a0<\/p>\n","protected":false},"excerpt":{"rendered":"<p>Fonte: Assessoria de imprensa ACS&nbsp; A C\u00e2mara Setorial dos Agentes de Carga da Associa\u00e7\u00e3o Comercial de Santos (ACS) debateu, em sua reuni\u00e3o de outubro, diferentes situa\u00e7\u00f5es que t\u00eam ocorrido para a realiza\u00e7\u00e3o da Declara\u00e7\u00e3o \u00danica da Exporta\u00e7\u00e3o (DU-E). O novo sistema substitui a Declara\u00e7\u00e3o de Exporta\u00e7\u00e3o (DE), a Declara\u00e7\u00e3o Simplificada de Exporta\u00e7\u00e3o (DSE) e o [&hellip;]<\/p>\n","protected":false},"author":1,"featured_media":84361,"comment_status":"open","ping_status":"open","sticky":false,"template":"","format":"standard","meta":{"footnotes":""},"categories":[84],"tags":[],"_links":{"self":[{"href":"https:\/\/acs.org.br\/academy\/wp-json\/wp\/v2\/posts\/84364"}],"collection":[{"href":"https:\/\/acs.org.br\/academy\/wp-json\/wp\/v2\/posts"}],"about":[{"href":"https:\/\/acs.org.br\/academy\/wp-json\/wp\/v2\/types\/post"}],"author":[{"embeddable":true,"href":"https:\/\/acs.org.br\/academy\/wp-json\/wp\/v2\/users\/1"}],"replies":[{"embeddable":true,"href":"https:\/\/acs.org.br\/academy\/wp-json\/wp\/v2\/comments?post=84364"}],"version-history":[{"count":0,"href":"https:\/\/acs.org.br\/academy\/wp-json\/wp\/v2\/posts\/84364\/revisions"}],"wp:featuredmedia":[{"embeddable":true,"href":"https:\/\/acs.org.br\/academy\/wp-json\/wp\/v2\/media\/84361"}],"wp:attachment":[{"href":"https:\/\/acs.org.br\/academy\/wp-json\/wp\/v2\/media?parent=84364"}],"wp:term":[{"taxonomy":"category","embeddable":true,"href":"https:\/\/acs.org.br\/academy\/wp-json\/wp\/v2\/categories?post=84364"},{"taxonomy":"post_tag","embeddable":true,"href":"https:\/\/acs.org.br\/academy\/wp-json\/wp\/v2\/tags?post=84364"}],"curies":[{"name":"wp","href":"https:\/\/api.w.org\/{rel}","templated":true}]}}