{"id":84348,"date":"2018-10-11T15:17:16","date_gmt":"2018-10-11T18:17:16","guid":{"rendered":"http:\/\/127.0.0.1\/acs\/associacao-comercial-de-santos-e-mapa-discutem-emissao-de-certificados-fitossanitarios\/"},"modified":"2018-10-11T15:17:16","modified_gmt":"2018-10-11T18:17:16","slug":"associacao-comercial-de-santos-e-mapa-discutem-emissao-de-certificados-fitossanitarios","status":"publish","type":"post","link":"https:\/\/acs.org.br\/academy\/associacao-comercial-de-santos-e-mapa-discutem-emissao-de-certificados-fitossanitarios\/","title":{"rendered":"Associa\u00e7\u00e3o Comercial de Santos e MAPA discutem emiss\u00e3o de certificados fitossanit\u00e1rios"},"content":{"rendered":"<p style=\"text-align: left;\" align=\"center\">Fonte: Assessoria de imprensa ACS<\/p>\n<p>Representantes das C\u00e2maras Setoriais de Exportadores de Caf\u00e9, de Cooperativas de Caf\u00e9 e de Empresas de Fumiga\u00e7\u00e3o e Servi\u00e7os Fitossanit\u00e1rios da Associa\u00e7\u00e3o Comercial de Santos (ACS) e integrantes do Minist\u00e9rio da Agricultura, Pecu\u00e1ria e Abastecimento (MAPA) discutiram, nesta quarta-feira (11), no audit\u00f3rio da ACS, as regras para a emiss\u00e3o de certificados fitossanit\u00e1rios.<\/p>\n<\/p>\n<p>O auditor fiscal Agropecu\u00e1rio e chefe do Servi\u00e7o de Vigil\u00e2ncia Agropecu\u00e1ria no Porto de Santos, Andre Minoru Okubo, iniciou a reuni\u00e3o com uma apresenta\u00e7\u00e3o (para acess\u00e1-la, clique&nbsp;<a href=\"http:\/\/127.0.0.1\/acs\/wp-content\/uploads\/2018\/10\/PDF_2018_OUTUBRO_MAPA-APRESENTACAO.pdf\"><b>AQUI<\/b><\/a>), mostrando como funciona o processo de certifica\u00e7\u00e3o fitossanit\u00e1ria de caf\u00e9 para diversos pa\u00edses.<\/p>\n<p><img loading=\"lazy\" decoding=\"async\" class=\" size-full wp-image-84342\" src=\"http:\/\/127.0.0.1\/acs\/wp-content\/uploads\/2018\/10\/WEB_2018_OUTUBRO_MAPA-W_IMG_3629.jpg\" width=\"570\" height=\"458\" srcset=\"https:\/\/acs.org.br\/academy\/wp-content\/uploads\/2018\/10\/WEB_2018_OUTUBRO_MAPA-W_IMG_3629.jpg 570w, https:\/\/acs.org.br\/academy\/wp-content\/uploads\/2018\/10\/WEB_2018_OUTUBRO_MAPA-W_IMG_3629-300x241.jpg 300w\" sizes=\"(max-width: 570px) 100vw, 570px\" \/><\/p>\n<p>\u201cNosso objetivo \u00e9 deixar claro quais s\u00e3o os requisitos legais para exporta\u00e7\u00e3o desse tipo de produto e aproximar o contato entre exportadores, ACS e Minist\u00e9rio. Quem est\u00e1 nesse meio muitas vezes entende o processo, mas muitos precisam melhorar o fluxo de informa\u00e7\u00e3o, a comunica\u00e7\u00e3o, e tirar d\u00favidas. Por isso, fizemos esse encontro, para fomentar a exporta\u00e7\u00e3o de caf\u00e9 brasileiro para pa\u00edses que exigem essas certifica\u00e7\u00f5es\u201d.<\/p>\n<p><img loading=\"lazy\" decoding=\"async\" class=\" size-full wp-image-84343\" src=\"http:\/\/127.0.0.1\/acs\/wp-content\/uploads\/2018\/10\/WEB_2018_OUTUBRO_MAPA-W_IMG_3618.jpg\" width=\"570\" height=\"428\" srcset=\"https:\/\/acs.org.br\/academy\/wp-content\/uploads\/2018\/10\/WEB_2018_OUTUBRO_MAPA-W_IMG_3618.jpg 570w, https:\/\/acs.org.br\/academy\/wp-content\/uploads\/2018\/10\/WEB_2018_OUTUBRO_MAPA-W_IMG_3618-300x225.jpg 300w\" sizes=\"(max-width: 570px) 100vw, 570px\" \/><\/p>\n<p>Estiveram no encontro tamb\u00e9m auditora fiscal do MAPA em Santos, Rejane Caldas; o presidente do Conselho do CECAF\u00c9, Nelson Carvalhaes; o diretor-t\u00e9cnico do CECAFE, Eduardo Heron; o coordenador da C\u00e2mara Setorial de Exportadores de Caf\u00e9 da ACS, Moacir Leite Soares; o coordenador da C\u00e2mara Setorial das Cooperativas de Caf\u00e9, Ronald Pires de Moraes; o coordenador da C\u00e2mara Setorial de Empresas de Fumiga\u00e7\u00e3o e Servi\u00e7os Fitossanit\u00e1rios, Pedro Alberto Nunes de Matos; e o diretor-executivo da ACS, Marcio Calves.<\/p>\n<p><img loading=\"lazy\" decoding=\"async\" class=\" size-full wp-image-84344\" src=\"http:\/\/127.0.0.1\/acs\/wp-content\/uploads\/2018\/10\/WEB_2018_OUTUBRO_MAPA-W_IMG_3625.jpg\" width=\"570\" height=\"422\" srcset=\"https:\/\/acs.org.br\/academy\/wp-content\/uploads\/2018\/10\/WEB_2018_OUTUBRO_MAPA-W_IMG_3625.jpg 570w, https:\/\/acs.org.br\/academy\/wp-content\/uploads\/2018\/10\/WEB_2018_OUTUBRO_MAPA-W_IMG_3625-300x222.jpg 300w\" sizes=\"(max-width: 570px) 100vw, 570px\" \/><\/p>\n<p>Ap\u00f3s a apresenta\u00e7\u00e3o, os participantes fizeram perguntas e tiraram d\u00favidas. Uma das principais quest\u00f5es foi sobre a possibilidade da aplica\u00e7\u00e3o de fosfina para o tratamento de fumiga\u00e7\u00e3o na dosagem de 3g\/m3. Sobre isso, o MAPA informou que n\u00e3o \u00e9 tecnicamente poss\u00edvel realizar esse processo.<\/p>\n<p>Isso porque a Lei de Agrot\u00f3xicos (7.802\/89) exige que a aplica\u00e7\u00e3o seja feita com a dosagem de 2 g\/m3. Sendo assim, o MAPA recomenda aos exportadores e empresas de fumiga\u00e7\u00e3o que n\u00e3o aceitem termos de pa\u00edses importadores que conflitem com as leis brasileiras, pois certamente o CF n\u00e3o ser\u00e1 emitido pelo governo brasileiro.<\/p>\n<p>Quanto \u00e0 necessidade de emiss\u00e3o de certificado fitossanit\u00e1rio para as amostras de caf\u00e9 destinadas ao Jap\u00e3o, o Andre Okubo informou que esta determina\u00e7\u00e3o ainda n\u00e3o chegou aos escrit\u00f3rios do MAPA e prometeu um retorno breve, \u201cassim que consultar o MAPA em Bras\u00edlia\u201d.<\/p>\n<p>Ele informou, por\u00e9m, que, devido \u00e0 falta de funcion\u00e1rios na sede de Santos, os certificados poderiam demorar entre cinco e sete dias para serem emitidos e entregues.<\/p>\n<p><img loading=\"lazy\" decoding=\"async\" class=\" size-full wp-image-84345\" src=\"http:\/\/127.0.0.1\/acs\/wp-content\/uploads\/2018\/10\/WEB_2018_OUTUBRO_MAPA-W_IMG_3627.jpg\" width=\"570\" height=\"428\" srcset=\"https:\/\/acs.org.br\/academy\/wp-content\/uploads\/2018\/10\/WEB_2018_OUTUBRO_MAPA-W_IMG_3627.jpg 570w, https:\/\/acs.org.br\/academy\/wp-content\/uploads\/2018\/10\/WEB_2018_OUTUBRO_MAPA-W_IMG_3627-300x225.jpg 300w\" sizes=\"(max-width: 570px) 100vw, 570px\" \/><\/p>\n<p>Para Moacir Soares, essa reuni\u00e3o serviu para esclarecer as d\u00favidas quanto aos processos de Certifica\u00e7\u00e3o Fitossanit\u00e1ria. \u201cDesta forma, podemos evitar problemas com a documenta\u00e7\u00e3o de embarque de caf\u00e9. E ressaltou que h\u00e1 urg\u00eancia em rela\u00e7\u00e3o \u00e0s defini\u00e7\u00f5es sobre o CF para as amostras de caf\u00e9 destinadas ao mercado japon\u00eas\u201d.<\/p>\n<p><img loading=\"lazy\" decoding=\"async\" class=\" size-full wp-image-84346\" src=\"http:\/\/127.0.0.1\/acs\/wp-content\/uploads\/2018\/10\/WEB_2018_OUTUBRO_MAPA-W_IMG_3623.jpg\" width=\"570\" height=\"429\" srcset=\"https:\/\/acs.org.br\/academy\/wp-content\/uploads\/2018\/10\/WEB_2018_OUTUBRO_MAPA-W_IMG_3623.jpg 570w, https:\/\/acs.org.br\/academy\/wp-content\/uploads\/2018\/10\/WEB_2018_OUTUBRO_MAPA-W_IMG_3623-300x226.jpg 300w\" sizes=\"(max-width: 570px) 100vw, 570px\" \/><\/p>\n<p><img loading=\"lazy\" decoding=\"async\" class=\" size-full wp-image-84347\" src=\"http:\/\/127.0.0.1\/acs\/wp-content\/uploads\/2018\/10\/WEB_2018_OUTUBRO_MAPA-W_IMG_3628.jpg\" width=\"570\" height=\"428\" srcset=\"https:\/\/acs.org.br\/academy\/wp-content\/uploads\/2018\/10\/WEB_2018_OUTUBRO_MAPA-W_IMG_3628.jpg 570w, https:\/\/acs.org.br\/academy\/wp-content\/uploads\/2018\/10\/WEB_2018_OUTUBRO_MAPA-W_IMG_3628-300x225.jpg 300w\" sizes=\"(max-width: 570px) 100vw, 570px\" \/><\/p>\n","protected":false},"excerpt":{"rendered":"<p>Fonte: Assessoria de imprensa ACS Representantes das C\u00e2maras Setoriais de Exportadores de Caf\u00e9, de Cooperativas de Caf\u00e9 e de Empresas de Fumiga\u00e7\u00e3o e Servi\u00e7os Fitossanit\u00e1rios da Associa\u00e7\u00e3o Comercial de Santos (ACS) e integrantes do Minist\u00e9rio da Agricultura, Pecu\u00e1ria e Abastecimento (MAPA) discutiram, nesta quarta-feira (11), no audit\u00f3rio da ACS, as regras para a emiss\u00e3o de [&hellip;]<\/p>\n","protected":false},"author":1,"featured_media":84340,"comment_status":"open","ping_status":"open","sticky":false,"template":"","format":"standard","meta":{"footnotes":""},"categories":[84],"tags":[],"_links":{"self":[{"href":"https:\/\/acs.org.br\/academy\/wp-json\/wp\/v2\/posts\/84348"}],"collection":[{"href":"https:\/\/acs.org.br\/academy\/wp-json\/wp\/v2\/posts"}],"about":[{"href":"https:\/\/acs.org.br\/academy\/wp-json\/wp\/v2\/types\/post"}],"author":[{"embeddable":true,"href":"https:\/\/acs.org.br\/academy\/wp-json\/wp\/v2\/users\/1"}],"replies":[{"embeddable":true,"href":"https:\/\/acs.org.br\/academy\/wp-json\/wp\/v2\/comments?post=84348"}],"version-history":[{"count":0,"href":"https:\/\/acs.org.br\/academy\/wp-json\/wp\/v2\/posts\/84348\/revisions"}],"wp:featuredmedia":[{"embeddable":true,"href":"https:\/\/acs.org.br\/academy\/wp-json\/wp\/v2\/media\/84340"}],"wp:attachment":[{"href":"https:\/\/acs.org.br\/academy\/wp-json\/wp\/v2\/media?parent=84348"}],"wp:term":[{"taxonomy":"category","embeddable":true,"href":"https:\/\/acs.org.br\/academy\/wp-json\/wp\/v2\/categories?post=84348"},{"taxonomy":"post_tag","embeddable":true,"href":"https:\/\/acs.org.br\/academy\/wp-json\/wp\/v2\/tags?post=84348"}],"curies":[{"name":"wp","href":"https:\/\/api.w.org\/{rel}","templated":true}]}}