{"id":84321,"date":"2018-10-10T11:59:46","date_gmt":"2018-10-10T14:59:46","guid":{"rendered":"http:\/\/127.0.0.1\/acs\/tes-e-fibria-apresentam-seus-investimentos-e-demandas-durante-2o-workshop-baixada-santista-investimentos-e-oportunidades-na-acs\/"},"modified":"2018-10-10T11:59:46","modified_gmt":"2018-10-10T14:59:46","slug":"tes-e-fibria-apresentam-seus-investimentos-e-demandas-durante-2o-workshop-baixada-santista-investimentos-e-oportunidades-na-acs","status":"publish","type":"post","link":"https:\/\/acs.org.br\/academy\/tes-e-fibria-apresentam-seus-investimentos-e-demandas-durante-2o-workshop-baixada-santista-investimentos-e-oportunidades-na-acs\/","title":{"rendered":"TES e Fibria apresentam seus investimentos e demandas durante 2\u00ba workshop &#8220;Baixada Santista: Investimentos e Oportunidades&#8221; na ACS"},"content":{"rendered":"<p style=\"text-align: left;\" align=\"center\">Fonte: Assessoria de imprensa ACS<\/p>\n<p>O Terminal Exportador de Santos (TES) e a Fibria apresentaram, na manh\u00e3 desta quarta-feira (10), na Associa\u00e7\u00e3o Comercial de Santos (ACS), quais s\u00e3o seus investimentos e o que eles geram em demandas para a regi\u00e3o durante o 2\u00ba workshop &#8220;Baixada Santista: Investimentos e Oportunidades&#8221;. Cerca de 60 pessoas participaram.<\/p>\n<p>&nbsp;<\/p>\n<p>A abertura do evento foi feita pelo secret\u00e1rio de Assuntos Portu\u00e1rios, Industria e Com\u00e9rcio da Prefeitura de Santos, Omar Silva J\u00fanior, que falou sobre o objetivo desses workshops, que t\u00eam sido realizados mensalmente.<\/p>\n<p><img loading=\"lazy\" decoding=\"async\" class=\" size-full wp-image-84314\" src=\"http:\/\/127.0.0.1\/acs\/wp-content\/uploads\/2018\/10\/WEB_2018_OUTUBRO_WORKSHOP-W_IMG_3604.jpg\" width=\"570\" height=\"422\" srcset=\"https:\/\/acs.org.br\/academy\/wp-content\/uploads\/2018\/10\/WEB_2018_OUTUBRO_WORKSHOP-W_IMG_3604.jpg 570w, https:\/\/acs.org.br\/academy\/wp-content\/uploads\/2018\/10\/WEB_2018_OUTUBRO_WORKSHOP-W_IMG_3604-300x222.jpg 300w\" sizes=\"(max-width: 570px) 100vw, 570px\" \/>&nbsp;<\/p>\n<p>\u201cQueremos promover esse encontro entre os grandes investidores da cidade. N\u00f3s temos o privil\u00e9gio de a nossa regi\u00e3o estar sendo alvo de muitos investimentos. Ent\u00e3o, uma vez por m\u00eas, traremos empreendedores e empresas de diversos setores para que conhe\u00e7am o que a regi\u00e3o tem a oferecer em servi\u00e7os e, ao mesmo tempo, mostrar o que est\u00e1 sendo feito em investimentos por aqui\u201d.<\/p>\n<p>A primeira empresa a se apresentar nesta quarta-feira foi a Fibria, que est\u00e1 construindo um terminal de celulose e, a partir de 2020, far\u00e1 exporta\u00e7\u00e3o de celulose por Santos.<\/p>\n<p><img loading=\"lazy\" decoding=\"async\" class=\" size-full wp-image-84315\" src=\"http:\/\/127.0.0.1\/acs\/wp-content\/uploads\/2018\/10\/WEB_2018_OUTUBRO_WORKSHOP-W_IMG_3610.jpg\" width=\"570\" height=\"429\" srcset=\"https:\/\/acs.org.br\/academy\/wp-content\/uploads\/2018\/10\/WEB_2018_OUTUBRO_WORKSHOP-W_IMG_3610.jpg 570w, https:\/\/acs.org.br\/academy\/wp-content\/uploads\/2018\/10\/WEB_2018_OUTUBRO_WORKSHOP-W_IMG_3610-300x226.jpg 300w\" sizes=\"(max-width: 570px) 100vw, 570px\" \/>&nbsp;<\/p>\n<p>Na sequ\u00eancia, o TES apresentou seus investimentos desde quando venceu a licita\u00e7\u00e3o para modernizar a \u00e1rea da Ponta da Praia, onde ir\u00e1 construir uma bateria de silos para armazenar soja, farelo e milho para exporta\u00e7\u00e3o.<\/p>\n<p><img loading=\"lazy\" decoding=\"async\" class=\" size-full wp-image-84316\" src=\"http:\/\/127.0.0.1\/acs\/wp-content\/uploads\/2018\/10\/WEB_2018_OUTUBRO_WORKSHOP-W_IMG_3613.jpg\" width=\"570\" height=\"428\" srcset=\"https:\/\/acs.org.br\/academy\/wp-content\/uploads\/2018\/10\/WEB_2018_OUTUBRO_WORKSHOP-W_IMG_3613.jpg 570w, https:\/\/acs.org.br\/academy\/wp-content\/uploads\/2018\/10\/WEB_2018_OUTUBRO_WORKSHOP-W_IMG_3613-300x225.jpg 300w\" sizes=\"(max-width: 570px) 100vw, 570px\" \/><\/p>\n<p>Saiba mais sobre as empresas abaixo:<\/p>\n<p>&nbsp;<b>&#8211; <\/b><a href=\"http:\/\/127.0.0.1\/acs\/wp-content\/uploads\/2018\/10\/PDF_2018_OUTUBRO_FIBRIA-dia10.pdf\"><b>FIBRIA<\/b><\/a><\/p>\n<p><b>&nbsp;<\/b><b>&#8211; <\/b><a href=\"http:\/\/127.0.0.1\/acs\/wp-content\/uploads\/2018\/10\/PDF_2018_OUTUBRO_TES-dia10.pdf\"><b>TES<\/b><\/a><b>&nbsp;<\/b><\/p>\n<p><b>Sobre o projeto<\/b><\/p>\n<p>O projeto &#8220;Baixada Santista: Investimentos e Oportunidades&#8221;, que tem sido agendado mensalmente, tem o objetivo de oferecer oportunidades \u00e0s empresas locais, que desejam investir em curto e m\u00e9dio prazos.<\/p>\n<p>Elas poder\u00e3o apresentar seus projetos e necessidades a poss\u00edveis fornecedores e prestadores de servi\u00e7os da regi\u00e3o, criando um ambiente de neg\u00f3cios para estreitar rela\u00e7\u00f5es comerciais locais.<\/p>\n<p>Nesses encontros, as empresas dever\u00e3o apresentar:<\/p>\n<p>&#8211; Informa\u00e7\u00f5es institucionais;<\/p>\n<p>&#8211; Descri\u00e7\u00e3o do investimento previsto;<\/p>\n<p>&#8211; Cronograma de desenvolvimento e implanta\u00e7\u00e3o do investimento;<\/p>\n<p>&#8211; Descri\u00e7\u00e3o das principais necessidades de m\u00e3o de obra, materiais e servi\u00e7os.<\/p>\n<p>Em setembro, participaram as empresas Ecovias e VLI.<\/p>\n<p>O workshop \u00e9 uma realiza\u00e7\u00e3o da Associa\u00e7\u00e3o Comercial de Santos (ACS), com a Prefeitura Municipal de Santos e a AGEM (Ag\u00eancia Metropolitana da Baixada Santista), juntamente com a Associa\u00e7\u00e3o dos Engenheiros e Arquitetos de Santos e a Funda\u00e7\u00e3o Parque Tecnol\u00f3gico de Santos.<\/p>\n<p><img loading=\"lazy\" decoding=\"async\" class=\" size-full wp-image-84319\" src=\"http:\/\/127.0.0.1\/acs\/wp-content\/uploads\/2018\/10\/WEB_2018_OUTUBRO_WORKSHOP-W_IMG_3608.jpg\" width=\"570\" height=\"435\" srcset=\"https:\/\/acs.org.br\/academy\/wp-content\/uploads\/2018\/10\/WEB_2018_OUTUBRO_WORKSHOP-W_IMG_3608.jpg 570w, https:\/\/acs.org.br\/academy\/wp-content\/uploads\/2018\/10\/WEB_2018_OUTUBRO_WORKSHOP-W_IMG_3608-300x229.jpg 300w\" sizes=\"(max-width: 570px) 100vw, 570px\" \/><\/p>\n<p><img loading=\"lazy\" decoding=\"async\" class=\" size-full wp-image-84320\" src=\"http:\/\/127.0.0.1\/acs\/wp-content\/uploads\/2018\/10\/WEB_2018_OUTUBRO_WORKSHOP-W_IMG_3612.jpg\" width=\"570\" height=\"428\" srcset=\"https:\/\/acs.org.br\/academy\/wp-content\/uploads\/2018\/10\/WEB_2018_OUTUBRO_WORKSHOP-W_IMG_3612.jpg 570w, https:\/\/acs.org.br\/academy\/wp-content\/uploads\/2018\/10\/WEB_2018_OUTUBRO_WORKSHOP-W_IMG_3612-300x225.jpg 300w\" sizes=\"(max-width: 570px) 100vw, 570px\" \/><\/p>\n","protected":false},"excerpt":{"rendered":"<p>Fonte: Assessoria de imprensa ACS O Terminal Exportador de Santos (TES) e a Fibria apresentaram, na manh\u00e3 desta quarta-feira (10), na Associa\u00e7\u00e3o Comercial de Santos (ACS), quais s\u00e3o seus investimentos e o que eles geram em demandas para a regi\u00e3o durante o 2\u00ba workshop &#8220;Baixada Santista: Investimentos e Oportunidades&#8221;. Cerca de 60 pessoas participaram. &nbsp; [&hellip;]<\/p>\n","protected":false},"author":1,"featured_media":84313,"comment_status":"open","ping_status":"open","sticky":false,"template":"","format":"standard","meta":{"footnotes":""},"categories":[84],"tags":[],"_links":{"self":[{"href":"https:\/\/acs.org.br\/academy\/wp-json\/wp\/v2\/posts\/84321"}],"collection":[{"href":"https:\/\/acs.org.br\/academy\/wp-json\/wp\/v2\/posts"}],"about":[{"href":"https:\/\/acs.org.br\/academy\/wp-json\/wp\/v2\/types\/post"}],"author":[{"embeddable":true,"href":"https:\/\/acs.org.br\/academy\/wp-json\/wp\/v2\/users\/1"}],"replies":[{"embeddable":true,"href":"https:\/\/acs.org.br\/academy\/wp-json\/wp\/v2\/comments?post=84321"}],"version-history":[{"count":0,"href":"https:\/\/acs.org.br\/academy\/wp-json\/wp\/v2\/posts\/84321\/revisions"}],"wp:featuredmedia":[{"embeddable":true,"href":"https:\/\/acs.org.br\/academy\/wp-json\/wp\/v2\/media\/84313"}],"wp:attachment":[{"href":"https:\/\/acs.org.br\/academy\/wp-json\/wp\/v2\/media?parent=84321"}],"wp:term":[{"taxonomy":"category","embeddable":true,"href":"https:\/\/acs.org.br\/academy\/wp-json\/wp\/v2\/categories?post=84321"},{"taxonomy":"post_tag","embeddable":true,"href":"https:\/\/acs.org.br\/academy\/wp-json\/wp\/v2\/tags?post=84321"}],"curies":[{"name":"wp","href":"https:\/\/api.w.org\/{rel}","templated":true}]}}