{"id":84242,"date":"2018-10-04T12:03:08","date_gmt":"2018-10-04T15:03:08","guid":{"rendered":"http:\/\/127.0.0.1\/acs\/consul-paises-baixos\/"},"modified":"2018-10-04T12:03:08","modified_gmt":"2018-10-04T15:03:08","slug":"consul-paises-baixos","status":"publish","type":"post","link":"https:\/\/acs.org.br\/academy\/consul-paises-baixos\/","title":{"rendered":"C\u00f4nsul geral dos Pa\u00edses Baixos visita Associa\u00e7\u00e3o Comercial de Santos e assiste a uma degusta\u00e7\u00e3o de caf\u00e9"},"content":{"rendered":"<p style=\"text-align: left;\" align=\"center\">Fonte: Assessoria de imprensa ACS<\/p>\n<p>A c\u00f4nsul geral dos Pa\u00edses Baixos, Henriette Bersee, acompanhada do respons\u00e1vel pelo setor econ\u00f4mico, Hein Cuppen, e pelo c\u00f4nsul honor\u00e1rio dos Pa\u00edses Baixos em Santos, Andr\u00e9 Lettieri, visitou nesta quinta-feira (4) a Associa\u00e7\u00e3o Comercial de Santos (ACS). Durante a visita, ela conheceu a Sala de Classifica\u00e7\u00e3o e Degusta\u00e7\u00e3o de Caf\u00e9 e viu de perto como \u00e9 feita a degusta\u00e7\u00e3o dos gr\u00e3os.<\/p>\n<p>Ao chegar na sede da ACS, Henriette foi recebida pelo diretor-executivo, Marcio Calves, pela coordenadora da C\u00e2mara Setorial das Institui\u00e7\u00f5es de Ensino da ACS, Silvia Teixeira Penteado, e pelos demais integrantes da C\u00e2mara Setorial, que estavam em reuni\u00e3o e deram as boas vindas \u00e0 visitante.<\/p>\n<p>&nbsp;<\/p>\n<p>Em seguida, a comitiva conheceu os quadros com as assinaturas de ilustres visitantes da ACS no Livro de Ouro, como a de D Pedro II, por exemplo, expostas no foyer do primeiro andar.<\/p>\n<p>Depois, o grupo seguiu para a sala da presid\u00eancia, p\u00f4de ver de perto quadros de Benedito Calixto. Na ocasi\u00e3o, o diretor-executivo da ACS, Marcio Calves, falou sobre a viagem de empres\u00e1rios santistas ao porto de Roterd\u00e3, na primeira edi\u00e7\u00e3o do Santos Export &#8211; F\u00f3rum Internacional para a Expans\u00e3o dos Portos Brasileiros, em 2003, visita que foi repetida 10 anos depois, em 2013.<\/p>\n<p><img loading=\"lazy\" decoding=\"async\" class=\" size-full wp-image-84237\" src=\"http:\/\/127.0.0.1\/acs\/wp-content\/uploads\/2018\/10\/WEB_2018_OUTUBRO_CONSUL-W_IMG_3491.jpg\" width=\"570\" height=\"428\" srcset=\"https:\/\/acs.org.br\/academy\/wp-content\/uploads\/2018\/10\/WEB_2018_OUTUBRO_CONSUL-W_IMG_3491.jpg 570w, https:\/\/acs.org.br\/academy\/wp-content\/uploads\/2018\/10\/WEB_2018_OUTUBRO_CONSUL-W_IMG_3491-300x225.jpg 300w\" sizes=\"(max-width: 570px) 100vw, 570px\" \/><\/p>\n<p><img loading=\"lazy\" decoding=\"async\" class=\" size-full wp-image-84238\" src=\"http:\/\/127.0.0.1\/acs\/wp-content\/uploads\/2018\/10\/WEB_2018_OUTUBRO_CONSUL-W_IMG_3496.jpg\" width=\"570\" height=\"442\" srcset=\"https:\/\/acs.org.br\/academy\/wp-content\/uploads\/2018\/10\/WEB_2018_OUTUBRO_CONSUL-W_IMG_3496.jpg 570w, https:\/\/acs.org.br\/academy\/wp-content\/uploads\/2018\/10\/WEB_2018_OUTUBRO_CONSUL-W_IMG_3496-300x233.jpg 300w\" sizes=\"(max-width: 570px) 100vw, 570px\" \/><\/p>\n<p><img loading=\"lazy\" decoding=\"async\" class=\" size-full wp-image-84239\" src=\"http:\/\/127.0.0.1\/acs\/wp-content\/uploads\/2018\/10\/WEB_2018_OUTUBRO_CONSUL-W_IMG_3506.jpg\" width=\"570\" height=\"428\" srcset=\"https:\/\/acs.org.br\/academy\/wp-content\/uploads\/2018\/10\/WEB_2018_OUTUBRO_CONSUL-W_IMG_3506.jpg 570w, https:\/\/acs.org.br\/academy\/wp-content\/uploads\/2018\/10\/WEB_2018_OUTUBRO_CONSUL-W_IMG_3506-300x225.jpg 300w\" sizes=\"(max-width: 570px) 100vw, 570px\" \/>&nbsp;<\/p>\n<p>\u201cFazemos essas viagens ap\u00f3s o f\u00f3rum para conhecermos outras realidades de portos no mundo. E, voltamos anos depois para ver a evolu\u00e7\u00e3o. Foi uma refer\u00eancia espetacular\u201d, explicou.<\/p>\n<p>Em rela\u00e7\u00e3o \u00e0 balan\u00e7a comercial entre os portos de Santos e Roterd\u00e3, Henriette disse que \u201co Brasil exporta mais para a Holanda\u201d, do que inverso.<\/p>\n<p>Por fim, a c\u00f4nsul conheceu a Sala de Classifica\u00e7\u00e3o e Degusta\u00e7\u00e3o de Caf\u00e9 da ACS, onde o especialista Onivaldo Ruas fez uma demonstra\u00e7\u00e3o da degusta\u00e7\u00e3o dos gr\u00e3os.<\/p>\n<p><img loading=\"lazy\" decoding=\"async\" class=\" size-full wp-image-84240\" src=\"http:\/\/127.0.0.1\/acs\/wp-content\/uploads\/2018\/10\/WEB_2018_OUTUBRO_CONSUL-W_IMG_3515.jpg\" width=\"570\" height=\"426\" srcset=\"https:\/\/acs.org.br\/academy\/wp-content\/uploads\/2018\/10\/WEB_2018_OUTUBRO_CONSUL-W_IMG_3515.jpg 570w, https:\/\/acs.org.br\/academy\/wp-content\/uploads\/2018\/10\/WEB_2018_OUTUBRO_CONSUL-W_IMG_3515-300x224.jpg 300w\" sizes=\"(max-width: 570px) 100vw, 570px\" \/>&nbsp;<\/p>\n<p>Antes de ir embora, ela deixou uma mensagem no Livro de Ouro da ACS \u201cEstou impressionada. Obrigada. Desejo muito sucesso\u201d.<\/p>\n<p><img loading=\"lazy\" decoding=\"async\" class=\" size-full wp-image-84241\" src=\"http:\/\/127.0.0.1\/acs\/wp-content\/uploads\/2018\/10\/WEB_2018_OUTUBRO_CONSUL-W_IMG_3527.jpg\" width=\"570\" height=\"449\" srcset=\"https:\/\/acs.org.br\/academy\/wp-content\/uploads\/2018\/10\/WEB_2018_OUTUBRO_CONSUL-W_IMG_3527.jpg 570w, https:\/\/acs.org.br\/academy\/wp-content\/uploads\/2018\/10\/WEB_2018_OUTUBRO_CONSUL-W_IMG_3527-300x236.jpg 300w\" sizes=\"(max-width: 570px) 100vw, 570px\" \/><\/p>\n","protected":false},"excerpt":{"rendered":"<p>Fonte: Assessoria de imprensa ACS A c\u00f4nsul geral dos Pa\u00edses Baixos, Henriette Bersee, acompanhada do respons\u00e1vel pelo setor econ\u00f4mico, Hein Cuppen, e pelo c\u00f4nsul honor\u00e1rio dos Pa\u00edses Baixos em Santos, Andr\u00e9 Lettieri, visitou nesta quinta-feira (4) a Associa\u00e7\u00e3o Comercial de Santos (ACS). Durante a visita, ela conheceu a Sala de Classifica\u00e7\u00e3o e Degusta\u00e7\u00e3o de Caf\u00e9 [&hellip;]<\/p>\n","protected":false},"author":1,"featured_media":84236,"comment_status":"open","ping_status":"open","sticky":false,"template":"","format":"standard","meta":{"footnotes":""},"categories":[84],"tags":[],"_links":{"self":[{"href":"https:\/\/acs.org.br\/academy\/wp-json\/wp\/v2\/posts\/84242"}],"collection":[{"href":"https:\/\/acs.org.br\/academy\/wp-json\/wp\/v2\/posts"}],"about":[{"href":"https:\/\/acs.org.br\/academy\/wp-json\/wp\/v2\/types\/post"}],"author":[{"embeddable":true,"href":"https:\/\/acs.org.br\/academy\/wp-json\/wp\/v2\/users\/1"}],"replies":[{"embeddable":true,"href":"https:\/\/acs.org.br\/academy\/wp-json\/wp\/v2\/comments?post=84242"}],"version-history":[{"count":0,"href":"https:\/\/acs.org.br\/academy\/wp-json\/wp\/v2\/posts\/84242\/revisions"}],"wp:featuredmedia":[{"embeddable":true,"href":"https:\/\/acs.org.br\/academy\/wp-json\/wp\/v2\/media\/84236"}],"wp:attachment":[{"href":"https:\/\/acs.org.br\/academy\/wp-json\/wp\/v2\/media?parent=84242"}],"wp:term":[{"taxonomy":"category","embeddable":true,"href":"https:\/\/acs.org.br\/academy\/wp-json\/wp\/v2\/categories?post=84242"},{"taxonomy":"post_tag","embeddable":true,"href":"https:\/\/acs.org.br\/academy\/wp-json\/wp\/v2\/tags?post=84242"}],"curies":[{"name":"wp","href":"https:\/\/api.w.org\/{rel}","templated":true}]}}