{"id":84195,"date":"2018-09-27T00:00:00","date_gmt":"2018-09-27T03:00:00","guid":{"rendered":"http:\/\/127.0.0.1\/acs\/marinho-promete-hospital-em-sv-e-mais-investimento-em-empresas-de-tecnologia-a-tribuna-digital-27092018\/"},"modified":"2018-09-27T00:00:00","modified_gmt":"2018-09-27T03:00:00","slug":"marinho-promete-hospital-em-sv-e-mais-investimento-em-empresas-de-tecnologia-a-tribuna-digital-27092018","status":"publish","type":"post","link":"https:\/\/acs.org.br\/academy\/marinho-promete-hospital-em-sv-e-mais-investimento-em-empresas-de-tecnologia-a-tribuna-digital-27092018\/","title":{"rendered":"Marinho promete hospital em SV e mais investimento em empresas de tecnologia &#8211; A Tribuna digital &#8211; 27\/09\/2018"},"content":{"rendered":"<p>Fonte: A Tribuna digital&nbsp;<\/p>\n<p>Durante sabatina na Associa\u00e7\u00e3o Comercial de Santos (ACS), o candidato do PT ao governo do Estado de S\u00e3o Paulo Luiz Marinho, prometeu, na manh\u00e3 desta quinta-feira (27), a constru\u00e7\u00e3o de um hospital em S\u00e3o Vicente como forma a organizar a sa\u00fade regional e reduzir os indicadores de mortalidade infantil \u2013 a maior taxa estadual.<\/p>\n<p><a target=\"_blank\" href=\"http:\/\/127.0.0.1\/acs\/wp-content\/uploads\/2018\/09\/PDF_2018_SETEMBRO_CANDIDATOS-TRIDIG-27.pdf\" rel=\"noopener\">LEIA MAIS&#8230;<\/a><\/p>\n<p>\u00a0<\/p>\n","protected":false},"excerpt":{"rendered":"<p>Fonte: A Tribuna digital&nbsp; Durante sabatina na Associa\u00e7\u00e3o Comercial de Santos (ACS), o candidato do PT ao governo do Estado de S\u00e3o Paulo Luiz Marinho, prometeu, na manh\u00e3 desta quinta-feira (27), a constru\u00e7\u00e3o de um hospital em S\u00e3o Vicente como forma a organizar a sa\u00fade regional e reduzir os indicadores de mortalidade infantil \u2013 a [&hellip;]<\/p>\n","protected":false},"author":1,"featured_media":0,"comment_status":"open","ping_status":"open","sticky":false,"template":"","format":"standard","meta":{"footnotes":""},"categories":[98],"tags":[],"_links":{"self":[{"href":"https:\/\/acs.org.br\/academy\/wp-json\/wp\/v2\/posts\/84195"}],"collection":[{"href":"https:\/\/acs.org.br\/academy\/wp-json\/wp\/v2\/posts"}],"about":[{"href":"https:\/\/acs.org.br\/academy\/wp-json\/wp\/v2\/types\/post"}],"author":[{"embeddable":true,"href":"https:\/\/acs.org.br\/academy\/wp-json\/wp\/v2\/users\/1"}],"replies":[{"embeddable":true,"href":"https:\/\/acs.org.br\/academy\/wp-json\/wp\/v2\/comments?post=84195"}],"version-history":[{"count":0,"href":"https:\/\/acs.org.br\/academy\/wp-json\/wp\/v2\/posts\/84195\/revisions"}],"wp:attachment":[{"href":"https:\/\/acs.org.br\/academy\/wp-json\/wp\/v2\/media?parent=84195"}],"wp:term":[{"taxonomy":"category","embeddable":true,"href":"https:\/\/acs.org.br\/academy\/wp-json\/wp\/v2\/categories?post=84195"},{"taxonomy":"post_tag","embeddable":true,"href":"https:\/\/acs.org.br\/academy\/wp-json\/wp\/v2\/tags?post=84195"}],"curies":[{"name":"wp","href":"https:\/\/api.w.org\/{rel}","templated":true}]}}