{"id":84193,"date":"2018-09-26T00:00:00","date_gmt":"2018-09-26T03:00:00","guid":{"rendered":"http:\/\/127.0.0.1\/acs\/em-visita-a-regiao-doria-promete-implantar-unidade-do-baep-em-praia-grande-a-tribuna-digital-26-09-2018\/"},"modified":"2018-09-26T00:00:00","modified_gmt":"2018-09-26T03:00:00","slug":"em-visita-a-regiao-doria-promete-implantar-unidade-do-baep-em-praia-grande-a-tribuna-digital-26-09-2018","status":"publish","type":"post","link":"https:\/\/acs.org.br\/academy\/em-visita-a-regiao-doria-promete-implantar-unidade-do-baep-em-praia-grande-a-tribuna-digital-26-09-2018\/","title":{"rendered":"Em visita \u00e0 regi\u00e3o, Doria promete implantar unidade do Baep em Praia Grande &#8211; A Tribuna digital &#8211; 26\/09\/2018"},"content":{"rendered":"<p>Fonte: A Tribuna digital&nbsp;<\/p>\n<p>O candidato do PSDB ao governo de S\u00e3o Paulo, Jo\u00e3o Doria cumpriu, nesta quarta-feira (26), agenda nas cidades da Baixada Santista e prometeu implantar uma unidade do Batalh\u00e3o de A\u00e7\u00f5es Especiais de Pol\u00edcia (Baep) em Praia Grande.<\/p>\n<p><a href=\"http:\/\/127.0.0.1\/acs\/wp-content\/uploads\/2018\/09\/PDF_2018_SETEMBRO_CANDIDATOS-TRIDIG-26.pdf\" target=\"_blank\" rel=\"noopener\">LEIA MAIS&#8230;<\/a><\/p>\n","protected":false},"excerpt":{"rendered":"<p>Fonte: A Tribuna digital&nbsp; O candidato do PSDB ao governo de S\u00e3o Paulo, Jo\u00e3o Doria cumpriu, nesta quarta-feira (26), agenda nas cidades da Baixada Santista e prometeu implantar uma unidade do Batalh\u00e3o de A\u00e7\u00f5es Especiais de Pol\u00edcia (Baep) em Praia Grande. LEIA MAIS&#8230;<\/p>\n","protected":false},"author":1,"featured_media":0,"comment_status":"open","ping_status":"open","sticky":false,"template":"","format":"standard","meta":{"footnotes":""},"categories":[98],"tags":[],"_links":{"self":[{"href":"https:\/\/acs.org.br\/academy\/wp-json\/wp\/v2\/posts\/84193"}],"collection":[{"href":"https:\/\/acs.org.br\/academy\/wp-json\/wp\/v2\/posts"}],"about":[{"href":"https:\/\/acs.org.br\/academy\/wp-json\/wp\/v2\/types\/post"}],"author":[{"embeddable":true,"href":"https:\/\/acs.org.br\/academy\/wp-json\/wp\/v2\/users\/1"}],"replies":[{"embeddable":true,"href":"https:\/\/acs.org.br\/academy\/wp-json\/wp\/v2\/comments?post=84193"}],"version-history":[{"count":0,"href":"https:\/\/acs.org.br\/academy\/wp-json\/wp\/v2\/posts\/84193\/revisions"}],"wp:attachment":[{"href":"https:\/\/acs.org.br\/academy\/wp-json\/wp\/v2\/media?parent=84193"}],"wp:term":[{"taxonomy":"category","embeddable":true,"href":"https:\/\/acs.org.br\/academy\/wp-json\/wp\/v2\/categories?post=84193"},{"taxonomy":"post_tag","embeddable":true,"href":"https:\/\/acs.org.br\/academy\/wp-json\/wp\/v2\/tags?post=84193"}],"curies":[{"name":"wp","href":"https:\/\/api.w.org\/{rel}","templated":true}]}}