{"id":84191,"date":"2018-09-28T00:00:00","date_gmt":"2018-09-28T03:00:00","guid":{"rendered":"http:\/\/127.0.0.1\/acs\/marinho-promete-construir-hospital-em-sao-vicente-a-tribuna-28-09-2018\/"},"modified":"2018-09-28T00:00:00","modified_gmt":"2018-09-28T03:00:00","slug":"marinho-promete-construir-hospital-em-sao-vicente-a-tribuna-28-09-2018","status":"publish","type":"post","link":"https:\/\/acs.org.br\/academy\/marinho-promete-construir-hospital-em-sao-vicente-a-tribuna-28-09-2018\/","title":{"rendered":"Marinho promete construir hospital em S\u00e3o Vicente &#8211; A Tribuna &#8211; 28\/09\/2018"},"content":{"rendered":"<p>Fonte: A Tribuna&nbsp;<\/p>\n<p>O candidato do PT so Governo do Estado, Luiz Marinho, prometeu a constru\u00e7\u00e3o de um hospital em S\u00e3o Vicente, como forma de organizar a sa\u00fade regional e reduzir os indicadores locais de mortalidade infantil &#8211; a maior taxa estadual.<\/p>\n<p><a target=\"_blank\" href=\"http:\/\/127.0.0.1\/acs\/wp-content\/uploads\/2018\/09\/PDF_2018_SETEMBRO_CANDIDATOS-TRI-28.pdf\" rel=\"noopener\">LEIA MAIS&#8230;<\/a><\/p>\n","protected":false},"excerpt":{"rendered":"<p>Fonte: A Tribuna&nbsp; O candidato do PT so Governo do Estado, Luiz Marinho, prometeu a constru\u00e7\u00e3o de um hospital em S\u00e3o Vicente, como forma de organizar a sa\u00fade regional e reduzir os indicadores locais de mortalidade infantil &#8211; a maior taxa estadual. LEIA MAIS&#8230;<\/p>\n","protected":false},"author":1,"featured_media":0,"comment_status":"open","ping_status":"open","sticky":false,"template":"","format":"standard","meta":{"footnotes":""},"categories":[98],"tags":[],"_links":{"self":[{"href":"https:\/\/acs.org.br\/academy\/wp-json\/wp\/v2\/posts\/84191"}],"collection":[{"href":"https:\/\/acs.org.br\/academy\/wp-json\/wp\/v2\/posts"}],"about":[{"href":"https:\/\/acs.org.br\/academy\/wp-json\/wp\/v2\/types\/post"}],"author":[{"embeddable":true,"href":"https:\/\/acs.org.br\/academy\/wp-json\/wp\/v2\/users\/1"}],"replies":[{"embeddable":true,"href":"https:\/\/acs.org.br\/academy\/wp-json\/wp\/v2\/comments?post=84191"}],"version-history":[{"count":0,"href":"https:\/\/acs.org.br\/academy\/wp-json\/wp\/v2\/posts\/84191\/revisions"}],"wp:attachment":[{"href":"https:\/\/acs.org.br\/academy\/wp-json\/wp\/v2\/media?parent=84191"}],"wp:term":[{"taxonomy":"category","embeddable":true,"href":"https:\/\/acs.org.br\/academy\/wp-json\/wp\/v2\/categories?post=84191"},{"taxonomy":"post_tag","embeddable":true,"href":"https:\/\/acs.org.br\/academy\/wp-json\/wp\/v2\/tags?post=84191"}],"curies":[{"name":"wp","href":"https:\/\/api.w.org\/{rel}","templated":true}]}}