{"id":84189,"date":"2018-09-27T00:00:00","date_gmt":"2018-09-27T03:00:00","guid":{"rendered":"http:\/\/127.0.0.1\/acs\/doria-pretende-implantar-o-baep-em-praia-grande-a-tribuna-27092018\/"},"modified":"2018-09-27T00:00:00","modified_gmt":"2018-09-27T03:00:00","slug":"doria-pretende-implantar-o-baep-em-praia-grande-a-tribuna-27092018","status":"publish","type":"post","link":"https:\/\/acs.org.br\/academy\/doria-pretende-implantar-o-baep-em-praia-grande-a-tribuna-27092018\/","title":{"rendered":"Doria pretende implantar o Baep em Praia Grande &#8211; A Tribuna &#8211; 27\/09\/2018"},"content":{"rendered":"<p>Fonte: A Tribuna&nbsp;<\/p>\n<p>O candidato do PSDB ao Governo de S\u00e3o Paulo Jo\u00e3o D\u00f3ria revelou planos de ampliar as a\u00e7\u00f5es de seguran\u00e7a na regi\u00e3o.<\/p>\n<p><a href=\"http:\/\/127.0.0.1\/acs\/wp-content\/uploads\/2018\/09\/PDF_2018_SETEMBRO_CANDIDATOS-TRI-27.pdf\" target=\"_blank\" rel=\"noopener\">LEIA MAIS&#8230;<\/a><\/p>\n","protected":false},"excerpt":{"rendered":"<p>Fonte: A Tribuna&nbsp; O candidato do PSDB ao Governo de S\u00e3o Paulo Jo\u00e3o D\u00f3ria revelou planos de ampliar as a\u00e7\u00f5es de seguran\u00e7a na regi\u00e3o. LEIA MAIS&#8230;<\/p>\n","protected":false},"author":1,"featured_media":0,"comment_status":"open","ping_status":"open","sticky":false,"template":"","format":"standard","meta":{"footnotes":""},"categories":[98],"tags":[],"_links":{"self":[{"href":"https:\/\/acs.org.br\/academy\/wp-json\/wp\/v2\/posts\/84189"}],"collection":[{"href":"https:\/\/acs.org.br\/academy\/wp-json\/wp\/v2\/posts"}],"about":[{"href":"https:\/\/acs.org.br\/academy\/wp-json\/wp\/v2\/types\/post"}],"author":[{"embeddable":true,"href":"https:\/\/acs.org.br\/academy\/wp-json\/wp\/v2\/users\/1"}],"replies":[{"embeddable":true,"href":"https:\/\/acs.org.br\/academy\/wp-json\/wp\/v2\/comments?post=84189"}],"version-history":[{"count":0,"href":"https:\/\/acs.org.br\/academy\/wp-json\/wp\/v2\/posts\/84189\/revisions"}],"wp:attachment":[{"href":"https:\/\/acs.org.br\/academy\/wp-json\/wp\/v2\/media?parent=84189"}],"wp:term":[{"taxonomy":"category","embeddable":true,"href":"https:\/\/acs.org.br\/academy\/wp-json\/wp\/v2\/categories?post=84189"},{"taxonomy":"post_tag","embeddable":true,"href":"https:\/\/acs.org.br\/academy\/wp-json\/wp\/v2\/tags?post=84189"}],"curies":[{"name":"wp","href":"https:\/\/api.w.org\/{rel}","templated":true}]}}