{"id":84187,"date":"2018-09-26T00:00:00","date_gmt":"2018-09-26T03:00:00","guid":{"rendered":"http:\/\/127.0.0.1\/acs\/doria-quer-implantar-baep-em-praia-grande-criar-deic-regional-e-modernizar-o-porto-de-santos\/"},"modified":"2018-09-26T00:00:00","modified_gmt":"2018-09-26T03:00:00","slug":"doria-quer-implantar-baep-em-praia-grande-criar-deic-regional-e-modernizar-o-porto-de-santos","status":"publish","type":"post","link":"https:\/\/acs.org.br\/academy\/doria-quer-implantar-baep-em-praia-grande-criar-deic-regional-e-modernizar-o-porto-de-santos\/","title":{"rendered":"Doria quer implantar Baep em Praia Grande, criar Deic regional e modernizar o Porto de Santos"},"content":{"rendered":"<p>Fonte: G1 Santos<\/p>\n<p>O candidato do PSDB ao Governo do Estado de S\u00e3o Paulo, Jo\u00e3o Doria Jr., fez campanha nesta quarta-feira (26), na cidade de Santos, no litoral paulista, e afirmou que, se for eleito, vai evoluir em processos de privatiza\u00e7\u00e3o de alguns setores do cais santista e implantar uma unidade do Batalh\u00e3o de A\u00e7\u00f5es Especiais de Pol\u00edcia (Baep) em Praia Grande.<\/p>\n<p><a href=\"http:\/\/127.0.0.1\/acs\/wp-content\/uploads\/2018\/09\/PDF_2018_SETEMBRO_CANDIDATOS-G1STS-26.pdf\" target=\"_blank\" rel=\"noopener\">LEIA MAIS&#8230;<\/a><\/p>\n","protected":false},"excerpt":{"rendered":"<p>Fonte: G1 Santos O candidato do PSDB ao Governo do Estado de S\u00e3o Paulo, Jo\u00e3o Doria Jr., fez campanha nesta quarta-feira (26), na cidade de Santos, no litoral paulista, e afirmou que, se for eleito, vai evoluir em processos de privatiza\u00e7\u00e3o de alguns setores do cais santista e implantar uma unidade do Batalh\u00e3o de A\u00e7\u00f5es [&hellip;]<\/p>\n","protected":false},"author":1,"featured_media":0,"comment_status":"open","ping_status":"open","sticky":false,"template":"","format":"standard","meta":{"footnotes":""},"categories":[98],"tags":[],"_links":{"self":[{"href":"https:\/\/acs.org.br\/academy\/wp-json\/wp\/v2\/posts\/84187"}],"collection":[{"href":"https:\/\/acs.org.br\/academy\/wp-json\/wp\/v2\/posts"}],"about":[{"href":"https:\/\/acs.org.br\/academy\/wp-json\/wp\/v2\/types\/post"}],"author":[{"embeddable":true,"href":"https:\/\/acs.org.br\/academy\/wp-json\/wp\/v2\/users\/1"}],"replies":[{"embeddable":true,"href":"https:\/\/acs.org.br\/academy\/wp-json\/wp\/v2\/comments?post=84187"}],"version-history":[{"count":0,"href":"https:\/\/acs.org.br\/academy\/wp-json\/wp\/v2\/posts\/84187\/revisions"}],"wp:attachment":[{"href":"https:\/\/acs.org.br\/academy\/wp-json\/wp\/v2\/media?parent=84187"}],"wp:term":[{"taxonomy":"category","embeddable":true,"href":"https:\/\/acs.org.br\/academy\/wp-json\/wp\/v2\/categories?post=84187"},{"taxonomy":"post_tag","embeddable":true,"href":"https:\/\/acs.org.br\/academy\/wp-json\/wp\/v2\/tags?post=84187"}],"curies":[{"name":"wp","href":"https:\/\/api.w.org\/{rel}","templated":true}]}}