{"id":84177,"date":"2018-09-11T00:00:00","date_gmt":"2018-09-11T03:00:00","guid":{"rendered":"http:\/\/127.0.0.1\/acs\/associacao-comercial-de-santos-oferece-curso-de-barista-rede-peabirus-11-09-2018\/"},"modified":"2018-09-11T00:00:00","modified_gmt":"2018-09-11T03:00:00","slug":"associacao-comercial-de-santos-oferece-curso-de-barista-rede-peabirus-11-09-2018","status":"publish","type":"post","link":"https:\/\/acs.org.br\/academy\/associacao-comercial-de-santos-oferece-curso-de-barista-rede-peabirus-11-09-2018\/","title":{"rendered":"Associa\u00e7\u00e3o Comercial de Santos oferece curso de barista &#8211; Rede Peabirus &#8211; 11\/09\/2018"},"content":{"rendered":"<p>Fonte: Rede Peabirus&nbsp;<\/p>\n<p>A Associa\u00e7\u00e3o Comercial de Santos (ACS), por meio de seu grupo de jovens, em parceria com a Wolthers Caf\u00e9, Rei do Caf\u00e9 e Tereziano Caf\u00e9, est\u00e1 com inscri\u00e7\u00f5es abertas para curso de barista.<\/p>\n<p><a target=\"_blank\" href=\"http:\/\/127.0.0.1\/acs\/wp-content\/uploads\/2018\/09\/PDF_2018_SETEMBRO_BARISTA-PEABIRUS-11.pdf\" rel=\"noopener\">LEIA MAIS&#8230;<\/a><\/p>\n<p>\u00a0<\/p>\n<p>\u00a0<\/p>\n","protected":false},"excerpt":{"rendered":"<p>Fonte: Rede Peabirus&nbsp; A Associa\u00e7\u00e3o Comercial de Santos (ACS), por meio de seu grupo de jovens, em parceria com a Wolthers Caf\u00e9, Rei do Caf\u00e9 e Tereziano Caf\u00e9, est\u00e1 com inscri\u00e7\u00f5es abertas para curso de barista. LEIA MAIS&#8230; \u00a0 \u00a0<\/p>\n","protected":false},"author":1,"featured_media":0,"comment_status":"open","ping_status":"open","sticky":false,"template":"","format":"standard","meta":{"footnotes":""},"categories":[98],"tags":[],"_links":{"self":[{"href":"https:\/\/acs.org.br\/academy\/wp-json\/wp\/v2\/posts\/84177"}],"collection":[{"href":"https:\/\/acs.org.br\/academy\/wp-json\/wp\/v2\/posts"}],"about":[{"href":"https:\/\/acs.org.br\/academy\/wp-json\/wp\/v2\/types\/post"}],"author":[{"embeddable":true,"href":"https:\/\/acs.org.br\/academy\/wp-json\/wp\/v2\/users\/1"}],"replies":[{"embeddable":true,"href":"https:\/\/acs.org.br\/academy\/wp-json\/wp\/v2\/comments?post=84177"}],"version-history":[{"count":0,"href":"https:\/\/acs.org.br\/academy\/wp-json\/wp\/v2\/posts\/84177\/revisions"}],"wp:attachment":[{"href":"https:\/\/acs.org.br\/academy\/wp-json\/wp\/v2\/media?parent=84177"}],"wp:term":[{"taxonomy":"category","embeddable":true,"href":"https:\/\/acs.org.br\/academy\/wp-json\/wp\/v2\/categories?post=84177"},{"taxonomy":"post_tag","embeddable":true,"href":"https:\/\/acs.org.br\/academy\/wp-json\/wp\/v2\/tags?post=84177"}],"curies":[{"name":"wp","href":"https:\/\/api.w.org\/{rel}","templated":true}]}}