{"id":84169,"date":"2018-09-12T00:00:00","date_gmt":"2018-09-12T03:00:00","guid":{"rendered":"http:\/\/127.0.0.1\/acs\/mercado-regional-portos-40-a-tribuna-12092018\/"},"modified":"2018-09-12T00:00:00","modified_gmt":"2018-09-12T03:00:00","slug":"mercado-regional-portos-40-a-tribuna-12092018","status":"publish","type":"post","link":"https:\/\/acs.org.br\/academy\/mercado-regional-portos-40-a-tribuna-12092018\/","title":{"rendered":"Mercado Regional &#8211; Portos 4.0 &#8211; A Tribuna &#8211; 12\/09\/2018"},"content":{"rendered":"<p>Fonte: A Tribuna&nbsp;<\/p>\n<p>O desenvolvimento tecnol\u00f3gico das empresas dos setores portu\u00e1rio e de transportes ser\u00e1 debatido no semin\u00e1rio Log\u00edstica &amp; Portos 4.0, a ser realizado na sexta-feira, das 8 horas \u00e0s 18h30, no audit\u00f3rio da Associa\u00e7\u00e3o Comercial de Santos.<\/p>\n<p><a href=\"http:\/\/127.0.0.1\/acs\/wp-content\/uploads\/2018\/09\/PDF_2018_SETEMBRO_LOGISTICA-TRI-12.pdf\" target=\"_blank\" rel=\"noopener\">LEIA MAIS&#8230;<\/a><\/p>\n","protected":false},"excerpt":{"rendered":"<p>Fonte: A Tribuna&nbsp; O desenvolvimento tecnol\u00f3gico das empresas dos setores portu\u00e1rio e de transportes ser\u00e1 debatido no semin\u00e1rio Log\u00edstica &amp; Portos 4.0, a ser realizado na sexta-feira, das 8 horas \u00e0s 18h30, no audit\u00f3rio da Associa\u00e7\u00e3o Comercial de Santos. LEIA MAIS&#8230;<\/p>\n","protected":false},"author":1,"featured_media":0,"comment_status":"open","ping_status":"open","sticky":false,"template":"","format":"standard","meta":{"footnotes":""},"categories":[98],"tags":[],"_links":{"self":[{"href":"https:\/\/acs.org.br\/academy\/wp-json\/wp\/v2\/posts\/84169"}],"collection":[{"href":"https:\/\/acs.org.br\/academy\/wp-json\/wp\/v2\/posts"}],"about":[{"href":"https:\/\/acs.org.br\/academy\/wp-json\/wp\/v2\/types\/post"}],"author":[{"embeddable":true,"href":"https:\/\/acs.org.br\/academy\/wp-json\/wp\/v2\/users\/1"}],"replies":[{"embeddable":true,"href":"https:\/\/acs.org.br\/academy\/wp-json\/wp\/v2\/comments?post=84169"}],"version-history":[{"count":0,"href":"https:\/\/acs.org.br\/academy\/wp-json\/wp\/v2\/posts\/84169\/revisions"}],"wp:attachment":[{"href":"https:\/\/acs.org.br\/academy\/wp-json\/wp\/v2\/media?parent=84169"}],"wp:term":[{"taxonomy":"category","embeddable":true,"href":"https:\/\/acs.org.br\/academy\/wp-json\/wp\/v2\/categories?post=84169"},{"taxonomy":"post_tag","embeddable":true,"href":"https:\/\/acs.org.br\/academy\/wp-json\/wp\/v2\/tags?post=84169"}],"curies":[{"name":"wp","href":"https:\/\/api.w.org\/{rel}","templated":true}]}}