{"id":84163,"date":"2018-09-07T00:00:00","date_gmt":"2018-09-07T03:00:00","guid":{"rendered":"http:\/\/127.0.0.1\/acs\/curso-de-barista-em-santos-abre-inscricoes-jornal-da-orla-07-09-2018\/"},"modified":"2018-09-07T00:00:00","modified_gmt":"2018-09-07T03:00:00","slug":"curso-de-barista-em-santos-abre-inscricoes-jornal-da-orla-07-09-2018","status":"publish","type":"post","link":"https:\/\/acs.org.br\/academy\/curso-de-barista-em-santos-abre-inscricoes-jornal-da-orla-07-09-2018\/","title":{"rendered":"Curso de barista em Santos abre inscri\u00e7\u00f5es &#8211; Jornal da Orla &#8211; 07\/09\/2018"},"content":{"rendered":"<p>Fonte: Jornal da Orla<\/p>\n<p>O grupo de jovens da Associa\u00e7\u00e3o Comercial de Santos \u2013 ACS Jovem \u2013 oferece, em parceria a Wolthers Caf\u00e9, Rei do Caf\u00e9 e Tereziano Caf\u00e9, o curso de barista, que formar\u00e1 especialistas no preparo de caf\u00e9s de alta qualidade.<\/p>\n<p><a target=\"_blank\" href=\"http:\/\/127.0.0.1\/acs\/wp-content\/uploads\/2018\/09\/PDF_2018_SETEMBRO_BARISTA-ORLA-07.pdf\" rel=\"noopener\">LEIA MAIS&#8230;<\/a><\/p>\n<p>\u00a0<\/p>\n","protected":false},"excerpt":{"rendered":"<p>Fonte: Jornal da Orla O grupo de jovens da Associa\u00e7\u00e3o Comercial de Santos \u2013 ACS Jovem \u2013 oferece, em parceria a Wolthers Caf\u00e9, Rei do Caf\u00e9 e Tereziano Caf\u00e9, o curso de barista, que formar\u00e1 especialistas no preparo de caf\u00e9s de alta qualidade. LEIA MAIS&#8230; \u00a0<\/p>\n","protected":false},"author":1,"featured_media":0,"comment_status":"open","ping_status":"open","sticky":false,"template":"","format":"standard","meta":{"footnotes":""},"categories":[98],"tags":[],"_links":{"self":[{"href":"https:\/\/acs.org.br\/academy\/wp-json\/wp\/v2\/posts\/84163"}],"collection":[{"href":"https:\/\/acs.org.br\/academy\/wp-json\/wp\/v2\/posts"}],"about":[{"href":"https:\/\/acs.org.br\/academy\/wp-json\/wp\/v2\/types\/post"}],"author":[{"embeddable":true,"href":"https:\/\/acs.org.br\/academy\/wp-json\/wp\/v2\/users\/1"}],"replies":[{"embeddable":true,"href":"https:\/\/acs.org.br\/academy\/wp-json\/wp\/v2\/comments?post=84163"}],"version-history":[{"count":0,"href":"https:\/\/acs.org.br\/academy\/wp-json\/wp\/v2\/posts\/84163\/revisions"}],"wp:attachment":[{"href":"https:\/\/acs.org.br\/academy\/wp-json\/wp\/v2\/media?parent=84163"}],"wp:term":[{"taxonomy":"category","embeddable":true,"href":"https:\/\/acs.org.br\/academy\/wp-json\/wp\/v2\/categories?post=84163"},{"taxonomy":"post_tag","embeddable":true,"href":"https:\/\/acs.org.br\/academy\/wp-json\/wp\/v2\/tags?post=84163"}],"curies":[{"name":"wp","href":"https:\/\/api.w.org\/{rel}","templated":true}]}}