{"id":84139,"date":"2018-09-27T16:34:55","date_gmt":"2018-09-27T19:34:55","guid":{"rendered":"http:\/\/127.0.0.1\/acs\/luiz-marinho\/"},"modified":"2018-09-27T16:34:55","modified_gmt":"2018-09-27T19:34:55","slug":"luiz-marinho","status":"publish","type":"post","link":"https:\/\/acs.org.br\/academy\/luiz-marinho\/","title":{"rendered":"Candidatos 2018 na ACS &#8211;  Luiz Marinho promete eliminar palafitas e construir novo hospital regional na Baixada Santista"},"content":{"rendered":"<p>Fonte: Assessoria de imprensa ACS<\/p>\n<p>O candidato do PT ao governo do Estado de S\u00e3o Paulo, Luiz Marinho, foi o terceiro a participar, na manh\u00e3 desta quinta-feira (27), do ciclo de palestras que a Associa\u00e7\u00e3o Comercial de Santos (ACS) e o Grupo Tribuna promovem com os principais postulantes ao Governo do Estado e \u00e0 Presid\u00eancia da Rep\u00fablica. Em sua palestra, ele disse que, se eleito, eliminar\u00e1 as palafitas e construir\u00e1 um novo hospital regional na Baixada Santista.<\/p>\n<\/p>\n<p><img loading=\"lazy\" decoding=\"async\" class=\" size-full wp-image-84132\" src=\"http:\/\/127.0.0.1\/acs\/wp-content\/uploads\/2018\/09\/WEB_2018_SETEMBRO_MARINHO-W_MARINHO_0066.jpg\" width=\"570\" height=\"428\" srcset=\"https:\/\/acs.org.br\/academy\/wp-content\/uploads\/2018\/09\/WEB_2018_SETEMBRO_MARINHO-W_MARINHO_0066.jpg 570w, https:\/\/acs.org.br\/academy\/wp-content\/uploads\/2018\/09\/WEB_2018_SETEMBRO_MARINHO-W_MARINHO_0066-300x225.jpg 300w\" sizes=\"(max-width: 570px) 100vw, 570px\" \/>&nbsp;<\/p>\n<p>Assim que chegou \u00e0 ACS, o candidato foi recebido pelo presidente Roberto Clemente Santini, que apresentou a Marinho a Sala do Certificado de Origem e a sala da presid\u00eancia, onde est\u00e3o dois quadros do pintor Benedito Calixto. Em seguida, ele foi levado ao audit\u00f3rio, onde assistiu o v\u00eddeo institucional da Casa.<\/p>\n<p><img loading=\"lazy\" decoding=\"async\" class=\" size-full wp-image-84133\" src=\"http:\/\/127.0.0.1\/acs\/wp-content\/uploads\/2018\/09\/WEB_2018_SETEMBRO_MARINHO-W_MARINHO_0018.jpg\" width=\"570\" height=\"389\" srcset=\"https:\/\/acs.org.br\/academy\/wp-content\/uploads\/2018\/09\/WEB_2018_SETEMBRO_MARINHO-W_MARINHO_0018.jpg 570w, https:\/\/acs.org.br\/academy\/wp-content\/uploads\/2018\/09\/WEB_2018_SETEMBRO_MARINHO-W_MARINHO_0018-300x205.jpg 300w\" sizes=\"(max-width: 570px) 100vw, 570px\" \/>&nbsp;<\/p>\n<p><img loading=\"lazy\" decoding=\"async\" class=\" size-full wp-image-84134\" src=\"http:\/\/127.0.0.1\/acs\/wp-content\/uploads\/2018\/09\/WEB_2018_SETEMBRO_MARINHO-W_MARINHO_0032.jpg\" width=\"570\" height=\"428\" srcset=\"https:\/\/acs.org.br\/academy\/wp-content\/uploads\/2018\/09\/WEB_2018_SETEMBRO_MARINHO-W_MARINHO_0032.jpg 570w, https:\/\/acs.org.br\/academy\/wp-content\/uploads\/2018\/09\/WEB_2018_SETEMBRO_MARINHO-W_MARINHO_0032-300x225.jpg 300w\" sizes=\"(max-width: 570px) 100vw, 570px\" \/><\/p>\n<p><img loading=\"lazy\" decoding=\"async\" class=\" size-full wp-image-84135\" src=\"http:\/\/127.0.0.1\/acs\/wp-content\/uploads\/2018\/09\/WEB_2018_SETEMBRO_MARINHO-W_MARINHO_0045.jpg\" width=\"570\" height=\"428\" srcset=\"https:\/\/acs.org.br\/academy\/wp-content\/uploads\/2018\/09\/WEB_2018_SETEMBRO_MARINHO-W_MARINHO_0045.jpg 570w, https:\/\/acs.org.br\/academy\/wp-content\/uploads\/2018\/09\/WEB_2018_SETEMBRO_MARINHO-W_MARINHO_0045-300x225.jpg 300w\" sizes=\"(max-width: 570px) 100vw, 570px\" \/><\/p>\n<p>J\u00e1 no in\u00edcio de sua apresenta\u00e7\u00e3o, Marinho destacou que tem planos nas \u00e1reas de moradia e sa\u00fade para a Baixada Santista.<\/p>\n<p><img loading=\"lazy\" decoding=\"async\" class=\" size-full wp-image-84136\" src=\"http:\/\/127.0.0.1\/acs\/wp-content\/uploads\/2018\/09\/WEB_2018_SETEMBRO_MARINHO-W_MARINHO_0059.jpg\" width=\"570\" height=\"428\" srcset=\"https:\/\/acs.org.br\/academy\/wp-content\/uploads\/2018\/09\/WEB_2018_SETEMBRO_MARINHO-W_MARINHO_0059.jpg 570w, https:\/\/acs.org.br\/academy\/wp-content\/uploads\/2018\/09\/WEB_2018_SETEMBRO_MARINHO-W_MARINHO_0059-300x225.jpg 300w\" sizes=\"(max-width: 570px) 100vw, 570px\" \/><\/p>\n<p>\u201cVou chamar os prefeitos para juntos enfrentarmos esse dilema e tirar as pessoas dessa condi\u00e7\u00e3o subhumana de sobreviv\u00eancia, eliminando as palafitas. Al\u00e9m disso, Santos tem um hospital estadual que atende 50% da sua capacidade instalada. Por que ainda n\u00e3o foi constru\u00eddo um novo hospital? Iremos construir um hospital para organizar a sa\u00fade regional e reduzir os indicadores de mortalidade infantil \u2013 a maior taxa estadual \u00e9 registrada na Baixada Santista\u201d.<\/p>\n<p><img loading=\"lazy\" decoding=\"async\" class=\" size-full wp-image-84137\" src=\"http:\/\/127.0.0.1\/acs\/wp-content\/uploads\/2018\/09\/WEB_2018_SETEMBRO_MARINHO-W_MARINHO_0064.jpg\" width=\"570\" height=\"428\" srcset=\"https:\/\/acs.org.br\/academy\/wp-content\/uploads\/2018\/09\/WEB_2018_SETEMBRO_MARINHO-W_MARINHO_0064.jpg 570w, https:\/\/acs.org.br\/academy\/wp-content\/uploads\/2018\/09\/WEB_2018_SETEMBRO_MARINHO-W_MARINHO_0064-300x225.jpg 300w\" sizes=\"(max-width: 570px) 100vw, 570px\" \/>&nbsp;<\/p>\n<p>Outra quest\u00e3o que o candidato avaliou como s\u00e9ria na regi\u00e3o \u00e9 a da seguran\u00e7a p\u00fablica.<\/p>\n<p>\u201cA cada 10 ocorr\u00eancias, uma \u00e9 investigada na Baixada Santista. Por isso, vamos reestruturar as pol\u00edcias civil e militar e criar uma for\u00e7a tarefa em S\u00e3o Paulo, para combater o crime, chamando o judici\u00e1rio e a sociedade civil organizada\u201d.<\/p>\n<p>A necessidade da constru\u00e7\u00e3o de uma liga\u00e7\u00e3o seca entre Santos e Guaruj\u00e1 tamb\u00e9m foi lembrada por Marinho que garantiu que, se eleito, esse projeto sair\u00e1 do papel.<\/p>\n<p>\u201cN\u00f3s vamos tirar do papel e realizar essa obra. Chega de estudar, j\u00e1 estudaram bastante. Se eu entrar, vou cumprir essa promessa\u201d.<\/p>\n<p>Voltando \u00e0 \u00e1rea da sa\u00fade, o candidato disse que aumentar\u00e1 o n\u00famero de vagas para consultas com especialistas pelo SUS.<\/p>\n<p>\u201cN\u00e3o adianta fazer exame e n\u00e3o conseguir um especialista depois. Esse encaminhamento deve ser feito imediatamente\u201d.<\/p>\n<p><strong>Porto<\/strong><\/p>\n<p>Entre os planos do candidato para o Porto de Santos est\u00e1 tornar a gest\u00e3o compartilhada, diferentemente do que ocorre atualmente, j\u00e1 que o Porto de Santos \u00e9 Administrado pela Companhia Docas do Estado de S\u00e3o Paulo &#8211; Codesp, controlada pelo Governo Federal.<\/p>\n<p>\u201cSomarei esfor\u00e7os para ter gest\u00e3o partilhada. Precisamos democratizar a gest\u00e3o do Porto de Santos e dar mais efici\u00eancia\u201d.<\/p>\n<p><img loading=\"lazy\" decoding=\"async\" class=\" size-full wp-image-84138\" src=\"http:\/\/127.0.0.1\/acs\/wp-content\/uploads\/2018\/09\/WEB_2018_SETEMBRO_MARINHO-W_MARINHO_0068.jpg\" width=\"570\" height=\"428\" srcset=\"https:\/\/acs.org.br\/academy\/wp-content\/uploads\/2018\/09\/WEB_2018_SETEMBRO_MARINHO-W_MARINHO_0068.jpg 570w, https:\/\/acs.org.br\/academy\/wp-content\/uploads\/2018\/09\/WEB_2018_SETEMBRO_MARINHO-W_MARINHO_0068-300x225.jpg 300w\" sizes=\"(max-width: 570px) 100vw, 570px\" \/><\/p>\n<p><strong>Confira trecho da apresenta\u00e7\u00e3o, clicando <a target=\"_blank\" href=\"https:\/\/bit.ly\/2NJuFDn\" rel=\"noopener\">AQUI.<\/a><\/strong><\/p>\n<p>\u00a0<\/p><\/p>\n","protected":false},"excerpt":{"rendered":"<p>Fonte: Assessoria de imprensa ACS O candidato do PT ao governo do Estado de S\u00e3o Paulo, Luiz Marinho, foi o terceiro a participar, na manh\u00e3 desta quinta-feira (27), do ciclo de palestras que a Associa\u00e7\u00e3o Comercial de Santos (ACS) e o Grupo Tribuna promovem com os principais postulantes ao Governo do Estado e \u00e0 Presid\u00eancia [&hellip;]<\/p>\n","protected":false},"author":1,"featured_media":84131,"comment_status":"open","ping_status":"open","sticky":false,"template":"","format":"standard","meta":{"footnotes":""},"categories":[84],"tags":[],"_links":{"self":[{"href":"https:\/\/acs.org.br\/academy\/wp-json\/wp\/v2\/posts\/84139"}],"collection":[{"href":"https:\/\/acs.org.br\/academy\/wp-json\/wp\/v2\/posts"}],"about":[{"href":"https:\/\/acs.org.br\/academy\/wp-json\/wp\/v2\/types\/post"}],"author":[{"embeddable":true,"href":"https:\/\/acs.org.br\/academy\/wp-json\/wp\/v2\/users\/1"}],"replies":[{"embeddable":true,"href":"https:\/\/acs.org.br\/academy\/wp-json\/wp\/v2\/comments?post=84139"}],"version-history":[{"count":0,"href":"https:\/\/acs.org.br\/academy\/wp-json\/wp\/v2\/posts\/84139\/revisions"}],"wp:featuredmedia":[{"embeddable":true,"href":"https:\/\/acs.org.br\/academy\/wp-json\/wp\/v2\/media\/84131"}],"wp:attachment":[{"href":"https:\/\/acs.org.br\/academy\/wp-json\/wp\/v2\/media?parent=84139"}],"wp:term":[{"taxonomy":"category","embeddable":true,"href":"https:\/\/acs.org.br\/academy\/wp-json\/wp\/v2\/categories?post=84139"},{"taxonomy":"post_tag","embeddable":true,"href":"https:\/\/acs.org.br\/academy\/wp-json\/wp\/v2\/tags?post=84139"}],"curies":[{"name":"wp","href":"https:\/\/api.w.org\/{rel}","templated":true}]}}