{"id":84124,"date":"2018-09-27T14:10:26","date_gmt":"2018-09-27T17:10:26","guid":{"rendered":"http:\/\/127.0.0.1\/acs\/associacao-comercial-de-santos-jovem-comemora-10-anos-com-cerimonia-e-palestra\/"},"modified":"2018-09-27T14:10:26","modified_gmt":"2018-09-27T17:10:26","slug":"associacao-comercial-de-santos-jovem-comemora-10-anos-com-cerimonia-e-palestra","status":"publish","type":"post","link":"https:\/\/acs.org.br\/academy\/associacao-comercial-de-santos-jovem-comemora-10-anos-com-cerimonia-e-palestra\/","title":{"rendered":"Associa\u00e7\u00e3o Comercial de Santos Jovem comemora 10 anos com cerim\u00f4nia e palestra"},"content":{"rendered":"<p align=\"center\" style=\"text-align: left;\">Fonte: Assessoria de imprensa ACS<\/p>\n<p>O grupo de jovens da Associa\u00e7\u00e3o Comercial De Santos (ACS Jovem) comemorou nesta ter\u00e7a-feira (25) 10 anos de sua cria\u00e7\u00e3o, com uma cerim\u00f4nia, seguida de palestra com o presidente da MSC, Elber Alves Justo, que falou sobre sua trajet\u00f3ria profissional.<\/p>\n<\/p>\n<p>O evento foi realizado a partir das 18 horas, no audit\u00f3rio da Casa. A ex-coordenadora da ACS Jovem, Tatiane Martins, foi a mestre da cerim\u00f4nia e abriu a noite falando um pouco sobre as fun\u00e7\u00f5es do grupo.<\/p>\n<p><img loading=\"lazy\" decoding=\"async\" class=\" size-full wp-image-84118\" src=\"http:\/\/127.0.0.1\/acs\/wp-content\/uploads\/2018\/09\/WEB_2018_SETEMBRO_JOVEM-W_JOVEM-016.JPG\" width=\"570\" height=\"401\" srcset=\"https:\/\/acs.org.br\/academy\/wp-content\/uploads\/2018\/09\/WEB_2018_SETEMBRO_JOVEM-W_JOVEM-016.JPG 570w, https:\/\/acs.org.br\/academy\/wp-content\/uploads\/2018\/09\/WEB_2018_SETEMBRO_JOVEM-W_JOVEM-016-300x211.jpg 300w\" sizes=\"(max-width: 570px) 100vw, 570px\" \/><\/p>\n<p>\u201cEm 1 de julho de 2008 foi fundado o n\u00facleo de jovens empreendedores, a ACS Jovem, que tem como miss\u00e3o promover a integra\u00e7\u00e3o e a participa\u00e7\u00e3o dos associados em rela\u00e7\u00e3o \u00e0 economia local, visando o incentivo e o fortalecimento do empreendedorismo\u201d.<\/p>\n<p>Na sequ\u00eancia, ela convidou para compor a mesa o diretor-executivo da ACS, Marcio Calves, representando o presidente Roberto Clemente Santini; Marcelo Teixeira Filho, atual coordenador da ACS Jovem; Gustavo Pierotti, diretor da ACS; e o palestrante da noite, Elber Alves Justo, da MSC.<\/p>\n<p>O primeiro a falar foi Marcio Calves, que cumprimentou o grupo em nome do presidente Santini e passou a palavra a Pierotti, ex- coordenador da ACS Jovem.<\/p>\n<p><img loading=\"lazy\" decoding=\"async\" class=\" size-full wp-image-84119\" src=\"http:\/\/127.0.0.1\/acs\/wp-content\/uploads\/2018\/09\/WEB_2018_SETEMBRO_JOVEM-W_JOVEM-020.JPG\" width=\"570\" height=\"428\" srcset=\"https:\/\/acs.org.br\/academy\/wp-content\/uploads\/2018\/09\/WEB_2018_SETEMBRO_JOVEM-W_JOVEM-020.JPG 570w, https:\/\/acs.org.br\/academy\/wp-content\/uploads\/2018\/09\/WEB_2018_SETEMBRO_JOVEM-W_JOVEM-020-300x225.jpg 300w\" sizes=\"(max-width: 570px) 100vw, 570px\" \/><\/p>\n<p>Em sua fala, Pierotti lembrou seu per\u00edodo como coordenador e ressaltou a import\u00e2ncia do n\u00facleo de jovens.&nbsp; \u201cFico feliz em ver companheiros antigos, com quem tive a honra de atuar na minha \u00e9poca de ACS Jovem. Agrade\u00e7o a todos, foi um prazer fazer parte desse grupo t\u00e3o importante. Que venham muitos mais anivers\u00e1rios\u201d.<\/p>\n<p>O atual coordenador, Marcelo Teixeira Filho, finalizou a cerim\u00f4nia ressaltando que esses 10 anos de ACS Jovem foram importantes n\u00e3o s\u00f3 para s\u00f3cios da Casa, mas para toda a cidade de Santos.<\/p>\n<p><img loading=\"lazy\" decoding=\"async\" class=\" size-full wp-image-84120\" src=\"http:\/\/127.0.0.1\/acs\/wp-content\/uploads\/2018\/09\/WEB_2018_SETEMBRO_JOVEM-W_JOVEM-028.JPG\" width=\"570\" height=\"400\" srcset=\"https:\/\/acs.org.br\/academy\/wp-content\/uploads\/2018\/09\/WEB_2018_SETEMBRO_JOVEM-W_JOVEM-028.JPG 570w, https:\/\/acs.org.br\/academy\/wp-content\/uploads\/2018\/09\/WEB_2018_SETEMBRO_JOVEM-W_JOVEM-028-300x211.jpg 300w\" sizes=\"(max-width: 570px) 100vw, 570px\" \/><\/p>\n<p>\u201c\u00c9 um marco esses 10 anos do grupo para todos os jovens, para a ACS e para a Cidade, pois aqui discutimos o empreendedorismo, essencial para gera\u00e7\u00e3o de empregos e para fomentar a economia. \u00c9 um orgulho ser coordenador desse grupo\u201d.<\/p>\n<p>Ele aproveitou a oportunidade para entregar aos nove coordenadores da ACS Jovem uma placa de reconhecimento pela gest\u00e3o de cada um.<\/p>\n<p><img loading=\"lazy\" decoding=\"async\" class=\" size-full wp-image-84121\" src=\"http:\/\/127.0.0.1\/acs\/wp-content\/uploads\/2018\/09\/WEB_2018_SETEMBRO_JOVEM-W_JOVEM-056.JPG\" width=\"570\" height=\"428\" srcset=\"https:\/\/acs.org.br\/academy\/wp-content\/uploads\/2018\/09\/WEB_2018_SETEMBRO_JOVEM-W_JOVEM-056.JPG 570w, https:\/\/acs.org.br\/academy\/wp-content\/uploads\/2018\/09\/WEB_2018_SETEMBRO_JOVEM-W_JOVEM-056-300x225.jpg 300w\" sizes=\"(max-width: 570px) 100vw, 570px\" \/><\/p>\n<p><b> <\/b><\/p>\n<p><b>Palestra<\/b><\/p>\n<p>O evento contou ainda com a palestra do presidente da MSC, Elber Alves Justo, que apresentou sua trajet\u00f3ria profissional, principalmente dentro da MSC.<\/p>\n<p><img loading=\"lazy\" decoding=\"async\" class=\" size-full wp-image-84122\" src=\"http:\/\/127.0.0.1\/acs\/wp-content\/uploads\/2018\/09\/WEB_2018_SETEMBRO_JOVEM-W_JOVEM-062.JPG\" width=\"570\" height=\"415\" srcset=\"https:\/\/acs.org.br\/academy\/wp-content\/uploads\/2018\/09\/WEB_2018_SETEMBRO_JOVEM-W_JOVEM-062.JPG 570w, https:\/\/acs.org.br\/academy\/wp-content\/uploads\/2018\/09\/WEB_2018_SETEMBRO_JOVEM-W_JOVEM-062-300x218.jpg 300w\" sizes=\"(max-width: 570px) 100vw, 570px\" \/><\/p>\n<p>\u201cA MSC chegou no Brasil em 1997, quando eu estava formado e tinha experi\u00eancia de cinco anos trabalhando no cais do Porto. Comecei l\u00e1 como assistente de opera\u00e7\u00f5es, depois fui para planejamento de navios, para&nbsp; avarias, gerente de opera\u00e7\u00f5es e gerente comercial. Viajei mais de 25 pa\u00edses. Como gestor, nessa fun\u00e7\u00e3o, precisei adquirir habilidades novas. Fiz cursos, p\u00f3s-gradua\u00e7\u00e3o em log\u00edstica na B\u00e9lgica, estudei italiano, j\u00e1 que a empresa tem origem italiana. Depois, me tornei diretor comercial, at\u00e9 que, em 2008, fui promovido a presidente\u201d.<\/p>\n<p>Segundo ele, independentemente do cargo que voc\u00ea ocupa, \u00e9 importante entender suas falhas e o que \u00e9 preciso aprender para se tornar um profissional melhor.<\/p>\n<p>\u201cAcho que a grande li\u00e7\u00e3o \u00e9 que se preocupar com seu nome, sua conduta, \u00e9tica e honestidade, ter uma preocupa\u00e7\u00e3o maior do que as fun\u00e7\u00f5es e as posi\u00e7\u00f5es que voc\u00ea ocupa naquele momento, tentar manter a coer\u00eancia independentemente do trabalho feito\u201d.<\/p>\n<p>Para ele, a atual crise pela qual passa o Brasil deve servir como motiva\u00e7\u00e3o para quem est\u00e1 come\u00e7ando.<\/p>\n<p>\u201cHoje o cen\u00e1rio n\u00e3o \u00e9 muito diferente de quando comecei, em 1993, antes do Plano Real. E esse cen\u00e1rio deve servir como motiva\u00e7\u00e3o. Ele traz a obriga\u00e7\u00e3o para cada um fazer mais, buscar novas oportunidades e fazer um Brasil melhor\u201d.<\/p>\n<p><img loading=\"lazy\" decoding=\"async\" class=\" size-full wp-image-84123\" src=\"http:\/\/127.0.0.1\/acs\/wp-content\/uploads\/2018\/09\/WEB_2018_SETEMBRO_JOVEM-W_JOVEM-025.JPG\" width=\"570\" height=\"428\" srcset=\"https:\/\/acs.org.br\/academy\/wp-content\/uploads\/2018\/09\/WEB_2018_SETEMBRO_JOVEM-W_JOVEM-025.JPG 570w, https:\/\/acs.org.br\/academy\/wp-content\/uploads\/2018\/09\/WEB_2018_SETEMBRO_JOVEM-W_JOVEM-025-300x225.jpg 300w\" sizes=\"(max-width: 570px) 100vw, 570px\" \/><\/p>\n","protected":false},"excerpt":{"rendered":"<p>Fonte: Assessoria de imprensa ACS O grupo de jovens da Associa\u00e7\u00e3o Comercial De Santos (ACS Jovem) comemorou nesta ter\u00e7a-feira (25) 10 anos de sua cria\u00e7\u00e3o, com uma cerim\u00f4nia, seguida de palestra com o presidente da MSC, Elber Alves Justo, que falou sobre sua trajet\u00f3ria profissional. O evento foi realizado a partir das 18 horas, no [&hellip;]<\/p>\n","protected":false},"author":1,"featured_media":84117,"comment_status":"open","ping_status":"open","sticky":false,"template":"","format":"standard","meta":{"footnotes":""},"categories":[84],"tags":[],"_links":{"self":[{"href":"https:\/\/acs.org.br\/academy\/wp-json\/wp\/v2\/posts\/84124"}],"collection":[{"href":"https:\/\/acs.org.br\/academy\/wp-json\/wp\/v2\/posts"}],"about":[{"href":"https:\/\/acs.org.br\/academy\/wp-json\/wp\/v2\/types\/post"}],"author":[{"embeddable":true,"href":"https:\/\/acs.org.br\/academy\/wp-json\/wp\/v2\/users\/1"}],"replies":[{"embeddable":true,"href":"https:\/\/acs.org.br\/academy\/wp-json\/wp\/v2\/comments?post=84124"}],"version-history":[{"count":0,"href":"https:\/\/acs.org.br\/academy\/wp-json\/wp\/v2\/posts\/84124\/revisions"}],"wp:featuredmedia":[{"embeddable":true,"href":"https:\/\/acs.org.br\/academy\/wp-json\/wp\/v2\/media\/84117"}],"wp:attachment":[{"href":"https:\/\/acs.org.br\/academy\/wp-json\/wp\/v2\/media?parent=84124"}],"wp:term":[{"taxonomy":"category","embeddable":true,"href":"https:\/\/acs.org.br\/academy\/wp-json\/wp\/v2\/categories?post=84124"},{"taxonomy":"post_tag","embeddable":true,"href":"https:\/\/acs.org.br\/academy\/wp-json\/wp\/v2\/tags?post=84124"}],"curies":[{"name":"wp","href":"https:\/\/api.w.org\/{rel}","templated":true}]}}