{"id":84116,"date":"2018-09-27T09:37:09","date_gmt":"2018-09-27T12:37:09","guid":{"rendered":"http:\/\/127.0.0.1\/acs\/doria-diz-que-dragagem-do-porto-de-santos-deve-ser-privatizada-e-defende-autoridade-portuaria-compartilhada-com-municipios-e-estado\/"},"modified":"2018-09-27T09:37:09","modified_gmt":"2018-09-27T12:37:09","slug":"doria-diz-que-dragagem-do-porto-de-santos-deve-ser-privatizada-e-defende-autoridade-portuaria-compartilhada-com-municipios-e-estado","status":"publish","type":"post","link":"https:\/\/acs.org.br\/academy\/doria-diz-que-dragagem-do-porto-de-santos-deve-ser-privatizada-e-defende-autoridade-portuaria-compartilhada-com-municipios-e-estado\/","title":{"rendered":"Doria diz que dragagem do Porto de Santos deve ser privatizada e defende autoridade portu\u00e1ria compartilhada com munic\u00edpios e Estado"},"content":{"rendered":"<p style=\"text-align: left;\" align=\"center\">Fonte: Assessoria de imprensa ACS<\/p>\n<p>O segundo candidato \u00e0 presid\u00eancia da Rep\u00fablica a participar do ciclo de palestras que a Associa\u00e7\u00e3o Comercial de Santos (ACS) e o Grupo Tribuna promovem com os principais postulantes ao Governo do Estado e \u00e0 Presid\u00eancia da rep\u00fablica foi Jo\u00e3o D\u00f3ria, do PSBD, que esteve no audit\u00f3rio da ACS na manh\u00e3 desta quarta-feira (26). Em sua palestra, ele defendeu que a dragagem do Porto de Santos deve ser privatizada e que a autoridade portu\u00e1ria deve ser compartilhada com munic\u00edpios e Estado.<\/p>\n<p>O candidato chegou \u00e0s 10h17 e foi recebido pelo presidente da ACS, Roberto Clemente Santini, que o levou para conhecer o sal\u00e3o do Certificado de Origem e a sala da presid\u00eancia, onde est\u00e3o dois quadros de Benedito Calixto.<\/p>\n<\/p>\n<p><img loading=\"lazy\" decoding=\"async\" class=\" size-full wp-image-84111\" src=\"http:\/\/127.0.0.1\/acs\/wp-content\/uploads\/2018\/09\/WEB_2018_SETEMBRO_DORIA-W_DORIA-065.jpg\" width=\"570\" height=\"413\" srcset=\"https:\/\/acs.org.br\/academy\/wp-content\/uploads\/2018\/09\/WEB_2018_SETEMBRO_DORIA-W_DORIA-065.jpg 570w, https:\/\/acs.org.br\/academy\/wp-content\/uploads\/2018\/09\/WEB_2018_SETEMBRO_DORIA-W_DORIA-065-300x217.jpg 300w\" sizes=\"(max-width: 570px) 100vw, 570px\" \/><\/p>\n<p><img loading=\"lazy\" decoding=\"async\" class=\" size-full wp-image-84112\" src=\"http:\/\/127.0.0.1\/acs\/wp-content\/uploads\/2018\/09\/WEB_2018_SETEMBRO_DORIA-W_DORIA-072.jpg\" width=\"570\" height=\"435\" srcset=\"https:\/\/acs.org.br\/academy\/wp-content\/uploads\/2018\/09\/WEB_2018_SETEMBRO_DORIA-W_DORIA-072.jpg 570w, https:\/\/acs.org.br\/academy\/wp-content\/uploads\/2018\/09\/WEB_2018_SETEMBRO_DORIA-W_DORIA-072-300x229.jpg 300w\" sizes=\"(max-width: 570px) 100vw, 570px\" \/><\/p>\n<p>Depois, todos seguiram para o audit\u00f3rio, onde o palestrante exp\u00f4s sua hist\u00f3ria e seu plano de governo por cerca de 45 minutos.<\/p>\n<p><img loading=\"lazy\" decoding=\"async\" class=\" size-full wp-image-84113\" src=\"http:\/\/127.0.0.1\/acs\/wp-content\/uploads\/2018\/09\/WEB_2018_SETEMBRO_DORIA-W_DORIA-109.jpg\" width=\"570\" height=\"409\" srcset=\"https:\/\/acs.org.br\/academy\/wp-content\/uploads\/2018\/09\/WEB_2018_SETEMBRO_DORIA-W_DORIA-109.jpg 570w, https:\/\/acs.org.br\/academy\/wp-content\/uploads\/2018\/09\/WEB_2018_SETEMBRO_DORIA-W_DORIA-109-300x215.jpg 300w\" sizes=\"(max-width: 570px) 100vw, 570px\" \/><\/p>\n<p>Em sua apresenta\u00e7\u00e3o, Doria ressaltou a import\u00e2ncia estrat\u00e9gica do Porto de Santos e disse que a autoridade portu\u00e1ria deve ser compartilhada, diferentemente do que ocorre atualmente, j\u00e1 que o Porto de Santos \u00e9 Administrado pela Companhia Docas do Estado de S\u00e3o Paulo &#8211; Codesp, controlada pelo Governo Federal.<\/p>\n<p>\u201cAl\u00e9m da gest\u00e3o compartilhada, o Porto deve evoluir em privatiza\u00e7\u00f5es, como a dragagem, que pode ser privatizada para melhorar a efici\u00eancia do calado e a manuten\u00e7\u00e3o da profundidade, permitindo que navios maiores e mais modernos possam ter acesso ao Porto de Santos\u201d.<\/p>\n<p>Doria falou tamb\u00e9m sobre os acessos rodovi\u00e1rios a Santos e ao Porto, afirmando que \u201cas al\u00e7as de acesso \u00e0s rodovias devem ter investimentos do Estado, por meio de Parcerias P\u00fablico-Privadas (PPPs)\u201d.<\/p>\n<p>O projeto da ponte que liga Santos a Guaruj\u00e1 tamb\u00e9m foi defendido pelo candidato, que apoia a execu\u00e7\u00e3o desta obra.<\/p>\n<p><img loading=\"lazy\" decoding=\"async\" class=\" size-full wp-image-84114\" src=\"http:\/\/127.0.0.1\/acs\/wp-content\/uploads\/2018\/09\/WEB_2018_SETEMBRO_DORIA-W_DORIA-097.jpg\" width=\"570\" height=\"423\" srcset=\"https:\/\/acs.org.br\/academy\/wp-content\/uploads\/2018\/09\/WEB_2018_SETEMBRO_DORIA-W_DORIA-097.jpg 570w, https:\/\/acs.org.br\/academy\/wp-content\/uploads\/2018\/09\/WEB_2018_SETEMBRO_DORIA-W_DORIA-097-300x223.jpg 300w\" sizes=\"(max-width: 570px) 100vw, 570px\" \/><\/p>\n<p>\u201cO projeto est\u00e1 pronto para ser executado pela concession\u00e1ria e deve ser executado em janeiro do ano que vem\u201d.<\/p>\n<p>Doria se disse favor\u00e1vel, tamb\u00e9m por meio de uma gest\u00e3o privada, de que aeroportos comerciais se instalem na regi\u00e3o.<\/p>\n<p>\u201cSou favor\u00e1vel que a Base A\u00e9rea de Santos se torne um aeroporto regional, mas operado pelo setor privado. N\u00e3o \u00e9 compet\u00eancia do Estado administrar aeroportos, nem rodovias, nem ferrovias. Isso \u00e9 fun\u00e7\u00e3o do setor privado em diversos pa\u00edses e ser\u00e1 aqui tamb\u00e9m\u201d.<\/p>\n<p><img loading=\"lazy\" decoding=\"async\" class=\" size-full wp-image-84115\" src=\"http:\/\/127.0.0.1\/acs\/wp-content\/uploads\/2018\/09\/WEB_2018_SETEMBRO_DORIA-W_DORIA-154.jpg\" width=\"570\" height=\"402\" srcset=\"https:\/\/acs.org.br\/academy\/wp-content\/uploads\/2018\/09\/WEB_2018_SETEMBRO_DORIA-W_DORIA-154.jpg 570w, https:\/\/acs.org.br\/academy\/wp-content\/uploads\/2018\/09\/WEB_2018_SETEMBRO_DORIA-W_DORIA-154-300x212.jpg 300w\" sizes=\"(max-width: 570px) 100vw, 570px\" \/><\/p>\n<p><b>Seguran\u00e7a<\/b><\/p>\n<p>Entre os planos do candidato para melhorar a seguran\u00e7a p\u00fablica est\u00e3o construir uma base do BAEP (Batalh\u00e3o de A\u00e7\u00f5es Especiais da Pol\u00edcia Militar) em Praia Grande e criar um DEIC (Departamento de Investiga\u00e7\u00f5es Criminais) regional.<\/p>\n<p>\u201cCom esse DEIC regional a pol\u00edcia civil poder\u00e1 investigar crimes e evitar que novos crimes aconte\u00e7am. Al\u00e9m disso, todas as cidades de SP ter\u00e3o no m\u00ednimo uma base com policiais funcionando 24 horas e todas as delegacias ser\u00e3o abertas e funcionar\u00e3o 24 horas\u201d.<\/p>\n<p><b>Sa\u00fade<\/b><\/p>\n<p>Na \u00e1rea da Sa\u00fade, Doria diz que pretende realizar na Baixada Santista o projeto Coruj\u00e3o da Sa\u00fade, como fez na capital, para diminuir a fila do SUS para exames de imagem.<\/p>\n<p>Em 2017, como prefeito, ele usou hospitais particulares conveniados com o munic\u00edpio para fazer exames de imagem entre as 22 e 8 horas \u2013 da\u00ed o nome de coruj\u00e3o.<\/p>\n<p>\u201cUtilizamos os hor\u00e1rios noturnos para fazer os exames. Falei para os diretores dos hospitais que eles tinham que ser solid\u00e1rios com a Cidade. Falei que era melhor receber tabela SUS do que nada, porque \u00e0 noite as salas ficam fechadas, ningu\u00e9m faz exame \u00e0 noite. Todos aceitaram. Em 83 dias passamos em S\u00e3o Paulo a fila de meio milh\u00e3o de pessoas humildes e simples em S\u00e3o Paulo para 176 mil pessoas. Faremos em Santos, em Praia Grande, onde tiver hospital particular faremos essa parceria para realizar exames pelo SUS. Se precisar eu mesmo falo com os diretores dos hospitais. Fizemos tamb\u00e9m coruj\u00e3o das cirurgias, tamb\u00e9m \u00e0 noite e demos uma bonifica\u00e7\u00e3o aos profissionais\u201d.<\/p>\n<p><strong>Confira<strong>&nbsp;<\/strong>trecho da apresenta\u00e7\u00e3o,&nbsp;<strong>clicando&nbsp;<strong><strong><a href=\"https:\/\/bit.ly\/2OgqLS1\" target=\"_blank\" rel=\"noopener\">AQUI<\/a>.<\/strong><\/strong><\/strong><\/strong><\/p>\n<p>\u00a0<\/p>\n<p>\u00a0<\/p>\n<p>\u00a0<\/p>\n","protected":false},"excerpt":{"rendered":"<p>Fonte: Assessoria de imprensa ACS O segundo candidato \u00e0 presid\u00eancia da Rep\u00fablica a participar do ciclo de palestras que a Associa\u00e7\u00e3o Comercial de Santos (ACS) e o Grupo Tribuna promovem com os principais postulantes ao Governo do Estado e \u00e0 Presid\u00eancia da rep\u00fablica foi Jo\u00e3o D\u00f3ria, do PSBD, que esteve no audit\u00f3rio da ACS na [&hellip;]<\/p>\n","protected":false},"author":1,"featured_media":84110,"comment_status":"open","ping_status":"open","sticky":false,"template":"","format":"standard","meta":{"footnotes":""},"categories":[84],"tags":[],"_links":{"self":[{"href":"https:\/\/acs.org.br\/academy\/wp-json\/wp\/v2\/posts\/84116"}],"collection":[{"href":"https:\/\/acs.org.br\/academy\/wp-json\/wp\/v2\/posts"}],"about":[{"href":"https:\/\/acs.org.br\/academy\/wp-json\/wp\/v2\/types\/post"}],"author":[{"embeddable":true,"href":"https:\/\/acs.org.br\/academy\/wp-json\/wp\/v2\/users\/1"}],"replies":[{"embeddable":true,"href":"https:\/\/acs.org.br\/academy\/wp-json\/wp\/v2\/comments?post=84116"}],"version-history":[{"count":0,"href":"https:\/\/acs.org.br\/academy\/wp-json\/wp\/v2\/posts\/84116\/revisions"}],"wp:featuredmedia":[{"embeddable":true,"href":"https:\/\/acs.org.br\/academy\/wp-json\/wp\/v2\/media\/84110"}],"wp:attachment":[{"href":"https:\/\/acs.org.br\/academy\/wp-json\/wp\/v2\/media?parent=84116"}],"wp:term":[{"taxonomy":"category","embeddable":true,"href":"https:\/\/acs.org.br\/academy\/wp-json\/wp\/v2\/categories?post=84116"},{"taxonomy":"post_tag","embeddable":true,"href":"https:\/\/acs.org.br\/academy\/wp-json\/wp\/v2\/tags?post=84116"}],"curies":[{"name":"wp","href":"https:\/\/api.w.org\/{rel}","templated":true}]}}