{"id":84091,"date":"2018-09-25T16:30:03","date_gmt":"2018-09-25T19:30:03","guid":{"rendered":"http:\/\/127.0.0.1\/acs\/associacao-comercial-de-santos-e-sebrae-realizarao-evento-para-criar-modelo-de-cadastro-para-empresas-interessadas-em-fornecer-produtos-e-servicos-para-petroliferas-que-tem-intencao-de-operar-na-regia\/"},"modified":"2018-09-25T16:30:03","modified_gmt":"2018-09-25T19:30:03","slug":"associacao-comercial-de-santos-e-sebrae-realizarao-evento-para-criar-modelo-de-cadastro-para-empresas-interessadas-em-fornecer-produtos-e-servicos-para-petroliferas-que-tem-intencao-de-operar-na-regia","status":"publish","type":"post","link":"https:\/\/acs.org.br\/academy\/associacao-comercial-de-santos-e-sebrae-realizarao-evento-para-criar-modelo-de-cadastro-para-empresas-interessadas-em-fornecer-produtos-e-servicos-para-petroliferas-que-tem-intencao-de-operar-na-regia\/","title":{"rendered":"Associa\u00e7\u00e3o Comercial de Santos e Sebrae realizar\u00e3o evento para criar modelo de cadastro para empresas interessadas em fornecer produtos e servi\u00e7os para petrol\u00edferas que t\u00eam inten\u00e7\u00e3o de operar na regi\u00e3o"},"content":{"rendered":"<p style=\"text-align: left;\" align=\"center\">Fonte: Assessoria de imprensa ACS<\/p>\n<p>A Associa\u00e7\u00e3o Comercial de Santos (ACS), por meio de sua C\u00e2mara Setorial de Petr\u00f3leo e G\u00e1s, realizar\u00e1, ainda sem data definida, um evento para criar um modelo de cadastro para empresas interessadas em fornecer produtos e servi\u00e7os para petrol\u00edferas que t\u00eam inten\u00e7\u00e3o de operar na regi\u00e3o. A decis\u00e3o foi tomada nesta ter\u00e7a-feira (25), durante reuni\u00e3o da C\u00e2mara, no pr\u00e9dio-sede da ACS.<\/p>\n<\/p>\n<p>&nbsp;O objetivo \u00e9 que essa lista seja repassada ao Instituto Brasileiro de Petr\u00f3leo, G\u00e1s e Biocombust\u00edveis (IBP) e \u00e0 Associa\u00e7\u00e3o Brasileira das Empresas de Servi\u00e7os de Petr\u00f3leo (Abespetro), para que as institui\u00e7\u00f5es tenham um panorama regional sobre essas empresas, que possam repassar para os reais interessados, que s\u00e3o seus associados.<\/p>\n<p>A cria\u00e7\u00e3o desse cadastro \u00e9 uma entre as v\u00e1rias estrat\u00e9gias da C\u00e2mara para tentar criar um ambiente para a instala\u00e7\u00e3o de uma base offshore na Baixada Santista, que abastecer\u00e1, com produtos e servi\u00e7os, as plataformas da Petrobras. A ideia \u00e9 que essa base seja constru\u00edda e operada pela iniciativa privada.<\/p>\n<p><b>Sobre o evento<\/b><\/p>\n<p><b> <\/b><\/p>\n<p>De acordo com o gerente do Sebrae, Marco Aur\u00e9lio Rosas, para este evento, a ideia \u00e9 trazer para a ACS um representante do setor de cadeia de suprimentos da Petrobras, que possa apresentar ao p\u00fablico o que a Petrobras compra, como ela compra e o molde desse cadastro para que a ACS utilize um modelo semelhante para criar seu pr\u00f3prio cadastro de empresas do setor, que servir\u00e1 tamb\u00e9m para qualquer outra empresa petrol\u00edfera e da cadeia de P&amp;G.<\/p>\n<p><img loading=\"lazy\" decoding=\"async\" class=\" size-full wp-image-84087\" src=\"http:\/\/127.0.0.1\/acs\/wp-content\/uploads\/2018\/09\/WEB_2018_SETEMBRO_PETROLEO-W_PETROLEO_0057.jpg\" width=\"570\" height=\"424\" srcset=\"https:\/\/acs.org.br\/academy\/wp-content\/uploads\/2018\/09\/WEB_2018_SETEMBRO_PETROLEO-W_PETROLEO_0057.jpg 570w, https:\/\/acs.org.br\/academy\/wp-content\/uploads\/2018\/09\/WEB_2018_SETEMBRO_PETROLEO-W_PETROLEO_0057-300x223.jpg 300w\" sizes=\"(max-width: 570px) 100vw, 570px\" \/>&nbsp;<\/p>\n<p>\u201cA forma\u00e7\u00e3o de cadastro da Petrobras \u00e9 muito exigente e podemos usar esse modelo deles para criar um nosso. Realizamos uma pesquisa e descobrimos que em Santos tivemos um conv\u00eanio entre a Petrobras e a Onip (Organiza\u00e7\u00e3o Nacional da Ind\u00fastria do Petr\u00f3leo), que cadastrava empresas do setor de P&amp;G, mas ele n\u00e3o existe mais. No Estado, descobrimos que h\u00e1 um modelo de cadastro feito ap\u00f3s a cria\u00e7\u00e3o de associa\u00e7\u00f5es, formadas por empresas do setor, e que o Sebrae atua para capacitar essas empresas. Aqui, em Santos e regi\u00e3o, ser\u00e1 mais f\u00e1cil, porque n\u00e3o ser\u00e1 preciso criar um associa\u00e7\u00e3o, j\u00e1 que temos a C\u00e2mara de Petr\u00f3leo j\u00e1 formada\u201d.<\/p>\n<p><img loading=\"lazy\" decoding=\"async\" class=\" size-full wp-image-84088\" src=\"http:\/\/127.0.0.1\/acs\/wp-content\/uploads\/2018\/09\/WEB_2018_SETEMBRO_PETROLEO-W_PETROLEO_0016.jpg\" width=\"570\" height=\"423\" srcset=\"https:\/\/acs.org.br\/academy\/wp-content\/uploads\/2018\/09\/WEB_2018_SETEMBRO_PETROLEO-W_PETROLEO_0016.jpg 570w, https:\/\/acs.org.br\/academy\/wp-content\/uploads\/2018\/09\/WEB_2018_SETEMBRO_PETROLEO-W_PETROLEO_0016-300x223.jpg 300w\" sizes=\"(max-width: 570px) 100vw, 570px\" \/><\/p>\n<p><img loading=\"lazy\" decoding=\"async\" class=\" size-full wp-image-84089\" src=\"http:\/\/127.0.0.1\/acs\/wp-content\/uploads\/2018\/09\/WEB_2018_SETEMBRO_PETROLEO-W_PETROLEO_0038.jpg\" width=\"570\" height=\"449\" srcset=\"https:\/\/acs.org.br\/academy\/wp-content\/uploads\/2018\/09\/WEB_2018_SETEMBRO_PETROLEO-W_PETROLEO_0038.jpg 570w, https:\/\/acs.org.br\/academy\/wp-content\/uploads\/2018\/09\/WEB_2018_SETEMBRO_PETROLEO-W_PETROLEO_0038-300x236.jpg 300w\" sizes=\"(max-width: 570px) 100vw, 570px\" \/><\/p>\n<p><img loading=\"lazy\" decoding=\"async\" class=\" size-full wp-image-84090\" src=\"http:\/\/127.0.0.1\/acs\/wp-content\/uploads\/2018\/09\/WEB_2018_SETEMBRO_PETROLEO-W_PETROLEO_0053.jpg\" width=\"570\" height=\"428\" srcset=\"https:\/\/acs.org.br\/academy\/wp-content\/uploads\/2018\/09\/WEB_2018_SETEMBRO_PETROLEO-W_PETROLEO_0053.jpg 570w, https:\/\/acs.org.br\/academy\/wp-content\/uploads\/2018\/09\/WEB_2018_SETEMBRO_PETROLEO-W_PETROLEO_0053-300x225.jpg 300w\" sizes=\"(max-width: 570px) 100vw, 570px\" \/><\/p>\n<p>\u00a0<\/p>\n<h3 style=\"font-size: 18px; font-weight: normal; margin: 0px; padding: 0px; overflow: hidden; text-overflow: ellipsis; color: #222222; font-family: arial, sans-serif;\" class=\"r\"><\/h3>\n","protected":false},"excerpt":{"rendered":"<p>Fonte: Assessoria de imprensa ACS A Associa\u00e7\u00e3o Comercial de Santos (ACS), por meio de sua C\u00e2mara Setorial de Petr\u00f3leo e G\u00e1s, realizar\u00e1, ainda sem data definida, um evento para criar um modelo de cadastro para empresas interessadas em fornecer produtos e servi\u00e7os para petrol\u00edferas que t\u00eam inten\u00e7\u00e3o de operar na regi\u00e3o. A decis\u00e3o foi tomada [&hellip;]<\/p>\n","protected":false},"author":1,"featured_media":84086,"comment_status":"open","ping_status":"open","sticky":false,"template":"","format":"standard","meta":{"footnotes":""},"categories":[84],"tags":[],"_links":{"self":[{"href":"https:\/\/acs.org.br\/academy\/wp-json\/wp\/v2\/posts\/84091"}],"collection":[{"href":"https:\/\/acs.org.br\/academy\/wp-json\/wp\/v2\/posts"}],"about":[{"href":"https:\/\/acs.org.br\/academy\/wp-json\/wp\/v2\/types\/post"}],"author":[{"embeddable":true,"href":"https:\/\/acs.org.br\/academy\/wp-json\/wp\/v2\/users\/1"}],"replies":[{"embeddable":true,"href":"https:\/\/acs.org.br\/academy\/wp-json\/wp\/v2\/comments?post=84091"}],"version-history":[{"count":0,"href":"https:\/\/acs.org.br\/academy\/wp-json\/wp\/v2\/posts\/84091\/revisions"}],"wp:featuredmedia":[{"embeddable":true,"href":"https:\/\/acs.org.br\/academy\/wp-json\/wp\/v2\/media\/84086"}],"wp:attachment":[{"href":"https:\/\/acs.org.br\/academy\/wp-json\/wp\/v2\/media?parent=84091"}],"wp:term":[{"taxonomy":"category","embeddable":true,"href":"https:\/\/acs.org.br\/academy\/wp-json\/wp\/v2\/categories?post=84091"},{"taxonomy":"post_tag","embeddable":true,"href":"https:\/\/acs.org.br\/academy\/wp-json\/wp\/v2\/tags?post=84091"}],"curies":[{"name":"wp","href":"https:\/\/api.w.org\/{rel}","templated":true}]}}