{"id":83965,"date":"2018-09-13T14:19:47","date_gmt":"2018-09-13T17:19:47","guid":{"rendered":"http:\/\/127.0.0.1\/acs\/camara-setorial-de-ensino-da-acs-conhece-beneficios-da-camara-de-conciliacao-e-arbitragem\/"},"modified":"2018-09-13T14:19:47","modified_gmt":"2018-09-13T17:19:47","slug":"camara-setorial-de-ensino-da-acs-conhece-beneficios-da-camara-de-conciliacao-e-arbitragem","status":"publish","type":"post","link":"https:\/\/acs.org.br\/academy\/camara-setorial-de-ensino-da-acs-conhece-beneficios-da-camara-de-conciliacao-e-arbitragem\/","title":{"rendered":"C\u00e2mara Setorial de Ensino da ACS conhece benef\u00edcios da C\u00e2mara de Concilia\u00e7\u00e3o e Arbitragem"},"content":{"rendered":"<p style=\"text-align: left;\" align=\"center\">Fonte: Assessoria de imprensa ACS<\/p>\n<p>Os integrantes da C\u00e2mara Setorial das Institui\u00e7\u00f5es de Ensino da Associa\u00e7\u00e3o Comercial de Santos (ACS) conheceram, na manh\u00e3 desta quarta-feira (13), como funcionar\u00e1 a C\u00e2mara Brasileira de Media\u00e7\u00e3o e Arbitragem Empresarial da Associa\u00e7\u00e3o Comercial de Santos, que ser\u00e1 implantada em breve no pr\u00e9dio-sede da ACS numa parceria entre a CBMAE e a Associa\u00e7\u00e3o Comercial de S\u00e3o Paulo. Trata-se de um \u00f3rg\u00e3o operacional da Confedera\u00e7\u00e3o das Associa\u00e7\u00f5es Comerciais e Empresariais do Brasil (CACB), entidade sem fins lucrativos e de representa\u00e7\u00e3o empresarial, que incentiva as empresas na ado\u00e7\u00e3o de m\u00e9todos extrajudiciais de solu\u00e7\u00e3o de conflitos.<\/p>\n<p>\u00a0<\/p>\n<p>Ap\u00f3s a apresenta\u00e7\u00e3o da CBMAE, a coordenadora da C\u00e2mara Setorial de Ensino, Silvia Teixeira Penteado, ressaltou a import\u00e2ncia deste novo servi\u00e7o, que ser\u00e1 disponibilizado n\u00e3o s\u00f3 para associados, mas para o p\u00fablico em geral.<\/p>\n<p>&nbsp;<\/p>\n<p>\u201cOs conflitos poder\u00e3o ser resolvidos com maior agilidade e humaniza\u00e7\u00e3o. Foi uma apresenta\u00e7\u00e3o proveitosa, surgiram quest\u00f5es sobre como funcionar\u00e1 para financiamento estudantil e sobre inadimpl\u00eancia, por exemplo. Um tema muito v\u00e1lido para a nossa reuni\u00e3o\u201d.<\/p>\n<p><img loading=\"lazy\" decoding=\"async\" class=\" size-full wp-image-83959\" src=\"http:\/\/127.0.0.1\/acs\/wp-content\/uploads\/2018\/09\/WEB_2018_SETEMBRO_ENSINO-W_DSCN5823.JPG\" width=\"570\" height=\"419\" srcset=\"https:\/\/acs.org.br\/academy\/wp-content\/uploads\/2018\/09\/WEB_2018_SETEMBRO_ENSINO-W_DSCN5823.JPG 570w, https:\/\/acs.org.br\/academy\/wp-content\/uploads\/2018\/09\/WEB_2018_SETEMBRO_ENSINO-W_DSCN5823-300x221.jpg 300w\" sizes=\"(max-width: 570px) 100vw, 570px\" \/>&nbsp;<\/p>\n<p>Na sequ\u00eancia, houve a apresenta\u00e7\u00e3o do programa Melhores Pr\u00e1ticas Institucionais. Quem se apresentou neste encontro foi Luciano Shmitz, coordenador de pesquisa da Strong Esags, que demonstrou a todos como funciona o Centro de Intelig\u00eancia de Mercado da institui\u00e7\u00e3o, criado h\u00e1 dois anos.<\/p>\n<p><img loading=\"lazy\" decoding=\"async\" class=\" size-full wp-image-83960\" src=\"http:\/\/127.0.0.1\/acs\/wp-content\/uploads\/2018\/09\/WEB_2018_SETEMBRO_ENSINO-W_DSCN5835.JPG\" width=\"570\" height=\"398\" srcset=\"https:\/\/acs.org.br\/academy\/wp-content\/uploads\/2018\/09\/WEB_2018_SETEMBRO_ENSINO-W_DSCN5835.JPG 570w, https:\/\/acs.org.br\/academy\/wp-content\/uploads\/2018\/09\/WEB_2018_SETEMBRO_ENSINO-W_DSCN5835-300x209.jpg 300w\" sizes=\"(max-width: 570px) 100vw, 570px\" \/>&nbsp;<\/p>\n<p>\u201cNeste projeto, trabalhamos com os alunos indicadores setoriais, que ajudam empres\u00e1rios e gestores p\u00fablicos na tomada de decis\u00f5es. Os alunos s\u00e3o divididos por c\u00e9lulas, temos quatro, e cada uma delas trabalha com um tipo de indicador. Ent\u00e3o, faz-se uma busca dos dados em fontes confi\u00e1veis e os estudantes transformam os n\u00fameros em indicadores que s\u00e3o disponibilizados no nosso site\u201d.<\/p>\n<p><img loading=\"lazy\" decoding=\"async\" class=\" size-full wp-image-83961\" src=\"http:\/\/127.0.0.1\/acs\/wp-content\/uploads\/2018\/09\/WEB_2018_SETEMBRO_ENSINO-W_DSCN5837.JPG\" width=\"570\" height=\"428\" srcset=\"https:\/\/acs.org.br\/academy\/wp-content\/uploads\/2018\/09\/WEB_2018_SETEMBRO_ENSINO-W_DSCN5837.JPG 570w, https:\/\/acs.org.br\/academy\/wp-content\/uploads\/2018\/09\/WEB_2018_SETEMBRO_ENSINO-W_DSCN5837-300x225.jpg 300w\" sizes=\"(max-width: 570px) 100vw, 570px\" \/>&nbsp;<\/p>\n<p>O \u00faltimo assunto tratado na reuni\u00e3o foi o chamado \u201cAmbiente de Neg\u00f3cios\u201d, coordenado pelo diretor da ACS e coordenador da C\u00e2mara Setorial de Tecnologia da Informa\u00e7\u00e3o, Pedro Veras.<\/p>\n<p><img loading=\"lazy\" decoding=\"async\" class=\" size-full wp-image-83962\" src=\"http:\/\/127.0.0.1\/acs\/wp-content\/uploads\/2018\/09\/WEB_2018_SETEMBRO_ENSINO-W_DSCN5822.JPG\" width=\"570\" height=\"411\" srcset=\"https:\/\/acs.org.br\/academy\/wp-content\/uploads\/2018\/09\/WEB_2018_SETEMBRO_ENSINO-W_DSCN5822.JPG 570w, https:\/\/acs.org.br\/academy\/wp-content\/uploads\/2018\/09\/WEB_2018_SETEMBRO_ENSINO-W_DSCN5822-300x216.jpg 300w\" sizes=\"(max-width: 570px) 100vw, 570px\" \/>&nbsp;<\/p>\n<p>Trata-se de uma plataforma de relacionamento e coopera\u00e7\u00e3o, para que os s\u00f3cios conhe\u00e7am todas as empresas da ACS e possam utilizar os servi\u00e7os e produtos que elas oferecem.<\/p>\n<p><img loading=\"lazy\" decoding=\"async\" class=\" size-full wp-image-83963\" src=\"http:\/\/127.0.0.1\/acs\/wp-content\/uploads\/2018\/09\/WEB_2018_SETEMBRO_ENSINO-W_DSCN5849.JPG\" width=\"570\" height=\"428\" srcset=\"https:\/\/acs.org.br\/academy\/wp-content\/uploads\/2018\/09\/WEB_2018_SETEMBRO_ENSINO-W_DSCN5849.JPG 570w, https:\/\/acs.org.br\/academy\/wp-content\/uploads\/2018\/09\/WEB_2018_SETEMBRO_ENSINO-W_DSCN5849-300x225.jpg 300w\" sizes=\"(max-width: 570px) 100vw, 570px\" \/>&nbsp;<\/p>\n<p>\u201cA C\u00e2mara de Ensino \u00e9 um organismo que participa muito dessa iniciativa e tamb\u00e9m \u00e9 um interessado que a iniciativa ganhe for\u00e7a. Optei por participar de uma das reuni\u00f5es de Ensino para falar sobre o Ambiente de Neg\u00f3cios, pelo protagonismo que essa C\u00e2mara possui. Acredito que por meio desses encontros criados pelo programa Ambiente de Neg\u00f3cios as empresas poder\u00e3o se conhecer melhor\u201d.<\/p>\n<p><img loading=\"lazy\" decoding=\"async\" class=\" size-full wp-image-83964\" src=\"http:\/\/127.0.0.1\/acs\/wp-content\/uploads\/2018\/09\/WEB_2018_SETEMBRO_ENSINO-W_DSCN5852.JPG\" width=\"570\" height=\"428\" srcset=\"https:\/\/acs.org.br\/academy\/wp-content\/uploads\/2018\/09\/WEB_2018_SETEMBRO_ENSINO-W_DSCN5852.JPG 570w, https:\/\/acs.org.br\/academy\/wp-content\/uploads\/2018\/09\/WEB_2018_SETEMBRO_ENSINO-W_DSCN5852-300x225.jpg 300w\" sizes=\"(max-width: 570px) 100vw, 570px\" \/><\/p>\n","protected":false},"excerpt":{"rendered":"<p>Fonte: Assessoria de imprensa ACS Os integrantes da C\u00e2mara Setorial das Institui\u00e7\u00f5es de Ensino da Associa\u00e7\u00e3o Comercial de Santos (ACS) conheceram, na manh\u00e3 desta quarta-feira (13), como funcionar\u00e1 a C\u00e2mara Brasileira de Media\u00e7\u00e3o e Arbitragem Empresarial da Associa\u00e7\u00e3o Comercial de Santos, que ser\u00e1 implantada em breve no pr\u00e9dio-sede da ACS numa parceria entre a CBMAE [&hellip;]<\/p>\n","protected":false},"author":1,"featured_media":83958,"comment_status":"open","ping_status":"open","sticky":false,"template":"","format":"standard","meta":{"footnotes":""},"categories":[84],"tags":[],"_links":{"self":[{"href":"https:\/\/acs.org.br\/academy\/wp-json\/wp\/v2\/posts\/83965"}],"collection":[{"href":"https:\/\/acs.org.br\/academy\/wp-json\/wp\/v2\/posts"}],"about":[{"href":"https:\/\/acs.org.br\/academy\/wp-json\/wp\/v2\/types\/post"}],"author":[{"embeddable":true,"href":"https:\/\/acs.org.br\/academy\/wp-json\/wp\/v2\/users\/1"}],"replies":[{"embeddable":true,"href":"https:\/\/acs.org.br\/academy\/wp-json\/wp\/v2\/comments?post=83965"}],"version-history":[{"count":0,"href":"https:\/\/acs.org.br\/academy\/wp-json\/wp\/v2\/posts\/83965\/revisions"}],"wp:featuredmedia":[{"embeddable":true,"href":"https:\/\/acs.org.br\/academy\/wp-json\/wp\/v2\/media\/83958"}],"wp:attachment":[{"href":"https:\/\/acs.org.br\/academy\/wp-json\/wp\/v2\/media?parent=83965"}],"wp:term":[{"taxonomy":"category","embeddable":true,"href":"https:\/\/acs.org.br\/academy\/wp-json\/wp\/v2\/categories?post=83965"},{"taxonomy":"post_tag","embeddable":true,"href":"https:\/\/acs.org.br\/academy\/wp-json\/wp\/v2\/tags?post=83965"}],"curies":[{"name":"wp","href":"https:\/\/api.w.org\/{rel}","templated":true}]}}