{"id":83883,"date":"2018-09-05T15:54:38","date_gmt":"2018-09-05T18:54:38","guid":{"rendered":"http:\/\/127.0.0.1\/acs\/comitiva-da-turquia-visita-a-acs-e-demonstra-interesse-em-fazer-negocios-nas-areas-de-cafe-e-de-petroleo-e-gas\/"},"modified":"2018-09-05T15:54:38","modified_gmt":"2018-09-05T18:54:38","slug":"comitiva-da-turquia-visita-a-acs-e-demonstra-interesse-em-fazer-negocios-nas-areas-de-cafe-e-de-petroleo-e-gas","status":"publish","type":"post","link":"https:\/\/acs.org.br\/academy\/comitiva-da-turquia-visita-a-acs-e-demonstra-interesse-em-fazer-negocios-nas-areas-de-cafe-e-de-petroleo-e-gas\/","title":{"rendered":"Comitiva da Turquia visita a ACS e demonstra interesse em fazer neg\u00f3cios nas \u00e1reas de caf\u00e9 e de petr\u00f3leo e g\u00e1s"},"content":{"rendered":"<p style=\"text-align: left;\" align=\"center\">Fonte: Assessoria de imprensa ACS<\/p>\n<p>Uma comitiva turca, composta por 26 integrantes, visitou a Associa\u00e7\u00e3o Comercial de Santos (ACS) nesta quarta-feira (5) e demonstrou interesse em fazer neg\u00f3cios com empresas associadas, nas \u00e1reas de caf\u00e9 e de petr\u00f3leo e g\u00e1s.<\/p>\n<\/p>\n<p>O grupo, pertencente a uma associa\u00e7\u00e3o chamada Kosgeb, instalada na rep\u00fablica da Turquia e que auxilia pequenas e m\u00e9dias empresas, chegou \u00e0 sede da ACS \u00e0s 11 horas e seguiu para o audit\u00f3rio, onde foi recebido pelo diretor-executivo, Marcio Calves.<\/p>\n<p>L\u00e1, os visitantes assistiram ao v\u00eddeo institucional e ouviram atentamente a uma breve apresenta\u00e7\u00e3o feita por Calves, sobre a hist\u00f3ria da ACS e suas importantes realiza\u00e7\u00f5es.<\/p>\n<p>&nbsp;<img loading=\"lazy\" decoding=\"async\" class=\" size-full wp-image-83874\" src=\"http:\/\/127.0.0.1\/acs\/wp-content\/uploads\/2018\/09\/WEB_2018_SETEMBRO_TURQUIA-W_TURQUIA-015.JPG\" width=\"570\" height=\"428\" srcset=\"https:\/\/acs.org.br\/academy\/wp-content\/uploads\/2018\/09\/WEB_2018_SETEMBRO_TURQUIA-W_TURQUIA-015.JPG 570w, https:\/\/acs.org.br\/academy\/wp-content\/uploads\/2018\/09\/WEB_2018_SETEMBRO_TURQUIA-W_TURQUIA-015-300x225.jpg 300w\" sizes=\"(max-width: 570px) 100vw, 570px\" \/><\/p>\n<p>\u201cApesar do nome comercial, esta \u00e9 uma associa\u00e7\u00e3o empresarial, que tem como associadas grandes empresas. O nome comercial vem do com\u00e9rcio do caf\u00e9, uma vez que a Associa\u00e7\u00e3o Comercial de Santos foi fundada por membros do setor de caf\u00e9. Ao longo dos anos, a ACS foi se diversificando e hoje re\u00fane empresas dos mais variados setores, inclusive do Porto de Santos. A import\u00e2ncia da ACS se d\u00e1, primeiramente, pelos seus 147 anos e, depois, pelo caf\u00e9, j\u00e1 que o Brasil \u00e9 o maior produtor do mundo, maior exportador do mundo e 80% do caf\u00e9 do mundo saem do Porto de Santos\u201d.<\/p>\n<p><img loading=\"lazy\" decoding=\"async\" class=\" size-full wp-image-83875\" src=\"http:\/\/127.0.0.1\/acs\/wp-content\/uploads\/2018\/09\/WEB_2018_SETEMBRO_TURQUIA-W_TURQUIA-012.JPG\" width=\"570\" height=\"428\" srcset=\"https:\/\/acs.org.br\/academy\/wp-content\/uploads\/2018\/09\/WEB_2018_SETEMBRO_TURQUIA-W_TURQUIA-012.JPG 570w, https:\/\/acs.org.br\/academy\/wp-content\/uploads\/2018\/09\/WEB_2018_SETEMBRO_TURQUIA-W_TURQUIA-012-300x225.jpg 300w\" sizes=\"(max-width: 570px) 100vw, 570px\" \/><\/p>\n<p>Marcio Calves tamb\u00e9m ressaltou que a ACS engloba hoje em seu quadro associativo a Petrobras, em fun\u00e7\u00e3o da Bacia de Santos, a Codesp, que \u00e9 a autoridade portu\u00e1ria, e a pr\u00f3pria Prefeitura de Santos. \u201cSantos, hoje, em fun\u00e7\u00e3o do Porto, que \u00e9 o maior da Am\u00e9rica Latina, \u00e9 respons\u00e1vel por 30% da balan\u00e7a comercial brasileira\u201d.<\/p>\n<p>Em seguida, dois visitantes, um do setor de alimentos e bebidas e outro do setor de petr\u00f3leo e g\u00e1s, demonstraram interesse em contatar as empresas associadas, para estreitar neg\u00f3cios nas \u00e1reas de caf\u00e9 e de petr\u00f3leo e g\u00e1s, respectivamente. Para viabilizar esses contatos, ser\u00e3o entregues a eles relat\u00f3rios sobre as empresas dos setores citados.<\/p>\n<p><img loading=\"lazy\" decoding=\"async\" class=\" size-full wp-image-83876\" src=\"http:\/\/127.0.0.1\/acs\/wp-content\/uploads\/2018\/09\/WEB_2018_SETEMBRO_TURQUIA-W_TURQUIA-055.JPG\" width=\"570\" height=\"428\" srcset=\"https:\/\/acs.org.br\/academy\/wp-content\/uploads\/2018\/09\/WEB_2018_SETEMBRO_TURQUIA-W_TURQUIA-055.JPG 570w, https:\/\/acs.org.br\/academy\/wp-content\/uploads\/2018\/09\/WEB_2018_SETEMBRO_TURQUIA-W_TURQUIA-055-300x225.jpg 300w\" sizes=\"(max-width: 570px) 100vw, 570px\" \/><\/p>\n<p><img loading=\"lazy\" decoding=\"async\" class=\" size-full wp-image-83877\" src=\"http:\/\/127.0.0.1\/acs\/wp-content\/uploads\/2018\/09\/WEB_2018_SETEMBRO_TURQUIA-W_TURQUIA-057.JPG\" width=\"570\" height=\"401\" srcset=\"https:\/\/acs.org.br\/academy\/wp-content\/uploads\/2018\/09\/WEB_2018_SETEMBRO_TURQUIA-W_TURQUIA-057.JPG 570w, https:\/\/acs.org.br\/academy\/wp-content\/uploads\/2018\/09\/WEB_2018_SETEMBRO_TURQUIA-W_TURQUIA-057-300x211.jpg 300w\" sizes=\"(max-width: 570px) 100vw, 570px\" \/><\/p>\n<p>O vice-presidente da associa\u00e7\u00e3o Kosgeb, Ahmet Akdag, agradeceu toda aten\u00e7\u00e3o por parte dos representes da ACS e entregou ao diretor-executivo Marcio Calves uma planilha com os nomes de 15 empresas que se colocam \u00e0 disposi\u00e7\u00e3o e que t\u00eam interesse em criar uma rede de neg\u00f3cios entre Santos e a Turquia.<\/p>\n<p><img loading=\"lazy\" decoding=\"async\" class=\" size-full wp-image-83878\" src=\"http:\/\/127.0.0.1\/acs\/wp-content\/uploads\/2018\/09\/WEB_2018_SETEMBRO_TURQUIA-W_TURQUIA-036.JPG\" width=\"570\" height=\"428\" srcset=\"https:\/\/acs.org.br\/academy\/wp-content\/uploads\/2018\/09\/WEB_2018_SETEMBRO_TURQUIA-W_TURQUIA-036.JPG 570w, https:\/\/acs.org.br\/academy\/wp-content\/uploads\/2018\/09\/WEB_2018_SETEMBRO_TURQUIA-W_TURQUIA-036-300x225.jpg 300w\" sizes=\"(max-width: 570px) 100vw, 570px\" \/><\/p>\n<p><img loading=\"lazy\" decoding=\"async\" class=\" size-full wp-image-83879\" src=\"http:\/\/127.0.0.1\/acs\/wp-content\/uploads\/2018\/09\/WEB_2018_SETEMBRO_TURQUIA-W_TURQUIA-048.JPG\" width=\"570\" height=\"428\" srcset=\"https:\/\/acs.org.br\/academy\/wp-content\/uploads\/2018\/09\/WEB_2018_SETEMBRO_TURQUIA-W_TURQUIA-048.JPG 570w, https:\/\/acs.org.br\/academy\/wp-content\/uploads\/2018\/09\/WEB_2018_SETEMBRO_TURQUIA-W_TURQUIA-048-300x225.jpg 300w\" sizes=\"(max-width: 570px) 100vw, 570px\" \/>&nbsp;<\/p>\n<p><img loading=\"lazy\" decoding=\"async\" class=\" size-full wp-image-83880\" src=\"http:\/\/127.0.0.1\/acs\/wp-content\/uploads\/2018\/09\/WEB_2018_SETEMBRO_TURQUIA-W_TURQUIA-066.JPG\" width=\"570\" height=\"401\" srcset=\"https:\/\/acs.org.br\/academy\/wp-content\/uploads\/2018\/09\/WEB_2018_SETEMBRO_TURQUIA-W_TURQUIA-066.JPG 570w, https:\/\/acs.org.br\/academy\/wp-content\/uploads\/2018\/09\/WEB_2018_SETEMBRO_TURQUIA-W_TURQUIA-066-300x211.jpg 300w\" sizes=\"(max-width: 570px) 100vw, 570px\" \/><\/p>\n<p>Por fim, os turistas conheceram a sala da presid\u00eancia e a nova Sala de Classifica\u00e7\u00e3o e Degusta\u00e7\u00e3o de Caf\u00e9, onde tiveram uma breve aula sobre os tipos de caf\u00e9, sobre o processo de degusta\u00e7\u00e3o e sobre o curso de caf\u00e9 da ACS, com o especialista da Casa, Onivaldo Ruas, o Geleia.<\/p>\n<p><img loading=\"lazy\" decoding=\"async\" class=\" size-full wp-image-83881\" src=\"http:\/\/127.0.0.1\/acs\/wp-content\/uploads\/2018\/09\/WEB_2018_SETEMBRO_TURQUIA-W_TURQUIA-087.JPG\" width=\"570\" height=\"428\" srcset=\"https:\/\/acs.org.br\/academy\/wp-content\/uploads\/2018\/09\/WEB_2018_SETEMBRO_TURQUIA-W_TURQUIA-087.JPG 570w, https:\/\/acs.org.br\/academy\/wp-content\/uploads\/2018\/09\/WEB_2018_SETEMBRO_TURQUIA-W_TURQUIA-087-300x225.jpg 300w\" sizes=\"(max-width: 570px) 100vw, 570px\" \/><\/p>\n<p><img loading=\"lazy\" decoding=\"async\" class=\" size-full wp-image-83882\" src=\"http:\/\/127.0.0.1\/acs\/wp-content\/uploads\/2018\/09\/WEB_2018_SETEMBRO_TURQUIA-W_TURQUIA-118.JPG\" width=\"570\" height=\"428\" srcset=\"https:\/\/acs.org.br\/academy\/wp-content\/uploads\/2018\/09\/WEB_2018_SETEMBRO_TURQUIA-W_TURQUIA-118.JPG 570w, https:\/\/acs.org.br\/academy\/wp-content\/uploads\/2018\/09\/WEB_2018_SETEMBRO_TURQUIA-W_TURQUIA-118-300x225.jpg 300w\" sizes=\"(max-width: 570px) 100vw, 570px\" \/><\/p>\n<p>\u00a0<\/p>\n","protected":false},"excerpt":{"rendered":"<p>Fonte: Assessoria de imprensa ACS Uma comitiva turca, composta por 26 integrantes, visitou a Associa\u00e7\u00e3o Comercial de Santos (ACS) nesta quarta-feira (5) e demonstrou interesse em fazer neg\u00f3cios com empresas associadas, nas \u00e1reas de caf\u00e9 e de petr\u00f3leo e g\u00e1s. O grupo, pertencente a uma associa\u00e7\u00e3o chamada Kosgeb, instalada na rep\u00fablica da Turquia e que [&hellip;]<\/p>\n","protected":false},"author":1,"featured_media":83873,"comment_status":"open","ping_status":"open","sticky":false,"template":"","format":"standard","meta":{"footnotes":""},"categories":[84],"tags":[],"_links":{"self":[{"href":"https:\/\/acs.org.br\/academy\/wp-json\/wp\/v2\/posts\/83883"}],"collection":[{"href":"https:\/\/acs.org.br\/academy\/wp-json\/wp\/v2\/posts"}],"about":[{"href":"https:\/\/acs.org.br\/academy\/wp-json\/wp\/v2\/types\/post"}],"author":[{"embeddable":true,"href":"https:\/\/acs.org.br\/academy\/wp-json\/wp\/v2\/users\/1"}],"replies":[{"embeddable":true,"href":"https:\/\/acs.org.br\/academy\/wp-json\/wp\/v2\/comments?post=83883"}],"version-history":[{"count":1,"href":"https:\/\/acs.org.br\/academy\/wp-json\/wp\/v2\/posts\/83883\/revisions"}],"predecessor-version":[{"id":105500,"href":"https:\/\/acs.org.br\/academy\/wp-json\/wp\/v2\/posts\/83883\/revisions\/105500"}],"wp:featuredmedia":[{"embeddable":true,"href":"https:\/\/acs.org.br\/academy\/wp-json\/wp\/v2\/media\/83873"}],"wp:attachment":[{"href":"https:\/\/acs.org.br\/academy\/wp-json\/wp\/v2\/media?parent=83883"}],"wp:term":[{"taxonomy":"category","embeddable":true,"href":"https:\/\/acs.org.br\/academy\/wp-json\/wp\/v2\/categories?post=83883"},{"taxonomy":"post_tag","embeddable":true,"href":"https:\/\/acs.org.br\/academy\/wp-json\/wp\/v2\/tags?post=83883"}],"curies":[{"name":"wp","href":"https:\/\/api.w.org\/{rel}","templated":true}]}}