{"id":83777,"date":"2018-08-31T00:00:00","date_gmt":"2018-08-31T03:00:00","guid":{"rendered":"http:\/\/127.0.0.1\/acs\/nota-de-falecimento-4\/"},"modified":"2018-08-31T00:00:00","modified_gmt":"2018-08-31T03:00:00","slug":"nota-de-falecimento-4","status":"publish","type":"post","link":"https:\/\/acs.org.br\/academy\/nota-de-falecimento-4\/","title":{"rendered":"Nota de Falecimento"},"content":{"rendered":"<p>Caro associado, bom dia.<\/p>\n<p>Com pesar, informamos o falecimento hoje do sr. Olympio Amando de Souza Aranha Stockler, que, al\u00e9m de diretor, foi s\u00f3cio da Stockler Comercial e Exportadora Ltda e da Cafeeira de Armaz\u00e9ns Gerais Ltda, associadas da Associa\u00e7\u00e3o Comercial de&nbsp; Santos.<\/p>\n<p>Olympio tamb\u00e9m foi presidente do Departamento dos Exportadores de Caf\u00e9 e vice-presidente da Associa\u00e7\u00e3o Comercial de Santos.<\/p>\n<p>O vel\u00f3rio ser\u00e1 na Memorial Necr\u00f3pole Ecum\u00eanica, a partir das 12 horas, e, o sepultamento, \u00e0s 17 horas no mesmo local.<\/p>\n<p>\u00a0<\/p>\n<p>Cordialmente,<\/p>\n<p>\u00a0<\/p>\n<p>Marcio Calves<br \/>Diretor-executivo<\/p>\n<p><em>Associa\u00e7\u00e3o Comercial de Santos<\/em><br \/>Rua XV de Novembro, 137<br \/>Centro Hist\u00f3rico -Santos-SP-11010-151<br \/>Tel: (13) 3212-8200<br \/><a href=\"undefined\/\">www.acs.org.br<\/a><\/p>\n","protected":false},"excerpt":{"rendered":"<p>Caro associado, bom dia. Com pesar, informamos o falecimento hoje do sr. Olympio Amando de Souza Aranha Stockler, que, al\u00e9m de diretor, foi s\u00f3cio da Stockler Comercial e Exportadora Ltda e da Cafeeira de Armaz\u00e9ns Gerais Ltda, associadas da Associa\u00e7\u00e3o Comercial de&nbsp; Santos. Olympio tamb\u00e9m foi presidente do Departamento dos Exportadores de Caf\u00e9 e vice-presidente [&hellip;]<\/p>\n","protected":false},"author":1,"featured_media":0,"comment_status":"open","ping_status":"open","sticky":false,"template":"","format":"standard","meta":{"footnotes":""},"categories":[84],"tags":[],"_links":{"self":[{"href":"https:\/\/acs.org.br\/academy\/wp-json\/wp\/v2\/posts\/83777"}],"collection":[{"href":"https:\/\/acs.org.br\/academy\/wp-json\/wp\/v2\/posts"}],"about":[{"href":"https:\/\/acs.org.br\/academy\/wp-json\/wp\/v2\/types\/post"}],"author":[{"embeddable":true,"href":"https:\/\/acs.org.br\/academy\/wp-json\/wp\/v2\/users\/1"}],"replies":[{"embeddable":true,"href":"https:\/\/acs.org.br\/academy\/wp-json\/wp\/v2\/comments?post=83777"}],"version-history":[{"count":0,"href":"https:\/\/acs.org.br\/academy\/wp-json\/wp\/v2\/posts\/83777\/revisions"}],"wp:attachment":[{"href":"https:\/\/acs.org.br\/academy\/wp-json\/wp\/v2\/media?parent=83777"}],"wp:term":[{"taxonomy":"category","embeddable":true,"href":"https:\/\/acs.org.br\/academy\/wp-json\/wp\/v2\/categories?post=83777"},{"taxonomy":"post_tag","embeddable":true,"href":"https:\/\/acs.org.br\/academy\/wp-json\/wp\/v2\/tags?post=83777"}],"curies":[{"name":"wp","href":"https:\/\/api.w.org\/{rel}","templated":true}]}}