{"id":83729,"date":"2018-08-27T17:25:16","date_gmt":"2018-08-27T20:25:16","guid":{"rendered":"http:\/\/127.0.0.1\/acs\/candidatos-2018-na-acs-boulos-diz-ser-a-favor-de-descentralizacao-do-porto-de-santos-e-garante-que-vai-investir-na-modernizacao-de-portos-e-aeroportos\/"},"modified":"2018-08-27T17:25:16","modified_gmt":"2018-08-27T20:25:16","slug":"candidatos-2018-na-acs-boulos-diz-ser-a-favor-de-descentralizacao-do-porto-de-santos-e-garante-que-vai-investir-na-modernizacao-de-portos-e-aeroportos","status":"publish","type":"post","link":"https:\/\/acs.org.br\/academy\/candidatos-2018-na-acs-boulos-diz-ser-a-favor-de-descentralizacao-do-porto-de-santos-e-garante-que-vai-investir-na-modernizacao-de-portos-e-aeroportos\/","title":{"rendered":"Candidatos 2018 na ACS &#8211; Boulos diz ser a favor de descentraliza\u00e7\u00e3o do Porto de Santos e garante que vai investir na moderniza\u00e7\u00e3o de portos e aeroportos"},"content":{"rendered":"<p>Fonte: Assessoria de imprensa ACS<\/p>\n<p>O primeiro candidato \u00e0 presid\u00eancia da Rep\u00fablica a participar do ciclo de palestras que a Associa\u00e7\u00e3o Comercial de Santos (ACS) e o Grupo Tribuna promovem com os principais postulantes ao Governo do Estado e \u00e0 Presid\u00eancia foi Guilherme Boulos (PSOL), que esteve nesta segunda-feira, \u00e0s 11h30, no audit\u00f3rio da ACS. Ao falar sobre o uma poss\u00edvel regionaliza\u00e7\u00e3o da gest\u00e3o do Porto de Santos, ele disse ser \u201ca favor de formas de descentraliza\u00e7\u00e3o dentro de um marco federativo\u201d.<\/p>\n<p>Boulos e sua equipe foram recebidos pelo presidente da ACS, Roberto Clemente Santini, tamb\u00e9m diretor-presidente da TV Tribuna, e pelo diretor-executivo da ACS, Marcio Calves. Em seguida, eles seguiram para o audit\u00f3rio, onde assistiram ao v\u00eddeo institucional da Casa.<\/p>\n<\/p>\n<p><img loading=\"lazy\" decoding=\"async\" class=\" size-full wp-image-83723\" src=\"http:\/\/127.0.0.1\/acs\/wp-content\/uploads\/2018\/08\/WEB_2018_AGOSTO_BOULOS-W_BOULOS_0002.JPG\" width=\"570\" height=\"428\" srcset=\"https:\/\/acs.org.br\/academy\/wp-content\/uploads\/2018\/08\/WEB_2018_AGOSTO_BOULOS-W_BOULOS_0002.JPG 570w, https:\/\/acs.org.br\/academy\/wp-content\/uploads\/2018\/08\/WEB_2018_AGOSTO_BOULOS-W_BOULOS_0002-300x225.jpg 300w\" sizes=\"(max-width: 570px) 100vw, 570px\" \/><\/p>\n<p><img loading=\"lazy\" decoding=\"async\" class=\" size-full wp-image-83724\" src=\"http:\/\/127.0.0.1\/acs\/wp-content\/uploads\/2018\/08\/WEB_2018_AGOSTO_BOULOS-W_BOULOS_0024.JPG\" width=\"570\" height=\"428\" srcset=\"https:\/\/acs.org.br\/academy\/wp-content\/uploads\/2018\/08\/WEB_2018_AGOSTO_BOULOS-W_BOULOS_0024.JPG 570w, https:\/\/acs.org.br\/academy\/wp-content\/uploads\/2018\/08\/WEB_2018_AGOSTO_BOULOS-W_BOULOS_0024-300x225.jpg 300w\" sizes=\"(max-width: 570px) 100vw, 570px\" \/><\/p>\n<p>O candidato fez uma apresenta\u00e7\u00e3o de 35 minutos e, depois, respondeu aos questionamentos feitos pelos jornalistas e pelo p\u00fablico.<\/p>\n<p><img loading=\"lazy\" decoding=\"async\" class=\" size-full wp-image-83725\" src=\"http:\/\/127.0.0.1\/acs\/wp-content\/uploads\/2018\/08\/WEB_2018_AGOSTO_BOULOS-W_BOULOS_0018.JPG\" width=\"570\" height=\"428\" srcset=\"https:\/\/acs.org.br\/academy\/wp-content\/uploads\/2018\/08\/WEB_2018_AGOSTO_BOULOS-W_BOULOS_0018.JPG 570w, https:\/\/acs.org.br\/academy\/wp-content\/uploads\/2018\/08\/WEB_2018_AGOSTO_BOULOS-W_BOULOS_0018-300x225.jpg 300w\" sizes=\"(max-width: 570px) 100vw, 570px\" \/><\/p>\n<p>O diretor-executivo da ACS, Marcio Calves, perguntou o que Boulos achava sobre a quest\u00e3o da descentraliza\u00e7\u00e3o da gest\u00e3o portu\u00e1ria, uma vez que desde a Lei 12.815 de 2013 a explora\u00e7\u00e3o direta e indireta dos portos e das atividades desempenhadas pelos operadores portu\u00e1rios \u00e9 feita pela Uni\u00e3o.<\/p>\n<p><img loading=\"lazy\" decoding=\"async\" class=\" size-full wp-image-83726\" src=\"http:\/\/127.0.0.1\/acs\/wp-content\/uploads\/2018\/08\/WEB_2018_AGOSTO_BOULOS-W_BOULOS_0081.JPG\" width=\"570\" height=\"428\" srcset=\"https:\/\/acs.org.br\/academy\/wp-content\/uploads\/2018\/08\/WEB_2018_AGOSTO_BOULOS-W_BOULOS_0081.JPG 570w, https:\/\/acs.org.br\/academy\/wp-content\/uploads\/2018\/08\/WEB_2018_AGOSTO_BOULOS-W_BOULOS_0081-300x225.jpg 300w\" sizes=\"(max-width: 570px) 100vw, 570px\" \/><\/p>\n<p>Para responder a quest\u00e3o, primeiramente Boulos explicou que hoje o Brasil gasta 2% do PIB \u2013 Produto Interno Bruto &#8211; com investimento em infraestrutura, o que \u00e9 pouco, na opini\u00e3o dele, sendo que os padr\u00f5es internacionais est\u00e3o em torno de 4, 5 % do PIB.<\/p>\n<p><img loading=\"lazy\" decoding=\"async\" class=\" size-full wp-image-83727\" src=\"http:\/\/127.0.0.1\/acs\/wp-content\/uploads\/2018\/08\/WEB_2018_AGOSTO_BOULOS-W_BOULOS_0075.JPG\" width=\"570\" height=\"428\" srcset=\"https:\/\/acs.org.br\/academy\/wp-content\/uploads\/2018\/08\/WEB_2018_AGOSTO_BOULOS-W_BOULOS_0075.JPG 570w, https:\/\/acs.org.br\/academy\/wp-content\/uploads\/2018\/08\/WEB_2018_AGOSTO_BOULOS-W_BOULOS_0075-300x225.jpg 300w\" sizes=\"(max-width: 570px) 100vw, 570px\" \/><\/p>\n<p>\u201cNossa pretens\u00e3o \u00e9 dobrar para 4% em quatro anos e isso nos permitir\u00e1 tratar de modais de transporte. Esse caso do Porto \u00e9 a express\u00e3o da realidade de modal de transporte no Brasil, onde 80% de todas as cargas se d\u00e3o por vias rodovi\u00e1rias. Vamos investir em ferrovias e hidrovias, modernizando portos e aeroportos. Somos a favor de formas de descentraliza\u00e7\u00e3o de gest\u00e3o dentro de um marco federativo. N\u00e3o conhe\u00e7o de maneira apropriada a proposta espec\u00edfica do Porto de Santos, mas defendemos o processo que passe sim por regionaliza\u00e7\u00e3o de gest\u00e3o, porque n\u00e3o faz sentido, em todas as \u00e1reas, que um burocrata em Bras\u00edlia defina sobre quest\u00f5es de um local onde ele nunca pisou\u201d.<\/p>\n<p><img loading=\"lazy\" decoding=\"async\" class=\" size-full wp-image-83728\" src=\"http:\/\/127.0.0.1\/acs\/wp-content\/uploads\/2018\/08\/WEB_2018_AGOSTO_BOULOS-W_BOULOS_0045.JPG\" width=\"570\" height=\"428\" srcset=\"https:\/\/acs.org.br\/academy\/wp-content\/uploads\/2018\/08\/WEB_2018_AGOSTO_BOULOS-W_BOULOS_0045.JPG 570w, https:\/\/acs.org.br\/academy\/wp-content\/uploads\/2018\/08\/WEB_2018_AGOSTO_BOULOS-W_BOULOS_0045-300x225.jpg 300w\" sizes=\"(max-width: 570px) 100vw, 570px\" \/><\/p>\n<p>O candidato tamb\u00e9m falou sobre o programa \u201dLevanta Brasil\u201d, um plano de investimento focado em infraestrutura econ\u00f4mica e social, como a constru\u00e7\u00e3o de creches, escolas, hospitais e para saneamento b\u00e1sico.<\/p>\n<p>\u201cMas, de onde vem R$ 180 milh\u00f5es para investimentos? O problema \u00e9 que h\u00e1 p\u00e9ssima distribui\u00e7\u00e3o da renda nacional e isso impede e bloqueia investimentos. O Estado brasileiro \u00e9 financiado pela classe m\u00e9dia e pelos trabalhadores. H\u00e1 condi\u00e7\u00f5es de bancar um amplo plano de investimentos desde que se toque em privil\u00e9gios que v\u00e1rios governos n\u00e3o se dispuseram a tocar at\u00e9 aqui\u201d.<\/p>\n<p><strong>Confira os primeiros 20 minutos da palestra, clicando <a href=\"https:\/\/youtu.be\/QapXrgNHkW0\" target=\"_blank\" rel=\"noopener\">AQUI<\/a>.<\/strong><\/p>\n<p>\u00a0<\/p>\n<p><\/p>\n","protected":false},"excerpt":{"rendered":"<p>Fonte: Assessoria de imprensa ACS O primeiro candidato \u00e0 presid\u00eancia da Rep\u00fablica a participar do ciclo de palestras que a Associa\u00e7\u00e3o Comercial de Santos (ACS) e o Grupo Tribuna promovem com os principais postulantes ao Governo do Estado e \u00e0 Presid\u00eancia foi Guilherme Boulos (PSOL), que esteve nesta segunda-feira, \u00e0s 11h30, no audit\u00f3rio da ACS. [&hellip;]<\/p>\n","protected":false},"author":1,"featured_media":83722,"comment_status":"open","ping_status":"open","sticky":false,"template":"","format":"standard","meta":{"footnotes":""},"categories":[84],"tags":[],"_links":{"self":[{"href":"https:\/\/acs.org.br\/academy\/wp-json\/wp\/v2\/posts\/83729"}],"collection":[{"href":"https:\/\/acs.org.br\/academy\/wp-json\/wp\/v2\/posts"}],"about":[{"href":"https:\/\/acs.org.br\/academy\/wp-json\/wp\/v2\/types\/post"}],"author":[{"embeddable":true,"href":"https:\/\/acs.org.br\/academy\/wp-json\/wp\/v2\/users\/1"}],"replies":[{"embeddable":true,"href":"https:\/\/acs.org.br\/academy\/wp-json\/wp\/v2\/comments?post=83729"}],"version-history":[{"count":0,"href":"https:\/\/acs.org.br\/academy\/wp-json\/wp\/v2\/posts\/83729\/revisions"}],"wp:featuredmedia":[{"embeddable":true,"href":"https:\/\/acs.org.br\/academy\/wp-json\/wp\/v2\/media\/83722"}],"wp:attachment":[{"href":"https:\/\/acs.org.br\/academy\/wp-json\/wp\/v2\/media?parent=83729"}],"wp:term":[{"taxonomy":"category","embeddable":true,"href":"https:\/\/acs.org.br\/academy\/wp-json\/wp\/v2\/categories?post=83729"},{"taxonomy":"post_tag","embeddable":true,"href":"https:\/\/acs.org.br\/academy\/wp-json\/wp\/v2\/tags?post=83729"}],"curies":[{"name":"wp","href":"https:\/\/api.w.org\/{rel}","templated":true}]}}