{"id":83689,"date":"2018-08-23T00:00:00","date_gmt":"2018-08-23T03:00:00","guid":{"rendered":"http:\/\/127.0.0.1\/acs\/nota-de-falecimento-3\/"},"modified":"2018-08-23T00:00:00","modified_gmt":"2018-08-23T03:00:00","slug":"nota-de-falecimento-3","status":"publish","type":"post","link":"https:\/\/acs.org.br\/academy\/nota-de-falecimento-3\/","title":{"rendered":"Nota de Falecimento"},"content":{"rendered":"<p>Caro associado, bom dia.<\/p>\n<p>Com pesar, informamos o falecimento do sr. Virg\u00edlio Gon\u00e7alves Pina Filho, presidente da empresa T-Gr\u00e3o Cargo, associado e ex-integrante da diretoria da Associa\u00e7\u00e3o Comercial de Santos.<\/p>\n<p>O vel\u00f3rio ser\u00e1 na Memorial Necr\u00f3pole Ecum\u00eanica (Avenida Dr. Nilo Pe\u00e7anha, 50 &#8211; Marap\u00e9, em Santos) a partir das 15 horas, e o enterro, \u00e0s 19 horas no mesmo local.<\/p>\n<p>Cordialmente,<br \/>Marcio Calves<\/p>\n<p>Diretor-executivo<br \/><b>Associa\u00e7\u00e3o Comercial de Santos<\/b><\/p>\n","protected":false},"excerpt":{"rendered":"<p>Caro associado, bom dia. Com pesar, informamos o falecimento do sr. Virg\u00edlio Gon\u00e7alves Pina Filho, presidente da empresa T-Gr\u00e3o Cargo, associado e ex-integrante da diretoria da Associa\u00e7\u00e3o Comercial de Santos. O vel\u00f3rio ser\u00e1 na Memorial Necr\u00f3pole Ecum\u00eanica (Avenida Dr. Nilo Pe\u00e7anha, 50 &#8211; Marap\u00e9, em Santos) a partir das 15 horas, e o enterro, \u00e0s [&hellip;]<\/p>\n","protected":false},"author":1,"featured_media":0,"comment_status":"open","ping_status":"open","sticky":false,"template":"","format":"standard","meta":{"footnotes":""},"categories":[84],"tags":[],"_links":{"self":[{"href":"https:\/\/acs.org.br\/academy\/wp-json\/wp\/v2\/posts\/83689"}],"collection":[{"href":"https:\/\/acs.org.br\/academy\/wp-json\/wp\/v2\/posts"}],"about":[{"href":"https:\/\/acs.org.br\/academy\/wp-json\/wp\/v2\/types\/post"}],"author":[{"embeddable":true,"href":"https:\/\/acs.org.br\/academy\/wp-json\/wp\/v2\/users\/1"}],"replies":[{"embeddable":true,"href":"https:\/\/acs.org.br\/academy\/wp-json\/wp\/v2\/comments?post=83689"}],"version-history":[{"count":0,"href":"https:\/\/acs.org.br\/academy\/wp-json\/wp\/v2\/posts\/83689\/revisions"}],"wp:attachment":[{"href":"https:\/\/acs.org.br\/academy\/wp-json\/wp\/v2\/media?parent=83689"}],"wp:term":[{"taxonomy":"category","embeddable":true,"href":"https:\/\/acs.org.br\/academy\/wp-json\/wp\/v2\/categories?post=83689"},{"taxonomy":"post_tag","embeddable":true,"href":"https:\/\/acs.org.br\/academy\/wp-json\/wp\/v2\/tags?post=83689"}],"curies":[{"name":"wp","href":"https:\/\/api.w.org\/{rel}","templated":true}]}}