{"id":83663,"date":"2018-08-21T11:16:35","date_gmt":"2018-08-21T14:16:35","guid":{"rendered":"http:\/\/127.0.0.1\/acs\/semana-jovem\/"},"modified":"2018-08-21T11:16:35","modified_gmt":"2018-08-21T14:16:35","slug":"semana-jovem","status":"publish","type":"post","link":"https:\/\/acs.org.br\/academy\/semana-jovem\/","title":{"rendered":"9\u00aa Semana do Jovem Empreendedor come\u00e7a com palestra sobre constru\u00e7\u00e3o civil e mercado imobili\u00e1rio"},"content":{"rendered":"<p style=\"text-align: left;\" align=\"center\">Fonte: Assessoria de imprensa ACS<\/p>\n<p>A 9\u00aa edi\u00e7\u00e3o da Semana do Jovem Empreendedor, iniciativa da Associa\u00e7\u00e3o Comercial de Santos Jovem &#8211; ACS Jovem, come\u00e7ou nesta segunda-feira (21) com um debate sobre constru\u00e7\u00e3o civil e mercado imobili\u00e1rio. A programa\u00e7\u00e3o segue at\u00e9 sexta-feira (24), em diversas universidades da Cidade (ver abaixo).<\/p>\n<p>&nbsp;<\/p>\n<p>A cerim\u00f4nia de abertura ocorreu no audit\u00f3rio da Universidade Santa Cec\u00edlia \u2013 UniSanta. O presidente da ACS, Roberto Clemente Santini, ressaltou em seu discurso que a Semana do Jovem Empreendedor \u00e9 uma demonstra\u00e7\u00e3o de cidadania.<\/p>\n<p><img loading=\"lazy\" decoding=\"async\" class=\" size-full wp-image-83647\" src=\"http:\/\/127.0.0.1\/acs\/wp-content\/uploads\/2018\/08\/WEB_2018_AGOSTO_SEMANA-W_SEMANA-033.jpg\" width=\"570\" height=\"426\" srcset=\"https:\/\/acs.org.br\/academy\/wp-content\/uploads\/2018\/08\/WEB_2018_AGOSTO_SEMANA-W_SEMANA-033.jpg 570w, https:\/\/acs.org.br\/academy\/wp-content\/uploads\/2018\/08\/WEB_2018_AGOSTO_SEMANA-W_SEMANA-033-300x224.jpg 300w\" sizes=\"(max-width: 570px) 100vw, 570px\" \/><\/p>\n<p>\u201cNos dias de hoje, al\u00e9m da forma\u00e7\u00e3o acad\u00eamica, essa participa\u00e7\u00e3o de voc\u00eas, agora debatendo e se engajando em torno das grandes quest\u00f5es, \u00e9 um diferencial fundamental para a constru\u00e7\u00e3o do nosso futuro\u201d.<\/p>\n<p>O coordenador da ACS Jovem, Marcelo Teixeira Filho, disse em sua fala que as finalidades deste evento s\u00e3o discutir, proporcionar conhecimento e fomentar o empreendedorismo na regi\u00e3o.<\/p>\n<p><img loading=\"lazy\" decoding=\"async\" class=\" size-full wp-image-83648\" src=\"http:\/\/127.0.0.1\/acs\/wp-content\/uploads\/2018\/08\/WEB_2018_AGOSTO_SEMANA-W_SEMANA-057.jpg\" width=\"570\" height=\"428\" srcset=\"https:\/\/acs.org.br\/academy\/wp-content\/uploads\/2018\/08\/WEB_2018_AGOSTO_SEMANA-W_SEMANA-057.jpg 570w, https:\/\/acs.org.br\/academy\/wp-content\/uploads\/2018\/08\/WEB_2018_AGOSTO_SEMANA-W_SEMANA-057-300x225.jpg 300w\" sizes=\"(max-width: 570px) 100vw, 570px\" \/>&nbsp;<\/p>\n<p>\u201cTodos n\u00f3s acreditamos no empreendedorismo e que, por meio dele, podemos realizar nossos sonhos. Em momentos de crise pol\u00edtica e financeira desenvolvemos esses encontros e as palestras para confirmar que podemos crescer em nosso Pa\u00eds e que h\u00e1 oportunidade para todos\u201d.<\/p>\n<p>Em seguida, foram entregues os certificados de participa\u00e7\u00e3o aos palestrantes da noite.<\/p>\n<p><img loading=\"lazy\" decoding=\"async\" class=\" size-full wp-image-83649\" src=\"http:\/\/127.0.0.1\/acs\/wp-content\/uploads\/2018\/08\/WEB_2018_AGOSTO_SEMANA-W_SEMANA-061.jpg\" width=\"570\" height=\"463\" srcset=\"https:\/\/acs.org.br\/academy\/wp-content\/uploads\/2018\/08\/WEB_2018_AGOSTO_SEMANA-W_SEMANA-061.jpg 570w, https:\/\/acs.org.br\/academy\/wp-content\/uploads\/2018\/08\/WEB_2018_AGOSTO_SEMANA-W_SEMANA-061-300x244.jpg 300w\" sizes=\"(max-width: 570px) 100vw, 570px\" \/><\/p>\n<p><img loading=\"lazy\" decoding=\"async\" class=\" size-full wp-image-83650\" src=\"http:\/\/127.0.0.1\/acs\/wp-content\/uploads\/2018\/08\/WEB_2018_AGOSTO_SEMANA-W_SEMANA-063.jpg\" width=\"570\" height=\"429\" srcset=\"https:\/\/acs.org.br\/academy\/wp-content\/uploads\/2018\/08\/WEB_2018_AGOSTO_SEMANA-W_SEMANA-063.jpg 570w, https:\/\/acs.org.br\/academy\/wp-content\/uploads\/2018\/08\/WEB_2018_AGOSTO_SEMANA-W_SEMANA-063-300x226.jpg 300w\" sizes=\"(max-width: 570px) 100vw, 570px\" \/><\/p>\n<p><img loading=\"lazy\" decoding=\"async\" class=\" size-full wp-image-83651\" src=\"http:\/\/127.0.0.1\/acs\/wp-content\/uploads\/2018\/08\/WEB_2018_AGOSTO_SEMANA-W_SEMANA-068.jpg\" width=\"570\" height=\"428\" srcset=\"https:\/\/acs.org.br\/academy\/wp-content\/uploads\/2018\/08\/WEB_2018_AGOSTO_SEMANA-W_SEMANA-068.jpg 570w, https:\/\/acs.org.br\/academy\/wp-content\/uploads\/2018\/08\/WEB_2018_AGOSTO_SEMANA-W_SEMANA-068-300x225.jpg 300w\" sizes=\"(max-width: 570px) 100vw, 570px\" \/><\/p>\n<p><b>Apresenta\u00e7\u00f5es e debate<\/b><\/p>\n<p>A mediadora do primeiro debate, que teve como tema \u201cFuturo e oportunidade na constru\u00e7\u00e3o civil e mercado imobili\u00e1rio\u201d foi Claudia Duarte, jornalista do Grupo Tribuna. Os participantes convidados para este primeiro encontro foram: In\u00e1 Castaldi (V\u00e9rtice Constru\u00e7\u00f5es Civis), Roberto Barroso (Engeplus), Ronaldo Rold\u00e3o Barbosa (Lopes Intermedia\u00e7\u00e3o Imobili\u00e1ria) e o secret\u00e1rio de Infraestrutura e Edifica\u00e7\u00f5es de Santos, Angelo Costa.<\/p>\n<p><img loading=\"lazy\" decoding=\"async\" class=\" size-full wp-image-83652\" src=\"http:\/\/127.0.0.1\/acs\/wp-content\/uploads\/2018\/08\/WEB_2018_AGOSTO_SEMANA-W_SEMANA-070.jpg\" width=\"570\" height=\"413\" srcset=\"https:\/\/acs.org.br\/academy\/wp-content\/uploads\/2018\/08\/WEB_2018_AGOSTO_SEMANA-W_SEMANA-070.jpg 570w, https:\/\/acs.org.br\/academy\/wp-content\/uploads\/2018\/08\/WEB_2018_AGOSTO_SEMANA-W_SEMANA-070-300x217.jpg 300w\" sizes=\"(max-width: 570px) 100vw, 570px\" \/>&nbsp;<\/p>\n<p>Cada um apresentou sua trajet\u00f3ria profissional, seus principais desafios e conquistas. A primeira a falar foi In\u00e1 Castaldi, s\u00f3cia e diretora-t\u00e9cnica da V\u00e9rtice, onde come\u00e7ou na d\u00e9cada de 80.<\/p>\n<p><img loading=\"lazy\" decoding=\"async\" class=\" size-full wp-image-83653\" src=\"http:\/\/127.0.0.1\/acs\/wp-content\/uploads\/2018\/08\/WEB_2018_AGOSTO_SEMANA-W_SEMANA-086.jpg\" width=\"570\" height=\"430\" srcset=\"https:\/\/acs.org.br\/academy\/wp-content\/uploads\/2018\/08\/WEB_2018_AGOSTO_SEMANA-W_SEMANA-086.jpg 570w, https:\/\/acs.org.br\/academy\/wp-content\/uploads\/2018\/08\/WEB_2018_AGOSTO_SEMANA-W_SEMANA-086-300x226.jpg 300w\" sizes=\"(max-width: 570px) 100vw, 570px\" \/><\/p>\n<p>\u201cN\u00e3o \u00e9 f\u00e1cil porque h\u00e1 40 anos n\u00e3o tinha ramo para mulher, tinham poucas op\u00e7\u00f5es. Na engenharia, ent\u00e3o, nem se fala. Eu escolhi a civil e se pudesse escolheria de novo\u201d.<\/p>\n<p>Na sequ\u00eancia, Roberto Luiz Barroso Filho, propriet\u00e1rio da Engeplus, contou sua trajet\u00f3ria desde quando iniciou os estudos em engenharia.<\/p>\n<p><img loading=\"lazy\" decoding=\"async\" class=\" size-full wp-image-83654\" src=\"http:\/\/127.0.0.1\/acs\/wp-content\/uploads\/2018\/08\/WEB_2018_AGOSTO_SEMANA-W_SEMANA-105.jpg\" width=\"570\" height=\"428\" srcset=\"https:\/\/acs.org.br\/academy\/wp-content\/uploads\/2018\/08\/WEB_2018_AGOSTO_SEMANA-W_SEMANA-105.jpg 570w, https:\/\/acs.org.br\/academy\/wp-content\/uploads\/2018\/08\/WEB_2018_AGOSTO_SEMANA-W_SEMANA-105-300x225.jpg 300w\" sizes=\"(max-width: 570px) 100vw, 570px\" \/>&nbsp;<\/p>\n<p>\u201cEra o melhor aluno, ent\u00e3o, consegui bolsa. Meu pai resolveu montar uma empresa comigo, vendo meu esfor\u00e7o. Mas, recebi na \u00e9poca uma proposta para ganhar tr\u00eas vezes o sal\u00e1rio de um engenheiro para trabalhar em outro lugar. Eu aceitei, era a maior empresa do Brasil. Comecei arrumando sozinho terreno a pre\u00e7o de custo, at\u00e9 que consegui fazer cinco pr\u00e9dios aos 26 anos de idade. N\u00e3o tinha dinheiro pra comprar terreno, ent\u00e3o, era tudo na base da permuta. At\u00e9 que a fam\u00edlia Teixeira me deu uma oportunidade, foi o grande impulso na minha vida, de fazer os pr\u00e9dios todos da faculdade. Depois, tive oportunidade de fazer os pr\u00e9dios da Unimes tamb\u00e9m. N\u00e3o foi f\u00e1cil, mas minha empresa hoje tem 30 anos\u201d.<\/p>\n<p>O terceiro da noite a apresentar sua hist\u00f3ria foi o diretor-geral da Lopes Intermedia\u00e7\u00e3o Imobili\u00e1ria, Ronaldo Rold\u00e3o Barbosa, que relembrou o in\u00edcio de sua vida no mercado de trabalho como vendedor de roupas, em um shopping no Rio de Janeiro.<\/p>\n<p><img loading=\"lazy\" decoding=\"async\" class=\" size-full wp-image-83655\" src=\"http:\/\/127.0.0.1\/acs\/wp-content\/uploads\/2018\/08\/WEB_2018_AGOSTO_SEMANA-W_SEMANA-121.jpg\" width=\"570\" height=\"426\" srcset=\"https:\/\/acs.org.br\/academy\/wp-content\/uploads\/2018\/08\/WEB_2018_AGOSTO_SEMANA-W_SEMANA-121.jpg 570w, https:\/\/acs.org.br\/academy\/wp-content\/uploads\/2018\/08\/WEB_2018_AGOSTO_SEMANA-W_SEMANA-121-300x224.jpg 300w\" sizes=\"(max-width: 570px) 100vw, 570px\" \/>&nbsp;<\/p>\n<p>\u201cDepois, fui representante de uma marca em S\u00e3o Paulo. L\u00e1, tive oportunidade de atender um diretor da Abyara, que me falou: \u201calem\u00e3o, vem vender apartamento que voc\u00ea vai ganhar mais\u201d e eu fui. At\u00e9 que em 2009 tive a oportunidade de vir para Santos, durante o boom imobili\u00e1rio, pela Abyara, como corretor de im\u00f3veis. Surfei essa onda e, na semana passada, recebi uma proposta do Grupo Lopes. Aceitei assumir toda diretoria de vendas em S\u00e3o Paulo e abrir uma franquia do grupo em Santos\u201d.<\/p>\n<p>Por fim, o secret\u00e1rio de Infraestrutura e Edifica\u00e7\u00f5es de Santos, Angelo Costa, falou sobre sua carreira. \u201cComecei em 1983, quando tivemos uma crise semelhante a que temos agora. Houve uma desarticula\u00e7\u00e3o de todas as grandes empresas de engenharia e fui para Rond\u00f4nia, empreender no meio da selva. Depois fui Minas Gerais, S\u00e3o Paulo, Santos novamente, fiz obras em Portugal, voltei a Santos, trabalhei na Engeplus e estou h\u00e1 seis anos na Prefeitura, desenvolvendo R$ 1 bilh\u00e3o em obras\u201d.<\/p>\n<p><img loading=\"lazy\" decoding=\"async\" class=\" size-full wp-image-83656\" src=\"http:\/\/127.0.0.1\/acs\/wp-content\/uploads\/2018\/08\/WEB_2018_AGOSTO_SEMANA-W_SEMANA-148.jpg\" width=\"570\" height=\"441\" srcset=\"https:\/\/acs.org.br\/academy\/wp-content\/uploads\/2018\/08\/WEB_2018_AGOSTO_SEMANA-W_SEMANA-148.jpg 570w, https:\/\/acs.org.br\/academy\/wp-content\/uploads\/2018\/08\/WEB_2018_AGOSTO_SEMANA-W_SEMANA-148-300x232.jpg 300w\" sizes=\"(max-width: 570px) 100vw, 570px\" \/>&nbsp;<\/p>\n<p>A programa\u00e7\u00e3o da Semana do Jovem Empreendedor come\u00e7a sempre \u00e0s 19 horas e, nesta ter\u00e7a-feira (21), ser\u00e1 na Strong Esags, com o tema \u201cEconomia que cabe no meu bolso\u201d. O mediador desta noite ser\u00e1 Eurico Vaz (Sicredi) e os participantes ser\u00e3o Wagner Nunes (Argos Financial Partner), Marco Aur\u00e9lio Rosas (Sebrae) e Gabriel Silvio (Banco do Povo).<\/p>\n<p>Na quarta-feira (22), na Unisantos, o tema em discuss\u00e3o ser\u00e1 \u201cGastronomia e entretenimento em Santos\u201d. O mediador ser\u00e1 o professor Elias Haddad. Os convidados ser\u00e3o Alex Piraj\u00e1 (Moby Dick), Daniel Maggi (Original CO e Local), Janaina Cardoso (Natufoods), Michele Uerama (coordenador do curso de gastronomia).<\/p>\n<p>Na Unimonte \u2013 Campus S\u00e3o Judas, quinta-feira (23), o tema do debate ser\u00e1 \u201cTecnologia e inova\u00e7\u00e3o\u201d e o mediador ser\u00e1 o professor Adalto Correa. Participam deste debate Rodolfo (7 Waves), Paulo Loyola (Parque Tecnol\u00f3gico) e Celso Garcia (Webnets).<\/p>\n<p>No \u00faltimo dia, na Unip, o tema ser\u00e1 \u201cGrandes embarca\u00e7\u00f5es no Porto de Santos, Grandes oportunidades para Empreender\u201d. O mediador ser\u00e1 o jornalista e diretor-executivo da Associa\u00e7\u00e3o Comercial de Santos, Marcio Calves, e os convidados ser\u00e3o Carlos Po\u00e7o (Diretor de Opera\u00e7\u00f5es Log\u00edstica da Codesp), Alvaro Clemente S. Neto (gerente de Fiscaliza\u00e7\u00e3o da Codesp), o Capit\u00e3o de Fragata Marcelo Adahir Vieier Ferreira (Capitania dos Portos do Estado de S\u00e3o Paulo), e Simone Moreno (coordenadora de Cursos Gest\u00e3o Portu\u00e1ria, Com\u00e9rcio Exterior e Log\u00edstica).<\/p>\n<p><img loading=\"lazy\" decoding=\"async\" class=\" size-full wp-image-83657\" src=\"http:\/\/127.0.0.1\/acs\/wp-content\/uploads\/2018\/08\/WEB_2018_AGOSTO_SEMANA-W_SEMANA-002.jpg\" width=\"570\" height=\"437\" srcset=\"https:\/\/acs.org.br\/academy\/wp-content\/uploads\/2018\/08\/WEB_2018_AGOSTO_SEMANA-W_SEMANA-002.jpg 570w, https:\/\/acs.org.br\/academy\/wp-content\/uploads\/2018\/08\/WEB_2018_AGOSTO_SEMANA-W_SEMANA-002-300x230.jpg 300w\" sizes=\"(max-width: 570px) 100vw, 570px\" \/><\/p>\n<p><img loading=\"lazy\" decoding=\"async\" class=\" size-full wp-image-83658\" src=\"http:\/\/127.0.0.1\/acs\/wp-content\/uploads\/2018\/08\/WEB_2018_AGOSTO_SEMANA-W_SEMANA-007.jpg\" width=\"570\" height=\"435\" srcset=\"https:\/\/acs.org.br\/academy\/wp-content\/uploads\/2018\/08\/WEB_2018_AGOSTO_SEMANA-W_SEMANA-007.jpg 570w, https:\/\/acs.org.br\/academy\/wp-content\/uploads\/2018\/08\/WEB_2018_AGOSTO_SEMANA-W_SEMANA-007-300x229.jpg 300w\" sizes=\"(max-width: 570px) 100vw, 570px\" \/><\/p>\n<p><img loading=\"lazy\" decoding=\"async\" class=\" size-full wp-image-83659\" src=\"http:\/\/127.0.0.1\/acs\/wp-content\/uploads\/2018\/08\/WEB_2018_AGOSTO_SEMANA-W_SEMANA-014.jpg\" width=\"570\" height=\"406\" srcset=\"https:\/\/acs.org.br\/academy\/wp-content\/uploads\/2018\/08\/WEB_2018_AGOSTO_SEMANA-W_SEMANA-014.jpg 570w, https:\/\/acs.org.br\/academy\/wp-content\/uploads\/2018\/08\/WEB_2018_AGOSTO_SEMANA-W_SEMANA-014-300x214.jpg 300w\" sizes=\"(max-width: 570px) 100vw, 570px\" \/><\/p>\n<p><img loading=\"lazy\" decoding=\"async\" class=\" size-full wp-image-83660\" src=\"http:\/\/127.0.0.1\/acs\/wp-content\/uploads\/2018\/08\/WEB_2018_AGOSTO_SEMANA-W_SEMANA-024.jpg\" width=\"570\" height=\"430\" srcset=\"https:\/\/acs.org.br\/academy\/wp-content\/uploads\/2018\/08\/WEB_2018_AGOSTO_SEMANA-W_SEMANA-024.jpg 570w, https:\/\/acs.org.br\/academy\/wp-content\/uploads\/2018\/08\/WEB_2018_AGOSTO_SEMANA-W_SEMANA-024-300x226.jpg 300w\" sizes=\"(max-width: 570px) 100vw, 570px\" \/><\/p>\n<p><img loading=\"lazy\" decoding=\"async\" class=\" size-full wp-image-83661\" src=\"http:\/\/127.0.0.1\/acs\/wp-content\/uploads\/2018\/08\/WEB_2018_AGOSTO_SEMANA-W_SEMANA-025.jpg\" width=\"570\" height=\"430\" srcset=\"https:\/\/acs.org.br\/academy\/wp-content\/uploads\/2018\/08\/WEB_2018_AGOSTO_SEMANA-W_SEMANA-025.jpg 570w, https:\/\/acs.org.br\/academy\/wp-content\/uploads\/2018\/08\/WEB_2018_AGOSTO_SEMANA-W_SEMANA-025-300x226.jpg 300w\" sizes=\"(max-width: 570px) 100vw, 570px\" \/><\/p>\n<p>\u00a0<\/p>\n<p><img loading=\"lazy\" decoding=\"async\" class=\" size-full wp-image-83662\" src=\"http:\/\/127.0.0.1\/acs\/wp-content\/uploads\/2018\/08\/WEB_2018_AGOSTO_SEMANA-W_SEMANA-080.jpg\" width=\"570\" height=\"411\" srcset=\"https:\/\/acs.org.br\/academy\/wp-content\/uploads\/2018\/08\/WEB_2018_AGOSTO_SEMANA-W_SEMANA-080.jpg 570w, https:\/\/acs.org.br\/academy\/wp-content\/uploads\/2018\/08\/WEB_2018_AGOSTO_SEMANA-W_SEMANA-080-300x216.jpg 300w\" sizes=\"(max-width: 570px) 100vw, 570px\" \/><\/p>\n","protected":false},"excerpt":{"rendered":"<p>Fonte: Assessoria de imprensa ACS A 9\u00aa edi\u00e7\u00e3o da Semana do Jovem Empreendedor, iniciativa da Associa\u00e7\u00e3o Comercial de Santos Jovem &#8211; ACS Jovem, come\u00e7ou nesta segunda-feira (21) com um debate sobre constru\u00e7\u00e3o civil e mercado imobili\u00e1rio. A programa\u00e7\u00e3o segue at\u00e9 sexta-feira (24), em diversas universidades da Cidade (ver abaixo). &nbsp; A cerim\u00f4nia de abertura ocorreu [&hellip;]<\/p>\n","protected":false},"author":1,"featured_media":83646,"comment_status":"open","ping_status":"open","sticky":false,"template":"","format":"standard","meta":{"footnotes":""},"categories":[84],"tags":[],"_links":{"self":[{"href":"https:\/\/acs.org.br\/academy\/wp-json\/wp\/v2\/posts\/83663"}],"collection":[{"href":"https:\/\/acs.org.br\/academy\/wp-json\/wp\/v2\/posts"}],"about":[{"href":"https:\/\/acs.org.br\/academy\/wp-json\/wp\/v2\/types\/post"}],"author":[{"embeddable":true,"href":"https:\/\/acs.org.br\/academy\/wp-json\/wp\/v2\/users\/1"}],"replies":[{"embeddable":true,"href":"https:\/\/acs.org.br\/academy\/wp-json\/wp\/v2\/comments?post=83663"}],"version-history":[{"count":0,"href":"https:\/\/acs.org.br\/academy\/wp-json\/wp\/v2\/posts\/83663\/revisions"}],"wp:featuredmedia":[{"embeddable":true,"href":"https:\/\/acs.org.br\/academy\/wp-json\/wp\/v2\/media\/83646"}],"wp:attachment":[{"href":"https:\/\/acs.org.br\/academy\/wp-json\/wp\/v2\/media?parent=83663"}],"wp:term":[{"taxonomy":"category","embeddable":true,"href":"https:\/\/acs.org.br\/academy\/wp-json\/wp\/v2\/categories?post=83663"},{"taxonomy":"post_tag","embeddable":true,"href":"https:\/\/acs.org.br\/academy\/wp-json\/wp\/v2\/tags?post=83663"}],"curies":[{"name":"wp","href":"https:\/\/api.w.org\/{rel}","templated":true}]}}