{"id":83621,"date":"2018-08-20T10:22:11","date_gmt":"2018-08-20T13:22:11","guid":{"rendered":"http:\/\/127.0.0.1\/acs\/confira-a-programacao-da-9a-semana-do-jovem-empreendedor-de-santos\/"},"modified":"2018-08-20T10:22:11","modified_gmt":"2018-08-20T13:22:11","slug":"confira-a-programacao-da-9a-semana-do-jovem-empreendedor-de-santos","status":"publish","type":"post","link":"https:\/\/acs.org.br\/academy\/confira-a-programacao-da-9a-semana-do-jovem-empreendedor-de-santos\/","title":{"rendered":"Confira a programa\u00e7\u00e3o da 9\u00aa Semana do Jovem Empreendedor de Santos"},"content":{"rendered":"<p style=\"text-align: left;\" align=\"center\">Come\u00e7a nesta segunda-feira (20) a 9\u00aa Semana do Jovem Empreendedor de Santos, realizada pela Associa\u00e7\u00e3o Comercial de Santos Jovem \u2013 ACS Jovem.<\/p>\n<p>A entrada \u00e9 gratuita e as palestras s\u00e3o abertas ao p\u00fablico.<\/p>\n<p>Confira a programa\u00e7\u00e3o:<\/p>\n<p><b><span style=\"text-decoration: underline;\"> <\/span><\/b><\/p>\n<p><b><span style=\"text-decoration: underline;\">SEGUNDA-FEIRA<\/span><\/b><\/p>\n<p>UNISANTA (Rua Ces\u00e1rio Mota, 8, Boqueir\u00e3o, Santos) &#8211; 19 horas<\/p>\n<p>Tema: Futuro e oportunidade na constru\u00e7\u00e3o civil e mercado imobili\u00e1rio<\/p>\n<p>Mediadora: Claudia Duarte<\/p>\n<p>Ina Castaldi &#8211; V\u00e9rtice<\/p>\n<p>Roberto Barroso &#8211; Engeplus<\/p>\n<p>Rold\u00e3o Abyara &#8211; Abyara<\/p>\n<p>Andr\u00e9 Canoilas &#8211; AMC Incorporadora<\/p>\n<p>Angelo Costa &#8211; secret\u00e1rio de Infraestrutura e Edifica\u00e7\u00f5es de Santos<\/p>\n<p>\u00a0<\/p>\n<p><b><span style=\"text-decoration: underline;\">TER\u00c7A-FEIRA<\/span><\/b><\/p>\n<p>STRONG ESAGS<\/p>\n<p>Tema: Economia que cabe no meu bolso<\/p>\n<p>Mediador: Eurico Vaz &#8211; Sicredi<\/p>\n<p>Wagner Nunes &#8211; Argos Financial Partner<\/p>\n<p>Marco Aur\u00e9lio Rosas &#8211; Sebrae<\/p>\n<p>Gabriel Silvio &#8211; Banco do Povo<\/p>\n<p>\u00a0<\/p>\n<p><b><span style=\"text-decoration: underline;\">QUARTA-FEIRA<\/span><\/b><\/p>\n<p>UNISANTOS<\/p>\n<p>Tema: Gastronomia e entretenimento em Santos<\/p>\n<p>Mediador: prof. Elias Haddad<\/p>\n<p>Alex Piraj\u00e1 &#8211; Moby Dick<\/p>\n<p>Daniel Maggi &#8211; Original CO e Local<\/p>\n<p>Janaina Cardoso- Natufoods<\/p>\n<p>Michele Uerama &#8211; coord. do curso de gastronomia<\/p>\n<p>\u00a0<\/p>\n<p><b><span style=\"text-decoration: underline;\">QUINTA-FEIRA<\/span><\/b><\/p>\n<p>S\u00c3O JUDAS &#8211; UNIMONTE<\/p>\n<p>Tema: Tecnologia e inova\u00e7\u00e3o<\/p>\n<p>Mediador: prof. Adalto Correa<\/p>\n<p>Rodolfo &#8211; 7 waves<\/p>\n<p>Paulo Loyola &#8211; Parque Tecnol\u00f3gico<\/p>\n<p>Celso Garcia \u2013 Webnets<\/p>\n<p>\u00a0<\/p>\n<p><b><span style=\"text-decoration: underline;\">SEXTA-FEIRA<\/span><\/b><\/p>\n<p>UNIP<\/p>\n<p>TEMA: Grandes embarca\u00e7\u00f5es no Porto de Santos, Grandes oportunidades para Empreender<\/p>\n<p>Mediadora: Fernanda Balbino &#8211; A Tribuna<\/p>\n<p>Carlos Po\u00e7o \u2013 Diretor de Opera\u00e7\u00f5es Logistica &#8211; CODESP<\/p>\n<p>Alvaro Clemente S. Neto \u2013 Gerente de Fiscaliza\u00e7\u00e3o &#8211; CODESP<\/p>\n<p>Capit\u00e3o de Fragata Marcelo Adahir Vieier Ferreira &#8211; CAPITANIA DOS PORTOS DO ESTADO DE S\u00c3O PAULO<\/p>\n<p>Simone Moreno \u2013 Coordenadora de Cursos Gest\u00e3o Portu\u00e1ria, Com\u00e9rcio Exterior e Log\u00edstica<\/p>\n","protected":false},"excerpt":{"rendered":"<p>Come\u00e7a nesta segunda-feira (20) a 9\u00aa Semana do Jovem Empreendedor de Santos, realizada pela Associa\u00e7\u00e3o Comercial de Santos Jovem \u2013 ACS Jovem. A entrada \u00e9 gratuita e as palestras s\u00e3o abertas ao p\u00fablico. Confira a programa\u00e7\u00e3o: SEGUNDA-FEIRA UNISANTA (Rua Ces\u00e1rio Mota, 8, Boqueir\u00e3o, Santos) &#8211; 19 horas Tema: Futuro e oportunidade na constru\u00e7\u00e3o civil e [&hellip;]<\/p>\n","protected":false},"author":1,"featured_media":0,"comment_status":"open","ping_status":"open","sticky":false,"template":"","format":"standard","meta":{"footnotes":""},"categories":[84],"tags":[],"_links":{"self":[{"href":"https:\/\/acs.org.br\/academy\/wp-json\/wp\/v2\/posts\/83621"}],"collection":[{"href":"https:\/\/acs.org.br\/academy\/wp-json\/wp\/v2\/posts"}],"about":[{"href":"https:\/\/acs.org.br\/academy\/wp-json\/wp\/v2\/types\/post"}],"author":[{"embeddable":true,"href":"https:\/\/acs.org.br\/academy\/wp-json\/wp\/v2\/users\/1"}],"replies":[{"embeddable":true,"href":"https:\/\/acs.org.br\/academy\/wp-json\/wp\/v2\/comments?post=83621"}],"version-history":[{"count":0,"href":"https:\/\/acs.org.br\/academy\/wp-json\/wp\/v2\/posts\/83621\/revisions"}],"wp:attachment":[{"href":"https:\/\/acs.org.br\/academy\/wp-json\/wp\/v2\/media?parent=83621"}],"wp:term":[{"taxonomy":"category","embeddable":true,"href":"https:\/\/acs.org.br\/academy\/wp-json\/wp\/v2\/categories?post=83621"},{"taxonomy":"post_tag","embeddable":true,"href":"https:\/\/acs.org.br\/academy\/wp-json\/wp\/v2\/tags?post=83621"}],"curies":[{"name":"wp","href":"https:\/\/api.w.org\/{rel}","templated":true}]}}