{"id":83591,"date":"2018-08-16T09:29:07","date_gmt":"2018-08-16T12:29:07","guid":{"rendered":"http:\/\/127.0.0.1\/acs\/ficon-2\/"},"modified":"2018-08-16T09:29:07","modified_gmt":"2018-08-16T12:29:07","slug":"ficon-2","status":"publish","type":"post","link":"https:\/\/acs.org.br\/academy\/ficon-2\/","title":{"rendered":"Prefeito de Santos anuncia projeto de lei que prev\u00ea isen\u00e7\u00f5es fiscais para comerciantes do Centro de Santos"},"content":{"rendered":"<p style=\"text-align: left;\" align=\"center\">Fonte: Assessoria de imprensa ACS<\/p>\n<p>A abertura da 7\u00ba F\u00f3rum da Ind\u00fastria da Constru\u00e7\u00e3o Civil de Santos e Regi\u00e3o (Ficon), realizado na Associa\u00e7\u00e3o Comercial de Santos (ACS), foi palco para o an\u00fancio de um projeto de lei que prev\u00ea isen\u00e7\u00f5es fiscais para comerciantes do Centro de Santos. Conforme o prefeito da Cidade, Paulo Alexandre Barbosa, o objetivo \u00e9 atrair moradores ao Centro.<\/p>\n<\/p>\n<p>\u201cPor meio de isen\u00e7\u00f5es fiscais para comerciantes, queremos manter e atrair novos com\u00e9rcios para o Centro de Santos. Esse projeto prev\u00ea um est\u00edmulo para retrofit (moderniza\u00e7\u00e3o) em pr\u00e9dios degradados e estuda-se ainda a possibilidade de isen\u00e7\u00e3o de cinco anos de IPTU para quem adquirir im\u00f3veis constru\u00eddos no Centro\u201d.<\/p>\n<p><img loading=\"lazy\" decoding=\"async\" class=\" size-full wp-image-83578\" src=\"http:\/\/127.0.0.1\/acs\/wp-content\/uploads\/2018\/08\/WEB_2018_AGOSTO_FORUM-W_FORUM_0079.JPG\" width=\"570\" height=\"428\" srcset=\"https:\/\/acs.org.br\/academy\/wp-content\/uploads\/2018\/08\/WEB_2018_AGOSTO_FORUM-W_FORUM_0079.JPG 570w, https:\/\/acs.org.br\/academy\/wp-content\/uploads\/2018\/08\/WEB_2018_AGOSTO_FORUM-W_FORUM_0079-300x225.jpg 300w\" sizes=\"(max-width: 570px) 100vw, 570px\" \/>&nbsp;<\/p>\n<p>Est\u00e3o previstas tamb\u00e9m isen\u00e7\u00f5es de Imposto de Transmiss\u00e3o de Bens Im\u00f3veis (ITBI). \u201cVamos enviar o projeto nos pr\u00f3ximos dias para a C\u00e2mara de Vereadores\u201d.<\/p>\n<p>Outro an\u00fancio feito pelo prefeito \u00e9 que no pr\u00f3ximo dia 28 ser\u00e1 aberto o envelope da licita\u00e7\u00e3o para contrata\u00e7\u00e3o das obras da 2\u00aa fase do VLT \u2013 Ve\u00edculo Leve Sobre Trilhos. \u201cSer\u00e1 um investimento de mais de R$ 300 milh\u00f5es\u201d.<\/p>\n<p>Sobre investimentos feitos no Centro, o presidente da ACS, tamb\u00e9m diretor-presidente da TV Tribuna, Roberto Clemente Santini, ressaltou em seu discurso a import\u00e2ncia da recente obra de moderniza\u00e7\u00e3o do pr\u00e9dio-sede da Associa\u00e7\u00e3o Comercial de Santos, que trouxe benef\u00edcios n\u00e3o s\u00f3 para associados, mas para toda sociedade.<\/p>\n<p><img loading=\"lazy\" decoding=\"async\" class=\" size-full wp-image-83579\" src=\"http:\/\/127.0.0.1\/acs\/wp-content\/uploads\/2018\/08\/WEB_2018_AGOSTO_FORUM-W_Ficon-04.JPG\" width=\"570\" height=\"440\" srcset=\"https:\/\/acs.org.br\/academy\/wp-content\/uploads\/2018\/08\/WEB_2018_AGOSTO_FORUM-W_Ficon-04.JPG 570w, https:\/\/acs.org.br\/academy\/wp-content\/uploads\/2018\/08\/WEB_2018_AGOSTO_FORUM-W_Ficon-04-300x232.jpg 300w\" sizes=\"(max-width: 570px) 100vw, 570px\" \/>&nbsp;<\/p>\n<p><img loading=\"lazy\" decoding=\"async\" class=\" size-full wp-image-83580\" src=\"http:\/\/127.0.0.1\/acs\/wp-content\/uploads\/2018\/08\/WEB_2018_AGOSTO_FORUM-W_FORUM_0024.JPG\" width=\"570\" height=\"428\" srcset=\"https:\/\/acs.org.br\/academy\/wp-content\/uploads\/2018\/08\/WEB_2018_AGOSTO_FORUM-W_FORUM_0024.JPG 570w, https:\/\/acs.org.br\/academy\/wp-content\/uploads\/2018\/08\/WEB_2018_AGOSTO_FORUM-W_FORUM_0024-300x225.jpg 300w\" sizes=\"(max-width: 570px) 100vw, 570px\" \/><\/p>\n<p>\u201cExatamente no dia 4 de maio, depois de quase 15 meses, n\u00f3s entregamos as obras de moderniza\u00e7\u00e3o desse nosso pr\u00e9dio, com quase 100 anos de exist\u00eancia. Essa a\u00e7\u00e3o vai al\u00e9m da execu\u00e7\u00e3o da obra, que modernizou e adequou a ACS \u00e0s suas necessidades e da Cidade. Ela tem um grande simbolismo: foi uma demonstra\u00e7\u00e3o de que acreditamos no Centro da Cidade e que \u00e9, sim, perfeitamente poss\u00edvel evoluir, crescer e, simultaneamente, preservar a hist\u00f3ria. Em apenas um dia, tivemos mais de 300 visitantes. Diariamente, temos recebido novos visitantes e pedidos de agendamento, comprovando que a ACS recuperou seu papel de protagonista\u201d.<\/p>\n<p><img loading=\"lazy\" decoding=\"async\" class=\" size-full wp-image-83581\" src=\"http:\/\/127.0.0.1\/acs\/wp-content\/uploads\/2018\/08\/WEB_2018_AGOSTO_FORUM-W_FORUM_0026.JPG\" width=\"570\" height=\"378\" srcset=\"https:\/\/acs.org.br\/academy\/wp-content\/uploads\/2018\/08\/WEB_2018_AGOSTO_FORUM-W_FORUM_0026.JPG 570w, https:\/\/acs.org.br\/academy\/wp-content\/uploads\/2018\/08\/WEB_2018_AGOSTO_FORUM-W_FORUM_0026-300x199.jpg 300w\" sizes=\"(max-width: 570px) 100vw, 570px\" \/>&nbsp;<\/p>\n<p>Marcos Clemente Santini, diretor-presidente do jornal A Tribuna, falou na sequ\u00eancia e disse que o principal objetivo do evento \u00e9 ouvir e transmitir o que efetivamente o setor espera, principalmente da administra\u00e7\u00e3o municipal e dos legisladores.<\/p>\n<p>\u201cDepois de muitos meses de debates com os empres\u00e1rios da constru\u00e7\u00e3o civil, foi aprovada na C\u00e2mara Municipal a nova Lei de Uso e Ocupa\u00e7\u00e3o do Solo, uma mudan\u00e7a importante. Mas fica desde j\u00e1 o alerta: as revis\u00f5es anuais s\u00e3o imprescind\u00edveis, os ajustes t\u00eam que ser permanentes. Mas \u00e9 preciso mais, principalmente em termos de planejamento. Em s\u00edntese: n\u00f3s precisamos definir o que efetivamente a Cidade quer. A ind\u00fastria imobili\u00e1ria tem ciclos, n\u00f3s temos que nos preparar para os pr\u00f3ximos, criar efetivas condi\u00e7\u00f5es para o desenvolvimento do setor. O que precisamos \u00e9 de nova uma lei, n\u00e3o para destombar os que j\u00e1 est\u00e3o tombados, mas uma legisla\u00e7\u00e3o que desengesse, que flexibilize, que defina normas para que os empres\u00e1rios possam reformar esses im\u00f3veis, e n\u00e3o deixar abandonados, como est\u00e3o hoje\u201d.<\/p>\n<p>O diretor financeiro da ACS e s\u00f3cio diretor da empresa AMC, Andr\u00e9 Marques Canoilas, falou sobre o momento atual da constru\u00e7\u00e3o civil na Baixada Santista e ressaltou que a regi\u00e3o precisa primeiro liquidar o estoque de im\u00f3veis parados, n\u00e3o s\u00f3 residenciais, mas tamb\u00e9m comerciais, antes de pensar em retomar a constru\u00e7\u00e3o e os lan\u00e7amentos.<\/p>\n<p><img loading=\"lazy\" decoding=\"async\" class=\" size-full wp-image-83582\" src=\"http:\/\/127.0.0.1\/acs\/wp-content\/uploads\/2018\/08\/WEB_2018_AGOSTO_FORUM-W_FORUM_0096.JPG\" width=\"570\" height=\"428\" srcset=\"https:\/\/acs.org.br\/academy\/wp-content\/uploads\/2018\/08\/WEB_2018_AGOSTO_FORUM-W_FORUM_0096.JPG 570w, https:\/\/acs.org.br\/academy\/wp-content\/uploads\/2018\/08\/WEB_2018_AGOSTO_FORUM-W_FORUM_0096-300x225.jpg 300w\" sizes=\"(max-width: 570px) 100vw, 570px\" \/>&nbsp;<\/p>\n<p>\u201cPara isso, precisamos fomentar novas atividades econ\u00f4micas na Cidade. Temos que pressionar autoridades, reunimos muitas caracter\u00edsticas e qualidades em Santos para trazer novas atividades econ\u00f4micas e, a\u00ed assim, alavancar novamente a nossa economia. Vemos ainda quantidade de im\u00f3veis em estoque muito elevada e as empresas est\u00e3o num momento dif\u00edcil para liquidar esses im\u00f3veis\u201d.<\/p>\n<p><b> <\/b><\/p>\n<p><b>Palestras<\/b><\/p>\n<p>A primeira palestra do dia foi ministrada por Jos\u00e9 Carlos Rodrigues Martins, Presidente da CBIC &#8211; C\u00e2mara Brasileira da Ind\u00fastria da Constru\u00e7\u00e3o, e teve como tema \u201cPerspectivas do setor sobre o aspecto pol\u00edtico\/econ\u00f4mico.<\/p>\n<p><img loading=\"lazy\" decoding=\"async\" class=\" size-full wp-image-83583\" src=\"http:\/\/127.0.0.1\/acs\/wp-content\/uploads\/2018\/08\/WEB_2018_AGOSTO_FORUM-W_FORUM_0086.JPG\" width=\"570\" height=\"428\" srcset=\"https:\/\/acs.org.br\/academy\/wp-content\/uploads\/2018\/08\/WEB_2018_AGOSTO_FORUM-W_FORUM_0086.JPG 570w, https:\/\/acs.org.br\/academy\/wp-content\/uploads\/2018\/08\/WEB_2018_AGOSTO_FORUM-W_FORUM_0086-300x225.jpg 300w\" sizes=\"(max-width: 570px) 100vw, 570px\" \/>&nbsp;<\/p>\n<p>Na sequ\u00eancia, a palestra \u201cParcerias P\u00fablicos Privadas &#8211; Smart Cities\u201d foi apresentada por Vitor Amuri Antunes &#8211; advogado Especialista em Direito da Infraestrutura pela FGV.<\/p>\n<p><img loading=\"lazy\" decoding=\"async\" class=\" size-full wp-image-83584\" src=\"http:\/\/127.0.0.1\/acs\/wp-content\/uploads\/2018\/08\/WEB_2018_AGOSTO_FORUM-W_FORUM_0123.JPG\" width=\"570\" height=\"428\" srcset=\"https:\/\/acs.org.br\/academy\/wp-content\/uploads\/2018\/08\/WEB_2018_AGOSTO_FORUM-W_FORUM_0123.JPG 570w, https:\/\/acs.org.br\/academy\/wp-content\/uploads\/2018\/08\/WEB_2018_AGOSTO_FORUM-W_FORUM_0123-300x225.jpg 300w\" sizes=\"(max-width: 570px) 100vw, 570px\" \/>&nbsp;<\/p>\n<p>No per\u00edodo da tarde, a primeira palestra com o tema \u201cTend\u00eancias do Mercado Imobili\u00e1rio\u201d foi apresentada por Guilherme Werner, da Brain, Bureau de Intelig\u00eancia Corporativa.<\/p>\n<p><img loading=\"lazy\" decoding=\"async\" class=\" size-full wp-image-83585\" src=\"http:\/\/127.0.0.1\/acs\/wp-content\/uploads\/2018\/08\/WEB_2018_AGOSTO_FORUM-W_FORUM_0132.JPG\" width=\"570\" height=\"413\" srcset=\"https:\/\/acs.org.br\/academy\/wp-content\/uploads\/2018\/08\/WEB_2018_AGOSTO_FORUM-W_FORUM_0132.JPG 570w, https:\/\/acs.org.br\/academy\/wp-content\/uploads\/2018\/08\/WEB_2018_AGOSTO_FORUM-W_FORUM_0132-300x217.jpg 300w\" sizes=\"(max-width: 570px) 100vw, 570px\" \/>&nbsp;<\/p>\n<p>Em seguida, o arquiteto Anthony Ling, Arquiteto ministrou a palestra \u201cO Caos planejado. A dif\u00edcil rela\u00e7\u00e3o entre crescimento e qualidade de vida\u201d.<\/p>\n<p><img loading=\"lazy\" decoding=\"async\" class=\" size-full wp-image-83586\" src=\"http:\/\/127.0.0.1\/acs\/wp-content\/uploads\/2018\/08\/WEB_2018_AGOSTO_FORUM-W_FORUM_0144.JPG\" width=\"570\" height=\"428\" srcset=\"https:\/\/acs.org.br\/academy\/wp-content\/uploads\/2018\/08\/WEB_2018_AGOSTO_FORUM-W_FORUM_0144.JPG 570w, https:\/\/acs.org.br\/academy\/wp-content\/uploads\/2018\/08\/WEB_2018_AGOSTO_FORUM-W_FORUM_0144-300x225.jpg 300w\" sizes=\"(max-width: 570px) 100vw, 570px\" \/>&nbsp;<\/p>\n<p><img loading=\"lazy\" decoding=\"async\" class=\" size-full wp-image-83587\" src=\"http:\/\/127.0.0.1\/acs\/wp-content\/uploads\/2018\/08\/WEB_2018_AGOSTO_FORUM-W_FORUM_0146.JPG\" width=\"570\" height=\"428\" srcset=\"https:\/\/acs.org.br\/academy\/wp-content\/uploads\/2018\/08\/WEB_2018_AGOSTO_FORUM-W_FORUM_0146.JPG 570w, https:\/\/acs.org.br\/academy\/wp-content\/uploads\/2018\/08\/WEB_2018_AGOSTO_FORUM-W_FORUM_0146-300x225.jpg 300w\" sizes=\"(max-width: 570px) 100vw, 570px\" \/><\/p>\n<p>Dentro da programa\u00e7\u00e3o, foi realizado o painel \u201cAs alavancas do crescimento na regi\u00e3o\u201d. Entre os participantes estavam: o secret\u00e1rio da Casa Civil do Estado de S\u00e3o Paulo, Mauricio Juvenal; o consultor portu\u00e1rio Fabricio Pierdom\u00eanico; o diretor-presidente da Ursini Participa\u00e7\u00f5es, Andr\u00e9 Ursini; e o diretor da Geobrasilis, Jos\u00e9 Roberto. A conversa foi mediada pelo diretor da Associa\u00e7\u00e3o Comercial de Santos, M\u00e1rcio Calves<\/p>\n<p><img loading=\"lazy\" decoding=\"async\" class=\" size-full wp-image-83588\" src=\"http:\/\/127.0.0.1\/acs\/wp-content\/uploads\/2018\/08\/WEB_2018_AGOSTO_FORUM-W_Ficon-13.JPG\" width=\"570\" height=\"428\" srcset=\"https:\/\/acs.org.br\/academy\/wp-content\/uploads\/2018\/08\/WEB_2018_AGOSTO_FORUM-W_Ficon-13.JPG 570w, https:\/\/acs.org.br\/academy\/wp-content\/uploads\/2018\/08\/WEB_2018_AGOSTO_FORUM-W_Ficon-13-300x225.jpg 300w\" sizes=\"(max-width: 570px) 100vw, 570px\" \/>&nbsp;<\/p>\n<p>Na oportunidade, Mauricio Juvenal falou sobre o projeto para implanta\u00e7\u00e3o de um Ferroanel, anel ferrovi\u00e1rio nos mesmos moldes do Rodoanel, que ir\u00e1 circundar a Regi\u00e3o Metropolitana de S\u00e3o Paulo, interligando as regi\u00f5es de Campinas, Vale do Para\u00edba e Baixada Santista.<\/p>\n<p><img loading=\"lazy\" decoding=\"async\" class=\" size-full wp-image-83589\" src=\"http:\/\/127.0.0.1\/acs\/wp-content\/uploads\/2018\/08\/WEB_2018_AGOSTO_FORUM-W_FORUM_0159.JPG\" width=\"570\" height=\"428\" srcset=\"https:\/\/acs.org.br\/academy\/wp-content\/uploads\/2018\/08\/WEB_2018_AGOSTO_FORUM-W_FORUM_0159.JPG 570w, https:\/\/acs.org.br\/academy\/wp-content\/uploads\/2018\/08\/WEB_2018_AGOSTO_FORUM-W_FORUM_0159-300x225.jpg 300w\" sizes=\"(max-width: 570px) 100vw, 570px\" \/><\/p>\n<p>Segundo ele, a obra trar\u00e1 amplos e positivos impactos log\u00edsticos e ambientais para o Estado de S\u00e3o Paulo, com efeitos econ\u00f4micos da express\u00e3o nacional.<\/p>\n<p>\u201cVamos investir em torno de R$ 4 bilh\u00f5es no projeto do ferroanel\u201d.<\/p>\n<p>Um dos benef\u00edcios da implanta\u00e7\u00e3o do ferroanel citados por ele ser\u00e1 potencializar o Porto de Santos, por meio da otimiza\u00e7\u00e3o do uso da infraestrutura existente.<\/p>\n<p>O Ficon \u00e9 realizado pelo Grupo Tribuna e pela Una Marketing de Eventos, com apoio da Associa\u00e7\u00e3o Comercial de Santos.<\/p>\n<p><img loading=\"lazy\" decoding=\"async\" class=\" size-full wp-image-83590\" src=\"http:\/\/127.0.0.1\/acs\/wp-content\/uploads\/2018\/08\/WEB_2018_AGOSTO_FORUM-W_FORUM_0065.JPG\" width=\"570\" height=\"377\" srcset=\"https:\/\/acs.org.br\/academy\/wp-content\/uploads\/2018\/08\/WEB_2018_AGOSTO_FORUM-W_FORUM_0065.JPG 570w, https:\/\/acs.org.br\/academy\/wp-content\/uploads\/2018\/08\/WEB_2018_AGOSTO_FORUM-W_FORUM_0065-300x198.jpg 300w\" sizes=\"(max-width: 570px) 100vw, 570px\" \/><\/p>\n<p>\u00a0<\/p>\n<p>\u00a0<\/p>\n<p>\u00a0<\/p>\n<p>\u00a0<\/p>\n<p>\u00a0<\/p>\n<p>\u00a0<\/p>\n<p>\u00a0<\/p>\n<p>\u00a0<\/p>\n<p>\u00a0<\/p>\n<p>\u00a0<\/p>\n<p>\u00a0<\/p>\n<p>\u00a0<\/p>\n<p>\u00a0<\/p>\n","protected":false},"excerpt":{"rendered":"<p>Fonte: Assessoria de imprensa ACS A abertura da 7\u00ba F\u00f3rum da Ind\u00fastria da Constru\u00e7\u00e3o Civil de Santos e Regi\u00e3o (Ficon), realizado na Associa\u00e7\u00e3o Comercial de Santos (ACS), foi palco para o an\u00fancio de um projeto de lei que prev\u00ea isen\u00e7\u00f5es fiscais para comerciantes do Centro de Santos. Conforme o prefeito da Cidade, Paulo Alexandre Barbosa, [&hellip;]<\/p>\n","protected":false},"author":1,"featured_media":83577,"comment_status":"open","ping_status":"open","sticky":false,"template":"","format":"standard","meta":{"footnotes":""},"categories":[84],"tags":[],"_links":{"self":[{"href":"https:\/\/acs.org.br\/academy\/wp-json\/wp\/v2\/posts\/83591"}],"collection":[{"href":"https:\/\/acs.org.br\/academy\/wp-json\/wp\/v2\/posts"}],"about":[{"href":"https:\/\/acs.org.br\/academy\/wp-json\/wp\/v2\/types\/post"}],"author":[{"embeddable":true,"href":"https:\/\/acs.org.br\/academy\/wp-json\/wp\/v2\/users\/1"}],"replies":[{"embeddable":true,"href":"https:\/\/acs.org.br\/academy\/wp-json\/wp\/v2\/comments?post=83591"}],"version-history":[{"count":0,"href":"https:\/\/acs.org.br\/academy\/wp-json\/wp\/v2\/posts\/83591\/revisions"}],"wp:featuredmedia":[{"embeddable":true,"href":"https:\/\/acs.org.br\/academy\/wp-json\/wp\/v2\/media\/83577"}],"wp:attachment":[{"href":"https:\/\/acs.org.br\/academy\/wp-json\/wp\/v2\/media?parent=83591"}],"wp:term":[{"taxonomy":"category","embeddable":true,"href":"https:\/\/acs.org.br\/academy\/wp-json\/wp\/v2\/categories?post=83591"},{"taxonomy":"post_tag","embeddable":true,"href":"https:\/\/acs.org.br\/academy\/wp-json\/wp\/v2\/tags?post=83591"}],"curies":[{"name":"wp","href":"https:\/\/api.w.org\/{rel}","templated":true}]}}