{"id":83560,"date":"2018-08-15T00:00:00","date_gmt":"2018-08-15T03:00:00","guid":{"rendered":"http:\/\/127.0.0.1\/acs\/ficon-forum-da-industria-da-construcao-de-santos-e-regiao-acompanhe-a-cobertura-em-tempo-real\/"},"modified":"2018-08-15T00:00:00","modified_gmt":"2018-08-15T03:00:00","slug":"ficon-forum-da-industria-da-construcao-de-santos-e-regiao-acompanhe-a-cobertura-em-tempo-real","status":"publish","type":"post","link":"https:\/\/acs.org.br\/academy\/ficon-forum-da-industria-da-construcao-de-santos-e-regiao-acompanhe-a-cobertura-em-tempo-real\/","title":{"rendered":"FICON &#8211; F\u00f3rum da Ind\u00fastria da Constru\u00e7\u00e3o de Santos e Regi\u00e3o &#8211; Acompanhe  a cobertura em tempo real"},"content":{"rendered":"<p>17h28<br \/>Mauricio Juvenal, secret\u00e1rio da Casa Civil do Estado de S\u00e3o Paulo, fala agora sobre a implanta\u00e7\u00e3o do Macroanel Rodovi\u00e1rio Paulista. \u201cVamos investir em torno de R$ 4 bilh\u00f5es no projeto do ferroanel\u201d. Confira abaixo os benef\u00edcios desse projeto:<\/p>\n<\/p>\n<p><img loading=\"lazy\" decoding=\"async\" class=\" size-full wp-image-83546\" src=\"http:\/\/127.0.0.1\/acs\/wp-content\/uploads\/2018\/08\/WEB_2018_AGOSTO_FICON-W_FICON-14.jpg\" width=\"570\" height=\"428\" srcset=\"https:\/\/acs.org.br\/academy\/wp-content\/uploads\/2018\/08\/WEB_2018_AGOSTO_FICON-W_FICON-14.jpg 570w, https:\/\/acs.org.br\/academy\/wp-content\/uploads\/2018\/08\/WEB_2018_AGOSTO_FICON-W_FICON-14-300x225.jpg 300w\" sizes=\"(max-width: 570px) 100vw, 570px\" \/><\/p>\n<p>17h23<br \/>Neste momento acontece o painel \u201cAs alavancas do crescimento na regi\u00e3o\u201d, \u00faltima apresenta\u00e7\u00e3o deste FICON 2018. Entre os participantes est\u00e1 o secret\u00e1rio da Casa Civil do Estado de S\u00e3o Paulo, Mauricio Juvenal.<\/p>\n<p><img loading=\"lazy\" decoding=\"async\" class=\" size-full wp-image-83547\" src=\"http:\/\/127.0.0.1\/acs\/wp-content\/uploads\/2018\/08\/WEB_2018_AGOSTO_FICON-W_FICON-13.jpg\" width=\"570\" height=\"428\" srcset=\"https:\/\/acs.org.br\/academy\/wp-content\/uploads\/2018\/08\/WEB_2018_AGOSTO_FICON-W_FICON-13.jpg 570w, https:\/\/acs.org.br\/academy\/wp-content\/uploads\/2018\/08\/WEB_2018_AGOSTO_FICON-W_FICON-13-300x225.jpg 300w\" sizes=\"(max-width: 570px) 100vw, 570px\" \/><\/p>\n<p>17h20<br \/>O deputado federal Beto Mansur se apresentou no FICON 2018 e ressaltou a import\u00e2ncia de se discutir os rumos da constru\u00e7\u00e3o civil na regi\u00e3o. Ele falou tamb\u00e9m sobre sua expectativa para a elei\u00e7\u00e3o deste ano. \u201cA popula\u00e7\u00e3o brasileira come\u00e7a a pensar agora em elei\u00e7\u00e3o e vai com muita aten\u00e7\u00e3o acompanhar os debates. O Brasil est\u00e1 indefinido, ser\u00e1 uma elei\u00e7\u00e3o at\u00edpica, em fun\u00e7\u00e3o do tempo de televis\u00e3o e r\u00e1dio e da entrada das redes sociais. Quem pensa que teremos grandes renova\u00e7\u00f5es, n\u00f3s n\u00e3o teremos, porque o recurso \u00e9 pouco. O Brasil est\u00e1 quebrado\u201d.<\/p>\n<p><img loading=\"lazy\" decoding=\"async\" class=\" size-full wp-image-83548\" src=\"http:\/\/127.0.0.1\/acs\/wp-content\/uploads\/2018\/08\/WEB_2018_AGOSTO_FICON-W_FICON-12.jpg\" width=\"570\" height=\"428\" srcset=\"https:\/\/acs.org.br\/academy\/wp-content\/uploads\/2018\/08\/WEB_2018_AGOSTO_FICON-W_FICON-12.jpg 570w, https:\/\/acs.org.br\/academy\/wp-content\/uploads\/2018\/08\/WEB_2018_AGOSTO_FICON-W_FICON-12-300x225.jpg 300w\" sizes=\"(max-width: 570px) 100vw, 570px\" \/><\/p>\n<p>15h57<br \/>O arquiteto Anthony Ling apresenta agora a palestra \u201cO caos planejado. A dif\u00edcil rela\u00e7\u00e3o entre crescimento e qualidade de vida\u201d, dentro da programa\u00e7\u00e3o do FICON 2018.<\/p>\n<p><img loading=\"lazy\" decoding=\"async\" class=\" size-full wp-image-83549\" src=\"http:\/\/127.0.0.1\/acs\/wp-content\/uploads\/2018\/08\/WEB_2018_AGOSTO_FICON-W_FICON-11.jpg\" width=\"570\" height=\"428\" srcset=\"https:\/\/acs.org.br\/academy\/wp-content\/uploads\/2018\/08\/WEB_2018_AGOSTO_FICON-W_FICON-11.jpg 570w, https:\/\/acs.org.br\/academy\/wp-content\/uploads\/2018\/08\/WEB_2018_AGOSTO_FICON-W_FICON-11-300x225.jpg 300w\" sizes=\"(max-width: 570px) 100vw, 570px\" \/><\/p>\n<p>14h56<br \/>A primeira palestra desta tarde tem como tema \u201cTend\u00eancias do mercado imobili\u00e1rio\u201d e ser\u00e1 ministrada por Guilherme Werner da Brain &#8211; Bureau de Intelig\u00eancia Corporativa.<\/p>\n<p><img loading=\"lazy\" decoding=\"async\" class=\" size-full wp-image-83550\" src=\"http:\/\/127.0.0.1\/acs\/wp-content\/uploads\/2018\/08\/WEB_2018_AGOSTO_FICON-W_FICON-10.jpg\" width=\"570\" height=\"428\" srcset=\"https:\/\/acs.org.br\/academy\/wp-content\/uploads\/2018\/08\/WEB_2018_AGOSTO_FICON-W_FICON-10.jpg 570w, https:\/\/acs.org.br\/academy\/wp-content\/uploads\/2018\/08\/WEB_2018_AGOSTO_FICON-W_FICON-10-300x225.jpg 300w\" sizes=\"(max-width: 570px) 100vw, 570px\" \/><\/p>\n<p>12h48<br \/>Acontece neste momento a primeira mesa redonda do dia, que discute as parcerias p\u00fablico-privadas.<\/p>\n<p><img loading=\"lazy\" decoding=\"async\" class=\" size-full wp-image-83551\" src=\"http:\/\/127.0.0.1\/acs\/wp-content\/uploads\/2018\/08\/WEB_2018_AGOSTO_FICON-W_FICON-09.jpg\" width=\"570\" height=\"428\" srcset=\"https:\/\/acs.org.br\/academy\/wp-content\/uploads\/2018\/08\/WEB_2018_AGOSTO_FICON-W_FICON-09.jpg 570w, https:\/\/acs.org.br\/academy\/wp-content\/uploads\/2018\/08\/WEB_2018_AGOSTO_FICON-W_FICON-09-300x225.jpg 300w\" sizes=\"(max-width: 570px) 100vw, 570px\" \/><\/p>\n<p>12h18<br \/>O advogado Vitor Amari Antunes, especialista em direito de infraestrutura pela Funda\u00e7\u00e3o Get\u00falio Vargas (FGV), fala agora sobre os indicadores para smart citeis. \u201cNo Brasil, em 2016, foi lan\u00e7ada a primeira Frente Parlamentar Mista em Apoio \u00e0s Cidades Inteligentes\u201d.<\/p>\n<p><img loading=\"lazy\" decoding=\"async\" class=\" size-full wp-image-83552\" src=\"http:\/\/127.0.0.1\/acs\/wp-content\/uploads\/2018\/08\/WEB_2018_AGOSTO_FICON-W_FICON-08.jpg\" width=\"570\" height=\"428\" srcset=\"https:\/\/acs.org.br\/academy\/wp-content\/uploads\/2018\/08\/WEB_2018_AGOSTO_FICON-W_FICON-08.jpg 570w, https:\/\/acs.org.br\/academy\/wp-content\/uploads\/2018\/08\/WEB_2018_AGOSTO_FICON-W_FICON-08-300x225.jpg 300w\" sizes=\"(max-width: 570px) 100vw, 570px\" \/><\/p>\n<p>11h53&nbsp;<br \/>Come\u00e7a agora a palestra \u201cParcerias P\u00fablico-Privadas &#8211; Smart Cities com Vitor Amari Antunes, advogado especialista em direito de infraestrutura pela Funda\u00e7\u00e3o Get\u00falio Vargas (FGV).<\/p>\n<p><img loading=\"lazy\" decoding=\"async\" class=\" size-full wp-image-83553\" src=\"http:\/\/127.0.0.1\/acs\/wp-content\/uploads\/2018\/08\/WEB_2018_AGOSTO_FICON-W_FICON-07.jpg\" width=\"570\" height=\"428\" srcset=\"https:\/\/acs.org.br\/academy\/wp-content\/uploads\/2018\/08\/WEB_2018_AGOSTO_FICON-W_FICON-07.jpg 570w, https:\/\/acs.org.br\/academy\/wp-content\/uploads\/2018\/08\/WEB_2018_AGOSTO_FICON-W_FICON-07-300x225.jpg 300w\" sizes=\"(max-width: 570px) 100vw, 570px\" \/><\/p>\n<p>10h45&nbsp;<br \/>A primeira palestra do dia \u00e9 do presidente da C\u00e2mara Brasileira da Ind\u00fastria da Constru\u00e7\u00e3o &#8211; CBIC, Jos\u00e9 Carlos Rodrigues Martins, que fala sobre as perspectivas do setor sobre o aspecto pol\u00edtico\/econ\u00f4mico.<\/p>\n<p><img loading=\"lazy\" decoding=\"async\" class=\" size-full wp-image-83554\" src=\"http:\/\/127.0.0.1\/acs\/wp-content\/uploads\/2018\/08\/WEB_2018_AGOSTO_FICON-W_FICON-06.jpg\" width=\"570\" height=\"420\" srcset=\"https:\/\/acs.org.br\/academy\/wp-content\/uploads\/2018\/08\/WEB_2018_AGOSTO_FICON-W_FICON-06.jpg 570w, https:\/\/acs.org.br\/academy\/wp-content\/uploads\/2018\/08\/WEB_2018_AGOSTO_FICON-W_FICON-06-300x221.jpg 300w\" sizes=\"(max-width: 570px) 100vw, 570px\" \/><\/p>\n<p>10h30<br \/>O prefeito de Santos, Paulo Alexandre Barbosa, ressaltou a import\u00e2ncia da constru\u00e7\u00e3o do VLT &#8211; Ve\u00edculo Leve Sobre Trilhos para a regi\u00e3o. \u201cJ\u00e1 se discute a constru\u00e7\u00e3o da segunda fase desta obra. Dia 28 deste m\u00eas, abre-se o envelope para contrata\u00e7\u00e3o da obra. Vamos ter transporte de qualidade no Centro da Cidade. Precisamos repovoar o Centro e aproveitar a infraestrutura que ele oferece\u201d.<\/p>\n<p><img loading=\"lazy\" decoding=\"async\" class=\" size-full wp-image-83555\" src=\"http:\/\/127.0.0.1\/acs\/wp-content\/uploads\/2018\/08\/WEB_2018_AGOSTO_FICON-W_FICON-05.jpg\" width=\"570\" height=\"394\" srcset=\"https:\/\/acs.org.br\/academy\/wp-content\/uploads\/2018\/08\/WEB_2018_AGOSTO_FICON-W_FICON-05.jpg 570w, https:\/\/acs.org.br\/academy\/wp-content\/uploads\/2018\/08\/WEB_2018_AGOSTO_FICON-W_FICON-05-300x207.jpg 300w\" sizes=\"(max-width: 570px) 100vw, 570px\" \/><\/p>\n<p>10h12<br \/>O presidente da ACS, Roberto Clemente Santini, lembrou em seu discurso de abertura que no dia 4 de maio foram entregues as obras de moderniza\u00e7\u00e3o da ACS, que adequaram o pr\u00e9dio \u00e0s necessidades da Cidade de Santos.<\/p>\n<p><img loading=\"lazy\" decoding=\"async\" class=\" size-full wp-image-83556\" src=\"http:\/\/127.0.0.1\/acs\/wp-content\/uploads\/2018\/08\/WEB_2018_AGOSTO_FICON-W_FICON-04.jpg\" width=\"570\" height=\"440\" srcset=\"https:\/\/acs.org.br\/academy\/wp-content\/uploads\/2018\/08\/WEB_2018_AGOSTO_FICON-W_FICON-04.jpg 570w, https:\/\/acs.org.br\/academy\/wp-content\/uploads\/2018\/08\/WEB_2018_AGOSTO_FICON-W_FICON-04-300x232.jpg 300w\" sizes=\"(max-width: 570px) 100vw, 570px\" \/><\/p>\n<p>10h00<br \/>A solenidade de abertura do FICON 2018 come\u00e7ou. Participam da mesa representando a ACS o presidente Roberto Clemente Santini, e o diretor financeiro da ACS, Andr\u00e9 Canoilas.<\/p>\n<p><img loading=\"lazy\" decoding=\"async\" class=\" size-full wp-image-83557\" src=\"http:\/\/127.0.0.1\/acs\/wp-content\/uploads\/2018\/08\/WEB_2018_AGOSTO_FICON-W_FICON-03.jpg\" width=\"570\" height=\"428\" srcset=\"https:\/\/acs.org.br\/academy\/wp-content\/uploads\/2018\/08\/WEB_2018_AGOSTO_FICON-W_FICON-03.jpg 570w, https:\/\/acs.org.br\/academy\/wp-content\/uploads\/2018\/08\/WEB_2018_AGOSTO_FICON-W_FICON-03-300x225.jpg 300w\" sizes=\"(max-width: 570px) 100vw, 570px\" \/><\/p>\n<p>8H44<br \/>O caf\u00e9 de boas vindas do FICON 2018 foi aberto. A solenidade de abertura est\u00e1 marcada para as 9h30, no audit\u00f3rio da ACS.<\/p>\n<p><img loading=\"lazy\" decoding=\"async\" class=\" size-full wp-image-83558\" src=\"http:\/\/127.0.0.1\/acs\/wp-content\/uploads\/2018\/08\/WEB_2018_AGOSTO_FICON-W_FICON-02.jpg\" width=\"570\" height=\"428\" srcset=\"https:\/\/acs.org.br\/academy\/wp-content\/uploads\/2018\/08\/WEB_2018_AGOSTO_FICON-W_FICON-02.jpg 570w, https:\/\/acs.org.br\/academy\/wp-content\/uploads\/2018\/08\/WEB_2018_AGOSTO_FICON-W_FICON-02-300x225.jpg 300w\" sizes=\"(max-width: 570px) 100vw, 570px\" \/><\/p>\n<p>8h30<br \/>Est\u00e1 tudo pronto para o F\u00f3rum da Ind\u00fastria da Constru\u00e7\u00e3o de Santos e Regi\u00e3o &#8211; FICON 2018. O credenciamento j\u00e1 come\u00e7ou<\/p>\n<p><img loading=\"lazy\" decoding=\"async\" class=\" size-full wp-image-83559\" src=\"http:\/\/127.0.0.1\/acs\/wp-content\/uploads\/2018\/08\/WEB_2018_AGOSTO_FICON-W_FICON-01B.jpg\" width=\"570\" height=\"428\" srcset=\"https:\/\/acs.org.br\/academy\/wp-content\/uploads\/2018\/08\/WEB_2018_AGOSTO_FICON-W_FICON-01B.jpg 570w, https:\/\/acs.org.br\/academy\/wp-content\/uploads\/2018\/08\/WEB_2018_AGOSTO_FICON-W_FICON-01B-300x225.jpg 300w\" sizes=\"(max-width: 570px) 100vw, 570px\" \/><\/p>\n","protected":false},"excerpt":{"rendered":"<p>17h28Mauricio Juvenal, secret\u00e1rio da Casa Civil do Estado de S\u00e3o Paulo, fala agora sobre a implanta\u00e7\u00e3o do Macroanel Rodovi\u00e1rio Paulista. \u201cVamos investir em torno de R$ 4 bilh\u00f5es no projeto do ferroanel\u201d. Confira abaixo os benef\u00edcios desse projeto: 17h23Neste momento acontece o painel \u201cAs alavancas do crescimento na regi\u00e3o\u201d, \u00faltima apresenta\u00e7\u00e3o deste FICON 2018. Entre [&hellip;]<\/p>\n","protected":false},"author":1,"featured_media":83545,"comment_status":"open","ping_status":"open","sticky":false,"template":"","format":"standard","meta":{"footnotes":""},"categories":[84],"tags":[],"_links":{"self":[{"href":"https:\/\/acs.org.br\/academy\/wp-json\/wp\/v2\/posts\/83560"}],"collection":[{"href":"https:\/\/acs.org.br\/academy\/wp-json\/wp\/v2\/posts"}],"about":[{"href":"https:\/\/acs.org.br\/academy\/wp-json\/wp\/v2\/types\/post"}],"author":[{"embeddable":true,"href":"https:\/\/acs.org.br\/academy\/wp-json\/wp\/v2\/users\/1"}],"replies":[{"embeddable":true,"href":"https:\/\/acs.org.br\/academy\/wp-json\/wp\/v2\/comments?post=83560"}],"version-history":[{"count":0,"href":"https:\/\/acs.org.br\/academy\/wp-json\/wp\/v2\/posts\/83560\/revisions"}],"wp:featuredmedia":[{"embeddable":true,"href":"https:\/\/acs.org.br\/academy\/wp-json\/wp\/v2\/media\/83545"}],"wp:attachment":[{"href":"https:\/\/acs.org.br\/academy\/wp-json\/wp\/v2\/media?parent=83560"}],"wp:term":[{"taxonomy":"category","embeddable":true,"href":"https:\/\/acs.org.br\/academy\/wp-json\/wp\/v2\/categories?post=83560"},{"taxonomy":"post_tag","embeddable":true,"href":"https:\/\/acs.org.br\/academy\/wp-json\/wp\/v2\/tags?post=83560"}],"curies":[{"name":"wp","href":"https:\/\/api.w.org\/{rel}","templated":true}]}}