{"id":83544,"date":"2018-08-14T16:03:33","date_gmt":"2018-08-14T19:03:33","guid":{"rendered":"http:\/\/127.0.0.1\/acs\/ca-petroleo\/"},"modified":"2018-08-14T16:03:33","modified_gmt":"2018-08-14T19:03:33","slug":"ca-petroleo","status":"publish","type":"post","link":"https:\/\/acs.org.br\/academy\/ca-petroleo\/","title":{"rendered":"C\u00e2mara de Petr\u00f3leo e G\u00e1s da Associa\u00e7\u00e3o Comercial de Santos pretende criar cadastro de empresas que podem fornecer produtos e servi\u00e7os para petrol\u00edferas que t\u00eam inten\u00e7\u00e3o de operar na regi\u00e3o"},"content":{"rendered":"<p style=\"text-align: left;\" align=\"center\"><i>A lista ser\u00e1 criada a partir de parceria com o Sebrae e trar\u00e1 um panorama regional sobre essas empresas<\/i><\/p>\n<p>Fonte: Assessoria de imprensa ACS<\/p>\n<p>Durante reuni\u00e3o da C\u00e2mara Setorial de Petr\u00f3leo e G\u00e1s da Associa\u00e7\u00e3o Comercial de Santos (ACS), realizada nesta ter\u00e7a-feira (14), ficou definido que, j\u00e1 no pr\u00f3ximo encontro, marcado para o in\u00edcio do m\u00eas que vem, o Sebrae apresentar\u00e1 um modelo de como ser\u00e1  feito o cadastro regional de empresas interessadas em fornecer produtos e servi\u00e7os para petrol\u00edferas que t\u00eam inten\u00e7\u00e3o de operar na regi\u00e3o.<\/p>\n<\/p>\n<p align=\"center\"><i> <\/i><\/p>\n<p>O objetivo \u00e9 que essa lista seja repassada ao Instituto Brasileiro de Petr\u00f3leo, G\u00e1s e Biocombust\u00edveis (IBP) e \u00e0 Associa\u00e7\u00e3o Brasileira das Empresas de Servi\u00e7os de Petr\u00f3leo (Abespetro), para que as institui\u00e7\u00f5es tenham um panorama regional sobre essas empresas, que possam repassar para os reais interessados, que s\u00e3o seus associados.<\/p>\n<p>A cria\u00e7\u00e3o desse cadastro \u00e9 uma das estrat\u00e9gias da C\u00e2mara para tentar criar um ambiente para a instala\u00e7\u00e3o de uma base offshore na Baixada Santista, que abastecer\u00e1, com produtos e servi\u00e7os, as plataformas da Petrobras. A ideia \u00e9 que essa base seja constru\u00edda e operada pela iniciativa privada.<\/p>\n<p>De acordo com o coordenador da C\u00e2mara Setorial de Petr\u00f3leo e G\u00e1s, Vicente do Valle, no in\u00edcio deste m\u00eas ele esteve reunido, no Rio de Janeiro, com representantes do IBP e da Abespetro.<\/p>\n<p><img loading=\"lazy\" decoding=\"async\" class=\" size-full wp-image-83541\" src=\"http:\/\/127.0.0.1\/acs\/wp-content\/uploads\/2018\/08\/WEB_2018_AGOSTO_CA-PETROLEO-W_FOTO-069.JPG\" width=\"570\" height=\"428\" srcset=\"https:\/\/acs.org.br\/academy\/wp-content\/uploads\/2018\/08\/WEB_2018_AGOSTO_CA-PETROLEO-W_FOTO-069.JPG 570w, https:\/\/acs.org.br\/academy\/wp-content\/uploads\/2018\/08\/WEB_2018_AGOSTO_CA-PETROLEO-W_FOTO-069-300x225.jpg 300w\" sizes=\"(max-width: 570px) 100vw, 570px\" \/><\/p>\n<p>\u201cVamos firmar um conv\u00eanio com essas entidades. Por isso, a C\u00e2mara de Petr\u00f3leo a G\u00e1s j\u00e1 solicitou ao departamento jur\u00eddico da ACS que apresente uma minuta para formalizar esse conv\u00eanio, que vai abranger n\u00e3o s\u00f3 a quest\u00e3o do cadastramento, como outras informa\u00e7\u00f5es que servir\u00e3o de base para os associados dessas entidades e para a C\u00e2mara de P&amp;G\u201d.<\/p>\n<p><b> <\/b><\/p>\n<p><b>Guaruj\u00e1<\/b><\/p>\n<p>Outra novidade dessa reuni\u00e3o foi a participa\u00e7\u00e3o do diretor de Petr\u00f3leo e G\u00e1s da Prefeitura de Guaruj\u00e1, Nelson Alves Filho. A diretoria de Petr\u00f3leo e G\u00e1s foi criada recentemente no munic\u00edpio e Nelson ser\u00e1 o membro da C\u00e2mara, representando a Secretaria de Desenvolvimento de Guaruj\u00e1, que cuidar\u00e1 do desenvolvimento do setor petrol\u00edfero na regi\u00e3o.<\/p>\n<p><img loading=\"lazy\" decoding=\"async\" class=\" size-full wp-image-83542\" src=\"http:\/\/127.0.0.1\/acs\/wp-content\/uploads\/2018\/08\/WEB_2018_AGOSTO_CA-PETROLEO-W_FOTO-051.JPG\" width=\"570\" height=\"428\" srcset=\"https:\/\/acs.org.br\/academy\/wp-content\/uploads\/2018\/08\/WEB_2018_AGOSTO_CA-PETROLEO-W_FOTO-051.JPG 570w, https:\/\/acs.org.br\/academy\/wp-content\/uploads\/2018\/08\/WEB_2018_AGOSTO_CA-PETROLEO-W_FOTO-051-300x225.jpg 300w\" sizes=\"(max-width: 570px) 100vw, 570px\" \/><\/p>\n<p><img loading=\"lazy\" decoding=\"async\" class=\" size-full wp-image-83543\" src=\"http:\/\/127.0.0.1\/acs\/wp-content\/uploads\/2018\/08\/WEB_2018_AGOSTO_CA-PETROLEO-W_FOTO-053.JPG\" width=\"570\" height=\"428\" srcset=\"https:\/\/acs.org.br\/academy\/wp-content\/uploads\/2018\/08\/WEB_2018_AGOSTO_CA-PETROLEO-W_FOTO-053.JPG 570w, https:\/\/acs.org.br\/academy\/wp-content\/uploads\/2018\/08\/WEB_2018_AGOSTO_CA-PETROLEO-W_FOTO-053-300x225.jpg 300w\" sizes=\"(max-width: 570px) 100vw, 570px\" \/><\/p>\n","protected":false},"excerpt":{"rendered":"<p>A lista ser\u00e1 criada a partir de parceria com o Sebrae e trar\u00e1 um panorama regional sobre essas empresas Fonte: Assessoria de imprensa ACS Durante reuni\u00e3o da C\u00e2mara Setorial de Petr\u00f3leo e G\u00e1s da Associa\u00e7\u00e3o Comercial de Santos (ACS), realizada nesta ter\u00e7a-feira (14), ficou definido que, j\u00e1 no pr\u00f3ximo encontro, marcado para o in\u00edcio do [&hellip;]<\/p>\n","protected":false},"author":1,"featured_media":83540,"comment_status":"open","ping_status":"open","sticky":false,"template":"","format":"standard","meta":{"footnotes":""},"categories":[84],"tags":[],"_links":{"self":[{"href":"https:\/\/acs.org.br\/academy\/wp-json\/wp\/v2\/posts\/83544"}],"collection":[{"href":"https:\/\/acs.org.br\/academy\/wp-json\/wp\/v2\/posts"}],"about":[{"href":"https:\/\/acs.org.br\/academy\/wp-json\/wp\/v2\/types\/post"}],"author":[{"embeddable":true,"href":"https:\/\/acs.org.br\/academy\/wp-json\/wp\/v2\/users\/1"}],"replies":[{"embeddable":true,"href":"https:\/\/acs.org.br\/academy\/wp-json\/wp\/v2\/comments?post=83544"}],"version-history":[{"count":0,"href":"https:\/\/acs.org.br\/academy\/wp-json\/wp\/v2\/posts\/83544\/revisions"}],"wp:featuredmedia":[{"embeddable":true,"href":"https:\/\/acs.org.br\/academy\/wp-json\/wp\/v2\/media\/83540"}],"wp:attachment":[{"href":"https:\/\/acs.org.br\/academy\/wp-json\/wp\/v2\/media?parent=83544"}],"wp:term":[{"taxonomy":"category","embeddable":true,"href":"https:\/\/acs.org.br\/academy\/wp-json\/wp\/v2\/categories?post=83544"},{"taxonomy":"post_tag","embeddable":true,"href":"https:\/\/acs.org.br\/academy\/wp-json\/wp\/v2\/tags?post=83544"}],"curies":[{"name":"wp","href":"https:\/\/api.w.org\/{rel}","templated":true}]}}