{"id":83321,"date":"2018-08-09T09:11:15","date_gmt":"2018-08-09T12:11:15","guid":{"rendered":"http:\/\/127.0.0.1\/acs\/dialogo-com-empresarios-faca-sua-inscricao\/"},"modified":"2018-08-09T09:11:15","modified_gmt":"2018-08-09T12:11:15","slug":"dialogo-com-empresarios-faca-sua-inscricao","status":"publish","type":"post","link":"https:\/\/acs.org.br\/academy\/dialogo-com-empresarios-faca-sua-inscricao\/","title":{"rendered":"Di\u00e1logo com empres\u00e1rios &#8211; FA\u00c7A SUA INSCRI\u00c7\u00c3O"},"content":{"rendered":"<p>A Associa\u00e7\u00e3o Comercial de Santos e a Funda\u00e7\u00e3o Dom Cabral realizam, no dia 4 de setembro, mais um Di\u00e1logo com Empres\u00e1rios da Baixada Santista.<\/p>\n<p>Fa\u00e7a j\u00e1 sua inscri\u00e7\u00e3o pelo e-mail <a href=\"mailto:eventos@acs.org.br\">eventos@acs.org.br<\/a> . As vagas s\u00e3o limitadas.<\/p>\n<p>Segue, abaixo, convite.<\/p>\n<p>\u00a0<\/p><\/p>\n","protected":false},"excerpt":{"rendered":"<p>A Associa\u00e7\u00e3o Comercial de Santos e a Funda\u00e7\u00e3o Dom Cabral realizam, no dia 4 de setembro, mais um Di\u00e1logo com Empres\u00e1rios da Baixada Santista. Fa\u00e7a j\u00e1 sua inscri\u00e7\u00e3o pelo e-mail eventos@acs.org.br . As vagas s\u00e3o limitadas. Segue, abaixo, convite. \u00a0<\/p>\n","protected":false},"author":1,"featured_media":83320,"comment_status":"open","ping_status":"open","sticky":false,"template":"","format":"standard","meta":{"footnotes":""},"categories":[84],"tags":[],"_links":{"self":[{"href":"https:\/\/acs.org.br\/academy\/wp-json\/wp\/v2\/posts\/83321"}],"collection":[{"href":"https:\/\/acs.org.br\/academy\/wp-json\/wp\/v2\/posts"}],"about":[{"href":"https:\/\/acs.org.br\/academy\/wp-json\/wp\/v2\/types\/post"}],"author":[{"embeddable":true,"href":"https:\/\/acs.org.br\/academy\/wp-json\/wp\/v2\/users\/1"}],"replies":[{"embeddable":true,"href":"https:\/\/acs.org.br\/academy\/wp-json\/wp\/v2\/comments?post=83321"}],"version-history":[{"count":0,"href":"https:\/\/acs.org.br\/academy\/wp-json\/wp\/v2\/posts\/83321\/revisions"}],"wp:featuredmedia":[{"embeddable":true,"href":"https:\/\/acs.org.br\/academy\/wp-json\/wp\/v2\/media\/83320"}],"wp:attachment":[{"href":"https:\/\/acs.org.br\/academy\/wp-json\/wp\/v2\/media?parent=83321"}],"wp:term":[{"taxonomy":"category","embeddable":true,"href":"https:\/\/acs.org.br\/academy\/wp-json\/wp\/v2\/categories?post=83321"},{"taxonomy":"post_tag","embeddable":true,"href":"https:\/\/acs.org.br\/academy\/wp-json\/wp\/v2\/tags?post=83321"}],"curies":[{"name":"wp","href":"https:\/\/api.w.org\/{rel}","templated":true}]}}