{"id":83284,"date":"2018-08-06T10:09:36","date_gmt":"2018-08-06T13:09:36","guid":{"rendered":"http:\/\/127.0.0.1\/acs\/concerto\/"},"modified":"2018-08-06T10:09:36","modified_gmt":"2018-08-06T13:09:36","slug":"concerto","status":"publish","type":"post","link":"https:\/\/acs.org.br\/academy\/concerto\/","title":{"rendered":"Programa Concertos Petrobras-Tribuna lota audit\u00f3rio da Associa\u00e7\u00e3o Comercial de Santos"},"content":{"rendered":"<p><i>Praticamente todos os 150 lugares dispon\u00edveis foram ocupados durante a primeira sess\u00e3o do evento, realizado neste domingo (5)<\/i><\/p>\n<p>Fonte: Assessoria de imprensa ACS<\/p>\n<p>Com o audit\u00f3rio lotado na primeira sess\u00e3o (praticamente com os 150 lugares ocupados), foi realizado neste domingo (5), na Associa\u00e7\u00e3o Comercial de Santos (ACS), o programa Concertos Petrobras- Tribuna. Nesta edi\u00e7\u00e3o, o clarinetista Paulo S\u00e9rgio Santos, a violinista Cristiane Cabral e o trio formado pelo violinista Pablo de Le\u00f3n, o violista Hor\u00e1cio Schaefer e o violoncelista Roberto Ring se apresentaram em duas sess\u00f5es: \u00e0s 17 e \u00e0s 19 horas.<\/p>\n<\/p>\n<p>O presidente da ACS, Roberto Clemente Santini, assistiu a apresenta\u00e7\u00e3o. \u201cEste \u00e9 um importante programa que leva cultura, de forma gratuita, a diversas cidades da Baixada Santista. E n\u00e3o h\u00e1 lugar melhor para receber um concerto do que a nossa ACS, que \u00e9 um pr\u00e9dio hist\u00f3rico e est\u00e1 modernizado, com um audit\u00f3rio que possui equipamentos de \u00e1udio, v\u00eddeo e ilumina\u00e7\u00e3o de \u00faltima gera\u00e7\u00e3o. Gostei muito do repert\u00f3rio escolhido e acredito que o p\u00fablico tamb\u00e9m\u201d.<\/p>\n<p><img loading=\"lazy\" decoding=\"async\" class=\" size-full wp-image-83275\" src=\"http:\/\/127.0.0.1\/acs\/wp-content\/uploads\/2018\/08\/WEB_2018_AGOSTO_CONCERTO-W_CONCERTO-039.JPG\" width=\"570\" height=\"428\" srcset=\"https:\/\/acs.org.br\/academy\/wp-content\/uploads\/2018\/08\/WEB_2018_AGOSTO_CONCERTO-W_CONCERTO-039.JPG 570w, https:\/\/acs.org.br\/academy\/wp-content\/uploads\/2018\/08\/WEB_2018_AGOSTO_CONCERTO-W_CONCERTO-039-300x225.jpg 300w\" sizes=\"(max-width: 570px) 100vw, 570px\" \/><\/p>\n<p>Os m\u00fasicos apresentaram a \u00fanica obra de Mozart para a forma\u00e7\u00e3o violino, viola e violoncelo, o Divertimento em mi bemol maior, K 563, tido como um dos pontos altos do repert\u00f3rio para trio de cordas.<\/p>\n<p><img loading=\"lazy\" decoding=\"async\" class=\" size-full wp-image-83276\" src=\"http:\/\/127.0.0.1\/acs\/wp-content\/uploads\/2018\/08\/WEB_2018_AGOSTO_CONCERTO-W_CONCERTO-052.JPG\" width=\"570\" height=\"428\" srcset=\"https:\/\/acs.org.br\/academy\/wp-content\/uploads\/2018\/08\/WEB_2018_AGOSTO_CONCERTO-W_CONCERTO-052.JPG 570w, https:\/\/acs.org.br\/academy\/wp-content\/uploads\/2018\/08\/WEB_2018_AGOSTO_CONCERTO-W_CONCERTO-052-300x225.jpg 300w\" sizes=\"(max-width: 570px) 100vw, 570px\" \/><\/p>\n<p>O grupo tamb\u00e9m apresentou o Quinteto para clarinete e cordas, em si menor, Op. 115, de Brahms, uma das mais belas obras escritas para clarinete.<\/p>\n<p>O violoncelista Roberto Ring explicou que a escolha do repert\u00f3rio depende de dois crit\u00e9rios. \u201cO primeiro \u00e9 o crit\u00e9rio art\u00edstico, o m\u00fasico tem suas paix\u00f5es e precisa gostar do que vai tocar. O segundo crit\u00e9rio para nossa escolha leva em conta o p\u00fablico. N\u00e3o podemos colocar obras muitos complicadas, para n\u00e3o ficar \u00e1rduo. Por isso, escolhemos um repert\u00f3rio de f\u00e1cil acesso, mas um repert\u00f3rio muito s\u00e9rio, a obra principal de Brahms, muito rom\u00e2ntica, que traz euforia, depress\u00e3o, saudade e todas as variantes do que \u00e9 estar apaixonado\u201d.<\/p>\n<p><img loading=\"lazy\" decoding=\"async\" class=\" size-full wp-image-83277\" src=\"http:\/\/127.0.0.1\/acs\/wp-content\/uploads\/2018\/08\/WEB_2018_AGOSTO_CONCERTO-W_CONCERTO-031.JPG\" width=\"570\" height=\"428\" srcset=\"https:\/\/acs.org.br\/academy\/wp-content\/uploads\/2018\/08\/WEB_2018_AGOSTO_CONCERTO-W_CONCERTO-031.JPG 570w, https:\/\/acs.org.br\/academy\/wp-content\/uploads\/2018\/08\/WEB_2018_AGOSTO_CONCERTO-W_CONCERTO-031-300x225.jpg 300w\" sizes=\"(max-width: 570px) 100vw, 570px\" \/><\/p>\n<p>Ring ressaltou a import\u00e2ncia de trazer para um pr\u00e9dio hist\u00f3rico como o da ACS um concerto musical.<\/p>\n<p>\u201cA Associa\u00e7\u00e3o Comercial de Santos fez um grande esfor\u00e7o para a comunidade, em restaurar o pr\u00e9dio, que \u00e9 um patrim\u00f4nio de todos. Puxar um concerto para c\u00e1 foi uma diretriz que tem como objetivo abrir a ACS para qualquer cidad\u00e3o conhecer esse lugar maravilhoso, com uma boa m\u00fasica\u201d.<\/p>\n<p>A empres\u00e1ria Ana Necchi, que veio de Ribeir\u00e3o Preto, disse que se surpreendeu com a apresenta\u00e7\u00e3o. \u201cGostamos muito, ficamos satisfeitos. Viemos passear em Santos e assim que soubemos do evento, fizemos inscri\u00e7\u00e3o. O pr\u00e9dio da Associa\u00e7\u00e3o nos surpreendeu tamb\u00e9m, porque a frente parece um teatro. E as acomoda\u00e7\u00f5es s\u00e3o \u00f3timas, tudo muito aconchegante\u201d.<\/p>\n<p>A psic\u00f3loga Roseine Fortes Patela j\u00e1 conhecia o grupo e encontrou o que esperava. \u201cFoi muito lindo, a m\u00fasica \u00e9 um b\u00e1lsamo e foi o que encontrei aqui. J\u00e1 conhe\u00e7o o pr\u00e9dio da ACS, \u00e9 muito bonito e \u00e9 bom poder contar com esse espa\u00e7o para trazer m\u00fasica para o santista\u201d.<\/p>\n<p><img loading=\"lazy\" decoding=\"async\" class=\" size-full wp-image-83278\" src=\"http:\/\/127.0.0.1\/acs\/wp-content\/uploads\/2018\/08\/WEB_2018_AGOSTO_CONCERTO-W_CONCERTO-112.JPG\" width=\"570\" height=\"428\" srcset=\"https:\/\/acs.org.br\/academy\/wp-content\/uploads\/2018\/08\/WEB_2018_AGOSTO_CONCERTO-W_CONCERTO-112.JPG 570w, https:\/\/acs.org.br\/academy\/wp-content\/uploads\/2018\/08\/WEB_2018_AGOSTO_CONCERTO-W_CONCERTO-112-300x225.jpg 300w\" sizes=\"(max-width: 570px) 100vw, 570px\" \/><\/p>\n<p><b>Sobre os m\u00fasicos<\/b><\/p>\n<p>Os convidados para os concertos s\u00e3o a violinista Cristiane Cabral e o clarinetista Paulo S\u00e9rgio Santos, m\u00fasico de grande prest\u00edgio internacional, que al\u00e9m de seu trabalho como m\u00fasico de c\u00e2mara e ao lado de Orquestras, tem atuado ao lado de grandes nomes da m\u00fasica popular brasileira, como Guinga, Chico Buarque e Edu Lobo. Paulo S\u00e9rgio Santos integrou a Orquestra Sinf\u00f4nica do Teatro Municipal do Rio de Janeiro como primeiro clarinetista solista durante 18 anos. Seu primeiro cd solo obteve o Pr\u00eamio Sharp (categoria Revela\u00e7\u00e3o) e foi laureado com o Pr\u00eamio Carlos Gomes duas vezes: Melhor Conjunto Instrumental (Quinteto Villa-Lobos, onde toca desde 1975) e Melhor Solista. Em 2002 ganhou os dois mais importantes pr\u00eamios de m\u00fasica instrumental do Rio de Janeiro: o Pr\u00eamio CARAS e o Pr\u00eamio RIVAL.<\/p>\n<p>Ao lado dos convidados estar\u00e1 um grupo de m\u00fasicos de excel\u00eancia no cen\u00e1rio brasileiro e internacional, que re\u00fane o violinista Pablo de Le\u00f3n; o violista Hor\u00e1cio Schaefer; e o violoncelista Roberto Ring. Entre os mais destacados do pa\u00eds, desenvolvem intensa atividade apresentando-se com solistas mundialmente renomados como os clarinetistas Antony Pay (Inglaterra), Michel Lethiec e Romain Guyot (Fran\u00e7a); os violinistas Ilya Gringolts (R\u00fassia), R\u00e9gis Pasquier (Fran\u00e7a), Hagai Shaham e Roy Shiloah (Israel), Isabelle van Keulen (Holanda), C\u00e1rmelo de los Santos e Cl\u00e1udio Cruz (Brasil), e os pianistas Roglit Ishay (Israel), Emmanuel Strosser (Fran\u00e7a) e Cristian Budu (Brasil).<\/p>\n<p>&nbsp;<img loading=\"lazy\" decoding=\"async\" class=\" size-full wp-image-83279\" src=\"http:\/\/127.0.0.1\/acs\/wp-content\/uploads\/2018\/08\/WEB_2018_AGOSTO_CONCERTO-W_CONCERTO-008.JPG\" width=\"570\" height=\"428\" srcset=\"https:\/\/acs.org.br\/academy\/wp-content\/uploads\/2018\/08\/WEB_2018_AGOSTO_CONCERTO-W_CONCERTO-008.JPG 570w, https:\/\/acs.org.br\/academy\/wp-content\/uploads\/2018\/08\/WEB_2018_AGOSTO_CONCERTO-W_CONCERTO-008-300x225.jpg 300w\" sizes=\"(max-width: 570px) 100vw, 570px\" \/><\/p>\n<p><img loading=\"lazy\" decoding=\"async\" class=\" size-full wp-image-83280\" src=\"http:\/\/127.0.0.1\/acs\/wp-content\/uploads\/2018\/08\/WEB_2018_AGOSTO_CONCERTO-W_CONCERTO-022.JPG\" width=\"570\" height=\"428\" srcset=\"https:\/\/acs.org.br\/academy\/wp-content\/uploads\/2018\/08\/WEB_2018_AGOSTO_CONCERTO-W_CONCERTO-022.JPG 570w, https:\/\/acs.org.br\/academy\/wp-content\/uploads\/2018\/08\/WEB_2018_AGOSTO_CONCERTO-W_CONCERTO-022-300x225.jpg 300w\" sizes=\"(max-width: 570px) 100vw, 570px\" \/><\/p>\n<p><img loading=\"lazy\" decoding=\"async\" class=\" size-full wp-image-83281\" src=\"http:\/\/127.0.0.1\/acs\/wp-content\/uploads\/2018\/08\/WEB_2018_AGOSTO_CONCERTO-W_CONCERTO-069.JPG\" width=\"570\" height=\"428\" srcset=\"https:\/\/acs.org.br\/academy\/wp-content\/uploads\/2018\/08\/WEB_2018_AGOSTO_CONCERTO-W_CONCERTO-069.JPG 570w, https:\/\/acs.org.br\/academy\/wp-content\/uploads\/2018\/08\/WEB_2018_AGOSTO_CONCERTO-W_CONCERTO-069-300x225.jpg 300w\" sizes=\"(max-width: 570px) 100vw, 570px\" \/><\/p>\n<p><img loading=\"lazy\" decoding=\"async\" class=\" size-full wp-image-83282\" src=\"http:\/\/127.0.0.1\/acs\/wp-content\/uploads\/2018\/08\/WEB_2018_AGOSTO_CONCERTO-W_CONCERTO-070.JPG\" width=\"570\" height=\"414\" srcset=\"https:\/\/acs.org.br\/academy\/wp-content\/uploads\/2018\/08\/WEB_2018_AGOSTO_CONCERTO-W_CONCERTO-070.JPG 570w, https:\/\/acs.org.br\/academy\/wp-content\/uploads\/2018\/08\/WEB_2018_AGOSTO_CONCERTO-W_CONCERTO-070-300x218.jpg 300w\" sizes=\"(max-width: 570px) 100vw, 570px\" \/><\/p>\n<p>\u00a0<\/p>\n<p><img loading=\"lazy\" decoding=\"async\" class=\" size-full wp-image-83283\" src=\"http:\/\/127.0.0.1\/acs\/wp-content\/uploads\/2018\/08\/WEB_2018_AGOSTO_CONCERTO-W_CONCERTO-075.JPG\" width=\"570\" height=\"384\" srcset=\"https:\/\/acs.org.br\/academy\/wp-content\/uploads\/2018\/08\/WEB_2018_AGOSTO_CONCERTO-W_CONCERTO-075.JPG 570w, https:\/\/acs.org.br\/academy\/wp-content\/uploads\/2018\/08\/WEB_2018_AGOSTO_CONCERTO-W_CONCERTO-075-300x202.jpg 300w\" sizes=\"(max-width: 570px) 100vw, 570px\" \/><\/p>\n<p>\u00a0<\/p>\n<p>\u00a0<\/p>\n<p>\u00a0<\/p>\n","protected":false},"excerpt":{"rendered":"<p>Praticamente todos os 150 lugares dispon\u00edveis foram ocupados durante a primeira sess\u00e3o do evento, realizado neste domingo (5) Fonte: Assessoria de imprensa ACS Com o audit\u00f3rio lotado na primeira sess\u00e3o (praticamente com os 150 lugares ocupados), foi realizado neste domingo (5), na Associa\u00e7\u00e3o Comercial de Santos (ACS), o programa Concertos Petrobras- Tribuna. Nesta edi\u00e7\u00e3o, o [&hellip;]<\/p>\n","protected":false},"author":1,"featured_media":83274,"comment_status":"open","ping_status":"open","sticky":false,"template":"","format":"standard","meta":{"footnotes":""},"categories":[84],"tags":[],"_links":{"self":[{"href":"https:\/\/acs.org.br\/academy\/wp-json\/wp\/v2\/posts\/83284"}],"collection":[{"href":"https:\/\/acs.org.br\/academy\/wp-json\/wp\/v2\/posts"}],"about":[{"href":"https:\/\/acs.org.br\/academy\/wp-json\/wp\/v2\/types\/post"}],"author":[{"embeddable":true,"href":"https:\/\/acs.org.br\/academy\/wp-json\/wp\/v2\/users\/1"}],"replies":[{"embeddable":true,"href":"https:\/\/acs.org.br\/academy\/wp-json\/wp\/v2\/comments?post=83284"}],"version-history":[{"count":0,"href":"https:\/\/acs.org.br\/academy\/wp-json\/wp\/v2\/posts\/83284\/revisions"}],"wp:featuredmedia":[{"embeddable":true,"href":"https:\/\/acs.org.br\/academy\/wp-json\/wp\/v2\/media\/83274"}],"wp:attachment":[{"href":"https:\/\/acs.org.br\/academy\/wp-json\/wp\/v2\/media?parent=83284"}],"wp:term":[{"taxonomy":"category","embeddable":true,"href":"https:\/\/acs.org.br\/academy\/wp-json\/wp\/v2\/categories?post=83284"},{"taxonomy":"post_tag","embeddable":true,"href":"https:\/\/acs.org.br\/academy\/wp-json\/wp\/v2\/tags?post=83284"}],"curies":[{"name":"wp","href":"https:\/\/api.w.org\/{rel}","templated":true}]}}