{"id":83196,"date":"2018-07-31T11:26:52","date_gmt":"2018-07-31T14:26:52","guid":{"rendered":"http:\/\/127.0.0.1\/acs\/inscreva-se-associacao-comercial-de-santos-recebe-programa-concertos-petrobras-tribuna\/"},"modified":"2018-07-31T11:26:52","modified_gmt":"2018-07-31T14:26:52","slug":"inscreva-se-associacao-comercial-de-santos-recebe-programa-concertos-petrobras-tribuna","status":"publish","type":"post","link":"https:\/\/acs.org.br\/academy\/inscreva-se-associacao-comercial-de-santos-recebe-programa-concertos-petrobras-tribuna\/","title":{"rendered":"INSCREVA-SE &#8211; Associa\u00e7\u00e3o Comercial de Santos recebe programa Concertos Petrobras-Tribuna"},"content":{"rendered":"<p style=\"text-align: left;\" align=\"center\">Fonte: Assessoria de imprensa ACS<\/p>\n<p>A Associa\u00e7\u00e3o Comercial de Santos (ACS) receber\u00e1, no dia 5 de agosto, em duas sess\u00f5es (17 e 19 horas) o programa Concertos Petrobras-Tribuna, que consiste em apresenta\u00e7\u00f5es singulares, que reunir\u00e3o, nesta edi\u00e7\u00e3o, o clarinetista Paulo S\u00e9rgio Santos, a violinista Cristiane Cabral e o trio formado pelo violinista Pablo de Le\u00f3n, o violista Hor\u00e1cio Schaefer e o violoncelista Roberto Ring.<\/p>\n<p>O programa promete encantar o p\u00fablico com a \u00fanica obra de Mozart para a forma\u00e7\u00e3o violino, viola e violoncelo, o Divertimento em mi bemol maior, K 563, tido como um dos pontos altos do repert\u00f3rio para trio de cordas.<\/p>\n<p>O grupo ir\u00e1 apresentar tamb\u00e9m o Quinteto para clarinete e cordas, em si menor, Op. 115, de Brahms, uma das mais belas obras escritas para clarinete. Brahms, que estava pensando em se aposentar da composi\u00e7\u00e3o, apaixonou-se pela forma como um virtuoso clarinetista da \u00e9poca fazia o instrumento cantar. Tendo encontrado seu \u201crouxinol\u201d, Brahms retomou o f\u00f4lego e comp\u00f4s um Trio para Clarinete, duas Sonatas para Clarinete e Piano e o Quinteto que ser\u00e1 apresentado.<\/p>\n<p>Os convidados para os concertos s\u00e3o a violinista Cristiane Cabral e o clarinetista Paulo S\u00e9rgio Santos, m\u00fasico de grande prest\u00edgio internacional, que al\u00e9m de seu trabalho como m\u00fasico de c\u00e2mara e ao lado de Orquestras, tem atuado ao lado de grandes nomes da m\u00fasica popular brasileira, como Guinga, Chico Buarque e Edu Lobo. Paulo S\u00e9rgio Santos integrou a Orquestra Sinf\u00f4nica do Teatro Municipal do Rio de Janeiro como primeiro clarinetista solista durante 18 anos. Seu primeiro cd solo obteve o Pr\u00eamio Sharp (categoria Revela\u00e7\u00e3o) e foi laureado com o Pr\u00eamio Carlos Gomes duas vezes: Melhor Conjunto Instrumental (Quinteto Villa-Lobos, onde toca desde 1975) e Melhor Solista. Em 2002 ganhou os dois mais importantes pr\u00eamios de m\u00fasica instrumental do Rio de Janeiro: o Pr\u00eamio CARAS e o Pr\u00eamio RIVAL.<\/p>\n<p>Ao lado dos convidados estar\u00e1 um grupo de m\u00fasicos de excel\u00eancia no cen\u00e1rio brasileiro e internacional, que re\u00fane o violinista Pablo de Le\u00f3n; o violista Hor\u00e1cio Schaefer; e o violoncelista Roberto Ring. Entre os mais destacados do pa\u00eds, desenvolvem intensa atividade apresentando-se com solistas mundialmente renomados como os clarinetistas Antony Pay (Inglaterra), Michel Lethiec e Romain Guyot (Fran\u00e7a); os violinistas Ilya Gringolts (R\u00fassia), R\u00e9gis Pasquier (Fran\u00e7a), Hagai Shaham e Roy Shiloah (Israel), Isabelle van Keulen (Holanda), C\u00e1rmelo de los Santos e Cl\u00e1udio Cruz (Brasil), e os pianistas Roglit Ishay (Israel), Emmanuel Strosser (Fran\u00e7a) e Cristian Budu (Brasil).<\/p>\n<p>A entrada \u00e9 gratuita e os interessados devem fazer inscri\u00e7\u00e3o at\u00e9 o dia 3 de agosto pelo e mail <a href=\"mailto:eventos@acs.org.br\">eventos@acs.org.br<\/a>, informando qual sua sess\u00e3o de interesse (17 ou 19 horas) nome completo e telefone para contato.<\/p>\n<p>A ACS fica na rua XV de Novembro, 137, no Centro Hist\u00f3rico de Santos. Mais informa\u00e7\u00f5es <a href=\"http:\/\/stravinsky.com.br\/concertospetrobras\/tribuna\/\">http:\/\/stravinsky.com.br\/concertospetrobras\/tribuna\/<\/a> .<\/p>\n","protected":false},"excerpt":{"rendered":"<p>Fonte: Assessoria de imprensa ACS A Associa\u00e7\u00e3o Comercial de Santos (ACS) receber\u00e1, no dia 5 de agosto, em duas sess\u00f5es (17 e 19 horas) o programa Concertos Petrobras-Tribuna, que consiste em apresenta\u00e7\u00f5es singulares, que reunir\u00e3o, nesta edi\u00e7\u00e3o, o clarinetista Paulo S\u00e9rgio Santos, a violinista Cristiane Cabral e o trio formado pelo violinista Pablo de Le\u00f3n, [&hellip;]<\/p>\n","protected":false},"author":1,"featured_media":0,"comment_status":"open","ping_status":"open","sticky":false,"template":"","format":"standard","meta":{"footnotes":""},"categories":[84],"tags":[],"_links":{"self":[{"href":"https:\/\/acs.org.br\/academy\/wp-json\/wp\/v2\/posts\/83196"}],"collection":[{"href":"https:\/\/acs.org.br\/academy\/wp-json\/wp\/v2\/posts"}],"about":[{"href":"https:\/\/acs.org.br\/academy\/wp-json\/wp\/v2\/types\/post"}],"author":[{"embeddable":true,"href":"https:\/\/acs.org.br\/academy\/wp-json\/wp\/v2\/users\/1"}],"replies":[{"embeddable":true,"href":"https:\/\/acs.org.br\/academy\/wp-json\/wp\/v2\/comments?post=83196"}],"version-history":[{"count":0,"href":"https:\/\/acs.org.br\/academy\/wp-json\/wp\/v2\/posts\/83196\/revisions"}],"wp:attachment":[{"href":"https:\/\/acs.org.br\/academy\/wp-json\/wp\/v2\/media?parent=83196"}],"wp:term":[{"taxonomy":"category","embeddable":true,"href":"https:\/\/acs.org.br\/academy\/wp-json\/wp\/v2\/categories?post=83196"},{"taxonomy":"post_tag","embeddable":true,"href":"https:\/\/acs.org.br\/academy\/wp-json\/wp\/v2\/tags?post=83196"}],"curies":[{"name":"wp","href":"https:\/\/api.w.org\/{rel}","templated":true}]}}