{"id":83174,"date":"2018-07-27T15:34:06","date_gmt":"2018-07-27T18:34:06","guid":{"rendered":"http:\/\/127.0.0.1\/acs\/66a-edicao-do-curso-de-cafe-da-associacao-comercial-de-santos-forma-21-alunos\/"},"modified":"2018-07-27T15:34:06","modified_gmt":"2018-07-27T18:34:06","slug":"66a-edicao-do-curso-de-cafe-da-associacao-comercial-de-santos-forma-21-alunos","status":"publish","type":"post","link":"https:\/\/acs.org.br\/academy\/66a-edicao-do-curso-de-cafe-da-associacao-comercial-de-santos-forma-21-alunos\/","title":{"rendered":"66\u00aa edi\u00e7\u00e3o do Curso de Caf\u00e9 da Associa\u00e7\u00e3o Comercial de Santos forma 21 alunos"},"content":{"rendered":"<p style=\"text-align: left;\" align=\"center\">Fonte: Assessoria de imprensa ACS<\/p>\n<p>A 66\u00aa edi\u00e7\u00e3o do Curso de Classifica\u00e7\u00e3o e Degusta\u00e7\u00e3o de Caf\u00e9 da Associa\u00e7\u00e3o Comercial de Santos (ACS) formou, nesta quinta-feira (27), 21 alunos, sendo nove deles japoneses. Esta foi a primeira edi\u00e7\u00e3o do curso na nova sala, reinaugurada em junho deste ano, ap\u00f3s ampla moderniza\u00e7\u00e3o.<\/p>\n<\/p>\n<p><img loading=\"lazy\" decoding=\"async\" class=\" size-full wp-image-82627\" src=\"http:\/\/127.0.0.1\/acs\/wp-content\/uploads\/2018\/07\/WEB_2018_JULHO_FORMATURA-W_FORMATURA_0002.JPG\" width=\"570\" height=\"416\" srcset=\"https:\/\/acs.org.br\/academy\/wp-content\/uploads\/2018\/07\/WEB_2018_JULHO_FORMATURA-W_FORMATURA_0002.JPG 570w, https:\/\/acs.org.br\/academy\/wp-content\/uploads\/2018\/07\/WEB_2018_JULHO_FORMATURA-W_FORMATURA_0002-300x219.jpg 300w\" sizes=\"(max-width: 570px) 100vw, 570px\" \/><\/p>\n<p><img loading=\"lazy\" decoding=\"async\" class=\" size-full wp-image-82631\" src=\"http:\/\/127.0.0.1\/acs\/wp-content\/uploads\/2018\/07\/WEB_2018_JULHO_FORMATURA-W_FORMATURA_0023.JPG\" width=\"570\" height=\"410\" srcset=\"https:\/\/acs.org.br\/academy\/wp-content\/uploads\/2018\/07\/WEB_2018_JULHO_FORMATURA-W_FORMATURA_0023.JPG 570w, https:\/\/acs.org.br\/academy\/wp-content\/uploads\/2018\/07\/WEB_2018_JULHO_FORMATURA-W_FORMATURA_0023-300x216.jpg 300w\" sizes=\"(max-width: 570px) 100vw, 570px\" \/><\/p>\n<p>A cerim\u00f4nia foi aberta pelo diretor-executivo, Marcio Calves, que parabenizou a turma e os professores. \u201cSe seguirem os ensinamentos, v\u00e3o crescer na carreira de voc\u00eas\u201d. Para entendimento por parte dos japoneses, a tradutora Sayoko Nakai participou de todas as aulas e da cerim\u00f4nia.<\/p>\n<p><img loading=\"lazy\" decoding=\"async\" class=\" size-full wp-image-82629\" src=\"http:\/\/127.0.0.1\/acs\/wp-content\/uploads\/2018\/07\/WEB_2018_JULHO_FORMATURA-W_FORMATURA_0009.JPG\" width=\"570\" height=\"435\" srcset=\"https:\/\/acs.org.br\/academy\/wp-content\/uploads\/2018\/07\/WEB_2018_JULHO_FORMATURA-W_FORMATURA_0009.JPG 570w, https:\/\/acs.org.br\/academy\/wp-content\/uploads\/2018\/07\/WEB_2018_JULHO_FORMATURA-W_FORMATURA_0009-300x229.jpg 300w\" sizes=\"(max-width: 570px) 100vw, 570px\" \/><\/p>\n<p>Na sequ\u00eancia, o professor Nilton Ribeiro relembrou as principais aulas e passeios e agradeceu pelo empenho e pela amizade constru\u00edda ao longo das aulas. \u201cDesejo que esse curso possa ajud\u00e1-los a realizar sonhos, onde estiverem\u201d.<\/p>\n<p><img loading=\"lazy\" decoding=\"async\" class=\" size-full wp-image-82630\" src=\"http:\/\/127.0.0.1\/acs\/wp-content\/uploads\/2018\/07\/WEB_2018_JULHO_FORMATURA-W_FORMATURA_0020.JPG\" width=\"570\" height=\"426\" srcset=\"https:\/\/acs.org.br\/academy\/wp-content\/uploads\/2018\/07\/WEB_2018_JULHO_FORMATURA-W_FORMATURA_0020.JPG 570w, https:\/\/acs.org.br\/academy\/wp-content\/uploads\/2018\/07\/WEB_2018_JULHO_FORMATURA-W_FORMATURA_0020-300x224.jpg 300w\" sizes=\"(max-width: 570px) 100vw, 570px\" \/><\/p>\n<p><img loading=\"lazy\" decoding=\"async\" class=\" size-full wp-image-82634\" src=\"http:\/\/127.0.0.1\/acs\/wp-content\/uploads\/2018\/07\/WEB_2018_JULHO_FORMATURA-W_FORMATURA_0027.JPG\" width=\"570\" height=\"409\" srcset=\"https:\/\/acs.org.br\/academy\/wp-content\/uploads\/2018\/07\/WEB_2018_JULHO_FORMATURA-W_FORMATURA_0027.JPG 570w, https:\/\/acs.org.br\/academy\/wp-content\/uploads\/2018\/07\/WEB_2018_JULHO_FORMATURA-W_FORMATURA_0027-300x215.jpg 300w\" sizes=\"(max-width: 570px) 100vw, 570px\" \/><\/p>\n<p><img loading=\"lazy\" decoding=\"async\" class=\" size-full wp-image-82632\" src=\"http:\/\/127.0.0.1\/acs\/wp-content\/uploads\/2018\/07\/WEB_2018_JULHO_FORMATURA-W_FORMATURA_0025.JPG\" width=\"570\" height=\"417\" srcset=\"https:\/\/acs.org.br\/academy\/wp-content\/uploads\/2018\/07\/WEB_2018_JULHO_FORMATURA-W_FORMATURA_0025.JPG 570w, https:\/\/acs.org.br\/academy\/wp-content\/uploads\/2018\/07\/WEB_2018_JULHO_FORMATURA-W_FORMATURA_0025-300x219.jpg 300w\" sizes=\"(max-width: 570px) 100vw, 570px\" \/><\/p>\n<p>O professor Jos\u00e9 Almeida, respons\u00e1vel pelas aulas pr\u00e1ticas de degusta\u00e7\u00e3o, disse que a turma, bravamente, aguentou \u201ca press\u00e3o\u201d e se saiu muito bem. \u201cFui muito exigente e todos conseguiram se sair bem. Sejam bem-vindos ao mundo do caf\u00e9. Sei que muitos v\u00e3o seguir adiante. Sorte, sucesso e contem com a gente\u201d.<\/p>\n<p><img loading=\"lazy\" decoding=\"async\" class=\" size-full wp-image-82635\" src=\"http:\/\/127.0.0.1\/acs\/wp-content\/uploads\/2018\/07\/WEB_2018_JULHO_FORMATURA-W_FORMATURA_0033.JPG\" width=\"570\" height=\"428\" srcset=\"https:\/\/acs.org.br\/academy\/wp-content\/uploads\/2018\/07\/WEB_2018_JULHO_FORMATURA-W_FORMATURA_0033.JPG 570w, https:\/\/acs.org.br\/academy\/wp-content\/uploads\/2018\/07\/WEB_2018_JULHO_FORMATURA-W_FORMATURA_0033-300x225.jpg 300w\" sizes=\"(max-width: 570px) 100vw, 570px\" \/><\/p>\n<p>O orador da turma, representante dos japoneses, Tabane Imada, surpreendeu a todos falando parte do seu texto em portugu\u00eas. \u201cEm nome da turma que concluiu o curso de caf\u00e9, gostaria de agradecer aos professores, \u00e0 diretoria da ACS e a todos. Muito obrigado\u201d.<\/p>\n<p>Em complemento ao seu discurso, agora em japon\u00eas, disse que os colegas orientais aprenderam muita coisa aqui no Brasil.<\/p>\n<p><img loading=\"lazy\" decoding=\"async\" class=\" size-full wp-image-82636\" src=\"http:\/\/127.0.0.1\/acs\/wp-content\/uploads\/2018\/07\/WEB_2018_JULHO_FORMATURA-W_FORMATURA_0034.JPG\" width=\"570\" height=\"412\" srcset=\"https:\/\/acs.org.br\/academy\/wp-content\/uploads\/2018\/07\/WEB_2018_JULHO_FORMATURA-W_FORMATURA_0034.JPG 570w, https:\/\/acs.org.br\/academy\/wp-content\/uploads\/2018\/07\/WEB_2018_JULHO_FORMATURA-W_FORMATURA_0034-300x217.jpg 300w\" sizes=\"(max-width: 570px) 100vw, 570px\" \/><\/p>\n<p>\u201cConhecemos diferentes costumes e pessoas. Ao longo do curso, fiz amizades com os professores e com os participantes. Com isso, passei dias felizes. Agrade\u00e7o a todos do fundo do cora\u00e7\u00e3o\u201d.<\/p>\n<p><img loading=\"lazy\" decoding=\"async\" class=\" size-full wp-image-82656\" src=\"http:\/\/127.0.0.1\/acs\/wp-content\/uploads\/2018\/07\/WEB_2018_JULHO_FORMATURA-W_FORMATURA_0087.JPG\" width=\"570\" height=\"428\" srcset=\"https:\/\/acs.org.br\/academy\/wp-content\/uploads\/2018\/07\/WEB_2018_JULHO_FORMATURA-W_FORMATURA_0087.JPG 570w, https:\/\/acs.org.br\/academy\/wp-content\/uploads\/2018\/07\/WEB_2018_JULHO_FORMATURA-W_FORMATURA_0087-300x225.jpg 300w\" sizes=\"(max-width: 570px) 100vw, 570px\" \/><\/p>\n<p>O orador que representou os brasileiros, Rony Aparecido Cardeal, relembrou o grande aprendizado obtido nas aulas. \u201cO caf\u00e9 proporciona fortalecimento das rela\u00e7\u00f5es dos com\u00e9rcios nacional e internacional e cria oportunidades de intera\u00e7\u00e3o, de conhecer novas culturas e fazer novos contatos e amizades, como, por exemplo, com nossos colegas que vieram do Jap\u00e3o. Gostaria de agradecer aos colegas e aos professores por tudo\u201d.<\/p>\n<p>Em japon\u00eas, ele finalizou: \u201cfoi um prazer conhecer voc\u00eas (japoneses)\u201d.<\/p>\n<p>Na sequ\u00eancia, todos participaram do coquetel de encerramento, que foi servido do foyer do primeiro andar.<\/p>\n<p><img loading=\"lazy\" decoding=\"async\" class=\" size-full wp-image-82657\" src=\"http:\/\/127.0.0.1\/acs\/wp-content\/uploads\/2018\/07\/WEB_2018_JULHO_FORMATURA-W_FORMATURA_0091.JPG\" width=\"570\" height=\"415\" srcset=\"https:\/\/acs.org.br\/academy\/wp-content\/uploads\/2018\/07\/WEB_2018_JULHO_FORMATURA-W_FORMATURA_0091.JPG 570w, https:\/\/acs.org.br\/academy\/wp-content\/uploads\/2018\/07\/WEB_2018_JULHO_FORMATURA-W_FORMATURA_0091-300x218.jpg 300w\" sizes=\"(max-width: 570px) 100vw, 570px\" \/><\/p>\n<p><b>Nova turma<\/b><\/p>\n<p>Excepcionalmente este ano, est\u00e1 prevista uma turma para o m\u00eas de agosto, com a carga hor\u00e1ria estendida (quatro horas di\u00e1rias) e a dura\u00e7\u00e3o de duas semanas.<\/p>\n<p>Para participar do curso \u00e9 necess\u00e1rio ter 18 anos de idade, c\u00f3pia do diploma ou certificado de conclus\u00e3o do Ensino M\u00e9dio ou equivalente, atestado de sanidade bucal emitido por profissional habilitado e c\u00f3pia da carteira de identidade (RG) ou passaporte.<\/p>\n<p>Ao final, os alunos com frequ\u00eancia m\u00ednima de 80% e com bom desempenho nas aulas recebem certificado e carteira de classificador.<\/p>\n<p>As inscri\u00e7\u00f5es est\u00e3o abertas e os interessados devem entrar em contato com a ACS, pelo telefone 3212-8200 e falar com o setor administrativo.<\/p>\n<p><b> <\/b><\/p>\n<p><b>Hist\u00f3ria do curso<\/b><\/p>\n<p>O tradicional curso teve in\u00edcio em 1989, com o objetivo de capacitar os alunos a identificar as caracter\u00edsticas do produto, atender \u00e0s exig\u00eancias do mercado e criar oportunidades de neg\u00f3cios.<\/p>\n<p>Al\u00e9m de despertar o interesse de profissionais do mercado cafeeiro do Brasil, o curso da ACS \u00e9 reconhecido tamb\u00e9m pelos principais pa\u00edses consumidores. No m\u00eas de julho de cada ano, japoneses que atuam em empresas relacionadas \u00e0 ind\u00fastria do caf\u00e9 v\u00eam a Santos especialmente para o curso da Associa\u00e7\u00e3o Comercial.<\/p>\n<p>Geralmente s\u00e3o duas horas di\u00e1rias durante quatro semanas de aprendizagem te\u00f3rica e pr\u00e1tica sobre a hist\u00f3ria do caf\u00e9, produ\u00e7\u00e3o, armazenagem, aspectos econ\u00f4micos nacionais e internacionais, legisla\u00e7\u00e3o, tecnologia, fiscaliza\u00e7\u00e3o, identifica\u00e7\u00e3o de gr\u00e3os, prova de bebida e desenvolvimento de blends (misturas) de caf\u00e9s.<\/p>\n","protected":false},"excerpt":{"rendered":"<p>Fonte: Assessoria de imprensa ACS A 66\u00aa edi\u00e7\u00e3o do Curso de Classifica\u00e7\u00e3o e Degusta\u00e7\u00e3o de Caf\u00e9 da Associa\u00e7\u00e3o Comercial de Santos (ACS) formou, nesta quinta-feira (27), 21 alunos, sendo nove deles japoneses. Esta foi a primeira edi\u00e7\u00e3o do curso na nova sala, reinaugurada em junho deste ano, ap\u00f3s ampla moderniza\u00e7\u00e3o. A cerim\u00f4nia foi aberta pelo [&hellip;]<\/p>\n","protected":false},"author":1,"featured_media":82626,"comment_status":"open","ping_status":"open","sticky":false,"template":"","format":"standard","meta":{"footnotes":""},"categories":[84],"tags":[],"_links":{"self":[{"href":"https:\/\/acs.org.br\/academy\/wp-json\/wp\/v2\/posts\/83174"}],"collection":[{"href":"https:\/\/acs.org.br\/academy\/wp-json\/wp\/v2\/posts"}],"about":[{"href":"https:\/\/acs.org.br\/academy\/wp-json\/wp\/v2\/types\/post"}],"author":[{"embeddable":true,"href":"https:\/\/acs.org.br\/academy\/wp-json\/wp\/v2\/users\/1"}],"replies":[{"embeddable":true,"href":"https:\/\/acs.org.br\/academy\/wp-json\/wp\/v2\/comments?post=83174"}],"version-history":[{"count":0,"href":"https:\/\/acs.org.br\/academy\/wp-json\/wp\/v2\/posts\/83174\/revisions"}],"wp:featuredmedia":[{"embeddable":true,"href":"https:\/\/acs.org.br\/academy\/wp-json\/wp\/v2\/media\/82626"}],"wp:attachment":[{"href":"https:\/\/acs.org.br\/academy\/wp-json\/wp\/v2\/media?parent=83174"}],"wp:term":[{"taxonomy":"category","embeddable":true,"href":"https:\/\/acs.org.br\/academy\/wp-json\/wp\/v2\/categories?post=83174"},{"taxonomy":"post_tag","embeddable":true,"href":"https:\/\/acs.org.br\/academy\/wp-json\/wp\/v2\/tags?post=83174"}],"curies":[{"name":"wp","href":"https:\/\/api.w.org\/{rel}","templated":true}]}}