{"id":83159,"date":"2018-07-26T18:02:35","date_gmt":"2018-07-26T21:02:35","guid":{"rendered":"http:\/\/127.0.0.1\/acs\/conselho-camaras\/"},"modified":"2018-07-26T18:02:35","modified_gmt":"2018-07-26T21:02:35","slug":"conselho-camaras","status":"publish","type":"post","link":"https:\/\/acs.org.br\/academy\/conselho-camaras\/","title":{"rendered":"C\u00e2maras Setoriais da ACS querem maior integra\u00e7\u00e3o entre coordenadores e associados"},"content":{"rendered":"<p align=\"center\" style=\"text-align: left;\"><i>Objetivo \u00e9 buscar maneiras para que todos sejam informados sobre a atua\u00e7\u00e3o das c\u00e2maras e sobre os servi\u00e7os disponibilizados pelas empresas associadas, gerando, assim, um ambiente de neg\u00f3cios<\/i><\/p>\n<p>Fonte: Assessoria de imprensa ACS<\/p>\n<p>Promover maior integra\u00e7\u00e3o entre os coordenadores das C\u00e2maras Setoriais e buscar maneiras para divulgar internamente os servi\u00e7os das empresas associadas \u00e0 Associa\u00e7\u00e3o Comercial de Santos (ACS), para gerar um ambiente de neg\u00f3cios. Esses foram os objetivos da reuni\u00e3o realizada nesta quinta-feira (26) pelo Conselho das C\u00e2maras Setoriais da ACS.<\/p>\n<\/p>\n<p>Estiveram presentes os coordenadores de 13 c\u00e2maras setoriais, das 21 existentes, al\u00e9m do diretor-executivo, Marcio Calves.<\/p>\n<p>Dentro desse plano, os coordenadores dever\u00e3o: buscar as demandas priorit\u00e1rias dos associados, que possam gerar sinergia entre as c\u00e2maras e os associados; promover e incentivar um modelo de comunica\u00e7\u00e3o, que crie atratividade entre c\u00e2maras e empresas do segmento; gerar pelo menos uma demanda por associado; divulgar os resultados de maneira abrangente; incentivar os associados a divulgarem suas ofertas, produtos e servi\u00e7os; e elaborar uma agenda mensal de eventos, com palestras e debates, com autoridades, para discutir assuntos de interesse da regi\u00e3o.<\/p>\n<p><img loading=\"lazy\" decoding=\"async\" class=\" size-full wp-image-83142\" src=\"http:\/\/127.0.0.1\/acs\/wp-content\/uploads\/2018\/07\/WEB_2018_JULHO_CAMARAS-W_CAMARAS_0001.jpg\" width=\"570\" height=\"435\" srcset=\"https:\/\/acs.org.br\/academy\/wp-content\/uploads\/2018\/07\/WEB_2018_JULHO_CAMARAS-W_CAMARAS_0001.jpg 570w, https:\/\/acs.org.br\/academy\/wp-content\/uploads\/2018\/07\/WEB_2018_JULHO_CAMARAS-W_CAMARAS_0001-300x229.jpg 300w\" sizes=\"(max-width: 570px) 100vw, 570px\" \/><\/p>\n<p><img loading=\"lazy\" decoding=\"async\" class=\" size-full wp-image-83143\" src=\"http:\/\/127.0.0.1\/acs\/wp-content\/uploads\/2018\/07\/WEB_2018_JULHO_CAMARAS-W_CAMARAS_0045.jpg\" width=\"570\" height=\"434\" srcset=\"https:\/\/acs.org.br\/academy\/wp-content\/uploads\/2018\/07\/WEB_2018_JULHO_CAMARAS-W_CAMARAS_0045.jpg 570w, https:\/\/acs.org.br\/academy\/wp-content\/uploads\/2018\/07\/WEB_2018_JULHO_CAMARAS-W_CAMARAS_0045-300x228.jpg 300w\" sizes=\"(max-width: 570px) 100vw, 570px\" \/><\/p>\n<p>\u201cPrecisamos ter maior representatividade por parte dos coordenadores. Temos que aumentar a divulga\u00e7\u00e3o de nossas a\u00e7\u00f5es nas m\u00eddias e criar um grupo estrat\u00e9gico, para gerar esse ambiente de neg\u00f3cios entre os associados\u201d, explicou Sealy.<\/p>\n<p>O coordenador da C\u00e2mara Setorial de Comunica\u00e7\u00e3o, Turismo e Eventos, Fabricio Guimar\u00e3es Juli\u00e3o, avaliou a reuni\u00e3o como um primeiro passo muito importante.<\/p>\n<p><img loading=\"lazy\" decoding=\"async\" class=\" size-full wp-image-83144\" src=\"http:\/\/127.0.0.1\/acs\/wp-content\/uploads\/2018\/07\/WEB_2018_JULHO_CAMARAS-W_CAMARAS_0009.jpg\" width=\"570\" height=\"438\" srcset=\"https:\/\/acs.org.br\/academy\/wp-content\/uploads\/2018\/07\/WEB_2018_JULHO_CAMARAS-W_CAMARAS_0009.jpg 570w, https:\/\/acs.org.br\/academy\/wp-content\/uploads\/2018\/07\/WEB_2018_JULHO_CAMARAS-W_CAMARAS_0009-300x231.jpg 300w\" sizes=\"(max-width: 570px) 100vw, 570px\" \/><\/p>\n<p>\u201cFique surpreso com a boa ades\u00e3o que tivemos. Agora, temos que criar um primeiro encontro pr\u00e1tico entre os coordenadores, para que eles possam apresentar suas empresas e para que se conhe\u00e7am. A partir da\u00ed, a gera\u00e7\u00e3o de neg\u00f3cios passa a ser consequ\u00eancia\u201d.<\/p>\n<p><img loading=\"lazy\" decoding=\"async\" class=\" size-full wp-image-83145\" src=\"http:\/\/127.0.0.1\/acs\/wp-content\/uploads\/2018\/07\/WEB_2018_JULHO_CAMARAS-W_CAMARAS_0042.jpg\" width=\"570\" height=\"421\" srcset=\"https:\/\/acs.org.br\/academy\/wp-content\/uploads\/2018\/07\/WEB_2018_JULHO_CAMARAS-W_CAMARAS_0042.jpg 570w, https:\/\/acs.org.br\/academy\/wp-content\/uploads\/2018\/07\/WEB_2018_JULHO_CAMARAS-W_CAMARAS_0042-300x222.jpg 300w\" sizes=\"(max-width: 570px) 100vw, 570px\" \/><\/p>\n<p>Willy Reginaldo Maxwell, coordenador da C\u00e2mara de Operadores Portu\u00e1rios, parabenizou a iniciativa de Mike Sealy, de querer promover uma integra\u00e7\u00e3o entre as c\u00e2maras.<\/p>\n<p>\u201c\u00c9 importante para a gente saber o que cada uma faz, para que possa ocorrer uma troca de servi\u00e7os. A d\u00favida \u00e9 como fazer isso. Acredito que deva ser algo pr\u00e1tico e r\u00e1pido, como um aplicativo ou um sistema que disponibilize essas informa\u00e7\u00f5es das empresas\u201d.<\/p>\n<p><img loading=\"lazy\" decoding=\"async\" class=\" size-full wp-image-83146\" src=\"http:\/\/127.0.0.1\/acs\/wp-content\/uploads\/2018\/07\/WEB_2018_JULHO_CAMARAS-W_CAMARAS_0044.jpg\" width=\"570\" height=\"419\" srcset=\"https:\/\/acs.org.br\/academy\/wp-content\/uploads\/2018\/07\/WEB_2018_JULHO_CAMARAS-W_CAMARAS_0044.jpg 570w, https:\/\/acs.org.br\/academy\/wp-content\/uploads\/2018\/07\/WEB_2018_JULHO_CAMARAS-W_CAMARAS_0044-300x221.jpg 300w\" sizes=\"(max-width: 570px) 100vw, 570px\" \/><\/p>\n<p>Por fim, Rog\u00e9rio Conde, coordenador da C\u00e2mara Setorial de Incorpora\u00e7\u00e3o e Constru\u00e7\u00e3o Civil, disse que esse \u00e9 um momento importante para projetar o futuro da ACS.<\/p>\n<p><img loading=\"lazy\" decoding=\"async\" class=\" size-full wp-image-83147\" src=\"http:\/\/127.0.0.1\/acs\/wp-content\/uploads\/2018\/07\/WEB_2018_JULHO_CAMARAS-W_CAMARAS_2291.jpg\" width=\"570\" height=\"437\" srcset=\"https:\/\/acs.org.br\/academy\/wp-content\/uploads\/2018\/07\/WEB_2018_JULHO_CAMARAS-W_CAMARAS_2291.jpg 570w, https:\/\/acs.org.br\/academy\/wp-content\/uploads\/2018\/07\/WEB_2018_JULHO_CAMARAS-W_CAMARAS_2291-300x230.jpg 300w\" sizes=\"(max-width: 570px) 100vw, 570px\" \/><\/p>\n<p>\u201cA sociedade mudou, a ACS abriu um leque para novas atividades. Esse \u00e9 um momento muito importante para que possamos fortalecer as empresas para o mercado externo\u201d.<\/p>\n<p><img loading=\"lazy\" decoding=\"async\" class=\" size-full wp-image-83148\" src=\"http:\/\/127.0.0.1\/acs\/wp-content\/uploads\/2018\/07\/WEB_2018_JULHO_CAMARAS-W_CAMARAS_0040.jpg\" width=\"570\" height=\"415\" srcset=\"https:\/\/acs.org.br\/academy\/wp-content\/uploads\/2018\/07\/WEB_2018_JULHO_CAMARAS-W_CAMARAS_0040.jpg 570w, https:\/\/acs.org.br\/academy\/wp-content\/uploads\/2018\/07\/WEB_2018_JULHO_CAMARAS-W_CAMARAS_0040-300x218.jpg 300w\" sizes=\"(max-width: 570px) 100vw, 570px\" \/><\/p>\n<p><img loading=\"lazy\" decoding=\"async\" class=\" size-full wp-image-83149\" src=\"http:\/\/127.0.0.1\/acs\/wp-content\/uploads\/2018\/07\/WEB_2018_JULHO_CAMARAS-W_CAMARAS_0038.jpg\" width=\"570\" height=\"402\" srcset=\"https:\/\/acs.org.br\/academy\/wp-content\/uploads\/2018\/07\/WEB_2018_JULHO_CAMARAS-W_CAMARAS_0038.jpg 570w, https:\/\/acs.org.br\/academy\/wp-content\/uploads\/2018\/07\/WEB_2018_JULHO_CAMARAS-W_CAMARAS_0038-300x212.jpg 300w\" sizes=\"(max-width: 570px) 100vw, 570px\" \/><\/p>\n<p><img loading=\"lazy\" decoding=\"async\" class=\" size-full wp-image-83150\" src=\"http:\/\/127.0.0.1\/acs\/wp-content\/uploads\/2018\/07\/WEB_2018_JULHO_CAMARAS-W_CAMARAS_0039.jpg\" width=\"570\" height=\"396\" srcset=\"https:\/\/acs.org.br\/academy\/wp-content\/uploads\/2018\/07\/WEB_2018_JULHO_CAMARAS-W_CAMARAS_0039.jpg 570w, https:\/\/acs.org.br\/academy\/wp-content\/uploads\/2018\/07\/WEB_2018_JULHO_CAMARAS-W_CAMARAS_0039-300x208.jpg 300w\" sizes=\"(max-width: 570px) 100vw, 570px\" \/><\/p>\n<p><img loading=\"lazy\" decoding=\"async\" class=\" size-full wp-image-83151\" src=\"http:\/\/127.0.0.1\/acs\/wp-content\/uploads\/2018\/07\/WEB_2018_JULHO_CAMARAS-W_CAMARAS_0006.jpg\" width=\"570\" height=\"428\" srcset=\"https:\/\/acs.org.br\/academy\/wp-content\/uploads\/2018\/07\/WEB_2018_JULHO_CAMARAS-W_CAMARAS_0006.jpg 570w, https:\/\/acs.org.br\/academy\/wp-content\/uploads\/2018\/07\/WEB_2018_JULHO_CAMARAS-W_CAMARAS_0006-300x225.jpg 300w\" sizes=\"(max-width: 570px) 100vw, 570px\" \/><\/p>\n<p><img loading=\"lazy\" decoding=\"async\" class=\" size-full wp-image-83152\" src=\"http:\/\/127.0.0.1\/acs\/wp-content\/uploads\/2018\/07\/WEB_2018_JULHO_CAMARAS-W_CAMARAS_0010.jpg\" width=\"570\" height=\"405\" srcset=\"https:\/\/acs.org.br\/academy\/wp-content\/uploads\/2018\/07\/WEB_2018_JULHO_CAMARAS-W_CAMARAS_0010.jpg 570w, https:\/\/acs.org.br\/academy\/wp-content\/uploads\/2018\/07\/WEB_2018_JULHO_CAMARAS-W_CAMARAS_0010-300x213.jpg 300w\" sizes=\"(max-width: 570px) 100vw, 570px\" \/><\/p>\n<p><img loading=\"lazy\" decoding=\"async\" class=\" size-full wp-image-83153\" src=\"http:\/\/127.0.0.1\/acs\/wp-content\/uploads\/2018\/07\/WEB_2018_JULHO_CAMARAS-W_CAMARAS_0011.jpg\" width=\"570\" height=\"443\" srcset=\"https:\/\/acs.org.br\/academy\/wp-content\/uploads\/2018\/07\/WEB_2018_JULHO_CAMARAS-W_CAMARAS_0011.jpg 570w, https:\/\/acs.org.br\/academy\/wp-content\/uploads\/2018\/07\/WEB_2018_JULHO_CAMARAS-W_CAMARAS_0011-300x233.jpg 300w\" sizes=\"(max-width: 570px) 100vw, 570px\" \/><\/p>\n<p><img loading=\"lazy\" decoding=\"async\" class=\" size-full wp-image-83154\" src=\"http:\/\/127.0.0.1\/acs\/wp-content\/uploads\/2018\/07\/WEB_2018_JULHO_CAMARAS-W_CAMARAS_0012.jpg\" width=\"570\" height=\"436\" srcset=\"https:\/\/acs.org.br\/academy\/wp-content\/uploads\/2018\/07\/WEB_2018_JULHO_CAMARAS-W_CAMARAS_0012.jpg 570w, https:\/\/acs.org.br\/academy\/wp-content\/uploads\/2018\/07\/WEB_2018_JULHO_CAMARAS-W_CAMARAS_0012-300x229.jpg 300w\" sizes=\"(max-width: 570px) 100vw, 570px\" \/><\/p>\n<p><img loading=\"lazy\" decoding=\"async\" class=\" size-full wp-image-83155\" src=\"http:\/\/127.0.0.1\/acs\/wp-content\/uploads\/2018\/07\/WEB_2018_JULHO_CAMARAS-W_CAMARAS_0013.jpg\" width=\"570\" height=\"429\" srcset=\"https:\/\/acs.org.br\/academy\/wp-content\/uploads\/2018\/07\/WEB_2018_JULHO_CAMARAS-W_CAMARAS_0013.jpg 570w, https:\/\/acs.org.br\/academy\/wp-content\/uploads\/2018\/07\/WEB_2018_JULHO_CAMARAS-W_CAMARAS_0013-300x226.jpg 300w\" sizes=\"(max-width: 570px) 100vw, 570px\" \/><\/p>\n<p><img loading=\"lazy\" decoding=\"async\" class=\" size-full wp-image-83156\" src=\"http:\/\/127.0.0.1\/acs\/wp-content\/uploads\/2018\/07\/WEB_2018_JULHO_CAMARAS-W_CAMARAS_0014.jpg\" width=\"570\" height=\"426\" srcset=\"https:\/\/acs.org.br\/academy\/wp-content\/uploads\/2018\/07\/WEB_2018_JULHO_CAMARAS-W_CAMARAS_0014.jpg 570w, https:\/\/acs.org.br\/academy\/wp-content\/uploads\/2018\/07\/WEB_2018_JULHO_CAMARAS-W_CAMARAS_0014-300x224.jpg 300w\" sizes=\"(max-width: 570px) 100vw, 570px\" \/><\/p>\n<p><img loading=\"lazy\" decoding=\"async\" class=\" size-full wp-image-83157\" src=\"http:\/\/127.0.0.1\/acs\/wp-content\/uploads\/2018\/07\/WEB_2018_JULHO_CAMARAS-W_CAMARAS_0017.jpg\" width=\"570\" height=\"402\" srcset=\"https:\/\/acs.org.br\/academy\/wp-content\/uploads\/2018\/07\/WEB_2018_JULHO_CAMARAS-W_CAMARAS_0017.jpg 570w, https:\/\/acs.org.br\/academy\/wp-content\/uploads\/2018\/07\/WEB_2018_JULHO_CAMARAS-W_CAMARAS_0017-300x212.jpg 300w\" sizes=\"(max-width: 570px) 100vw, 570px\" \/><\/p>\n<p><img loading=\"lazy\" decoding=\"async\" class=\" size-full wp-image-83158\" src=\"http:\/\/127.0.0.1\/acs\/wp-content\/uploads\/2018\/07\/WEB_2018_JULHO_CAMARAS-W_CAMARAS_0034.jpg\" width=\"570\" height=\"447\" srcset=\"https:\/\/acs.org.br\/academy\/wp-content\/uploads\/2018\/07\/WEB_2018_JULHO_CAMARAS-W_CAMARAS_0034.jpg 570w, https:\/\/acs.org.br\/academy\/wp-content\/uploads\/2018\/07\/WEB_2018_JULHO_CAMARAS-W_CAMARAS_0034-300x235.jpg 300w\" sizes=\"(max-width: 570px) 100vw, 570px\" \/><\/p>\n<p>\u00a0<\/p>\n<p>\u00a0<\/p>\n","protected":false},"excerpt":{"rendered":"<p>Objetivo \u00e9 buscar maneiras para que todos sejam informados sobre a atua\u00e7\u00e3o das c\u00e2maras e sobre os servi\u00e7os disponibilizados pelas empresas associadas, gerando, assim, um ambiente de neg\u00f3cios Fonte: Assessoria de imprensa ACS Promover maior integra\u00e7\u00e3o entre os coordenadores das C\u00e2maras Setoriais e buscar maneiras para divulgar internamente os servi\u00e7os das empresas associadas \u00e0 Associa\u00e7\u00e3o [&hellip;]<\/p>\n","protected":false},"author":1,"featured_media":83141,"comment_status":"open","ping_status":"open","sticky":false,"template":"","format":"standard","meta":{"footnotes":""},"categories":[84],"tags":[],"_links":{"self":[{"href":"https:\/\/acs.org.br\/academy\/wp-json\/wp\/v2\/posts\/83159"}],"collection":[{"href":"https:\/\/acs.org.br\/academy\/wp-json\/wp\/v2\/posts"}],"about":[{"href":"https:\/\/acs.org.br\/academy\/wp-json\/wp\/v2\/types\/post"}],"author":[{"embeddable":true,"href":"https:\/\/acs.org.br\/academy\/wp-json\/wp\/v2\/users\/1"}],"replies":[{"embeddable":true,"href":"https:\/\/acs.org.br\/academy\/wp-json\/wp\/v2\/comments?post=83159"}],"version-history":[{"count":0,"href":"https:\/\/acs.org.br\/academy\/wp-json\/wp\/v2\/posts\/83159\/revisions"}],"wp:featuredmedia":[{"embeddable":true,"href":"https:\/\/acs.org.br\/academy\/wp-json\/wp\/v2\/media\/83141"}],"wp:attachment":[{"href":"https:\/\/acs.org.br\/academy\/wp-json\/wp\/v2\/media?parent=83159"}],"wp:term":[{"taxonomy":"category","embeddable":true,"href":"https:\/\/acs.org.br\/academy\/wp-json\/wp\/v2\/categories?post=83159"},{"taxonomy":"post_tag","embeddable":true,"href":"https:\/\/acs.org.br\/academy\/wp-json\/wp\/v2\/tags?post=83159"}],"curies":[{"name":"wp","href":"https:\/\/api.w.org\/{rel}","templated":true}]}}