{"id":83088,"date":"2018-07-20T16:26:07","date_gmt":"2018-07-20T19:26:07","guid":{"rendered":"http:\/\/127.0.0.1\/acs\/antaq\/"},"modified":"2018-07-20T16:26:07","modified_gmt":"2018-07-20T19:26:07","slug":"antaq","status":"publish","type":"post","link":"https:\/\/acs.org.br\/academy\/antaq\/","title":{"rendered":"Audi\u00eancia da Antaq, na ACS, recebe sugest\u00f5es e propostas para terminal que ser\u00e1 licitado no Porto de Santos"},"content":{"rendered":"<p style=\"text-align: left;\" align=\"center\">Fonte: Assessoria de imprensa ACS<\/p>\n<p>A Associa\u00e7\u00e3o Comercial de Santos (ACS) recebeu, nesta sexta-feira (20), uma audi\u00eancia p\u00fablica presencial da Ag\u00eancia Nacional de Transportes Aquavi\u00e1rios (Antaq), para obter contribui\u00e7\u00f5es e fomentar a discuss\u00e3o sobre o arrendamento de \u00e1rea do terminal destinado \u00e0 movimenta\u00e7\u00e3o de gran\u00e9is l\u00edquidos no Porto Organizado de Santos. Trata-se da \u00e1rea denominada STS13A.<\/p>\n<\/p>\n<p>Estiveram presentes o diretor-geral na Antaq, Mario Povia, o diretor da ANTAQ, Adalberto Tokarski, al\u00e9m de representantes de \u00f3rg\u00e3os p\u00fablicos, de associa\u00e7\u00f5es do setor portu\u00e1rio e empres\u00e1rios.<\/p>\n<p><img loading=\"lazy\" decoding=\"async\" class=\" size-full wp-image-83084\" src=\"http:\/\/127.0.0.1\/acs\/wp-content\/uploads\/2018\/07\/WEB_2018_JULHO_ANTAQ-W_ANTAQ_0019.JPG\" width=\"570\" height=\"428\" srcset=\"https:\/\/acs.org.br\/academy\/wp-content\/uploads\/2018\/07\/WEB_2018_JULHO_ANTAQ-W_ANTAQ_0019.JPG 570w, https:\/\/acs.org.br\/academy\/wp-content\/uploads\/2018\/07\/WEB_2018_JULHO_ANTAQ-W_ANTAQ_0019-300x225.jpg 300w\" sizes=\"(max-width: 570px) 100vw, 570px\" \/>&nbsp;<\/p>\n<p>Em sua fala, Povia destacou a import\u00e2ncia do arrendamento de terminais como este para o desenvolvimento da regi\u00e3o e do Pa\u00eds.<\/p>\n<p><img loading=\"lazy\" decoding=\"async\" class=\" size-full wp-image-83085\" src=\"http:\/\/127.0.0.1\/acs\/wp-content\/uploads\/2018\/07\/WEB_2018_JULHO_ANTAQ-W_ANTAQ_0004.JPG\" width=\"570\" height=\"401\" srcset=\"https:\/\/acs.org.br\/academy\/wp-content\/uploads\/2018\/07\/WEB_2018_JULHO_ANTAQ-W_ANTAQ_0004.JPG 570w, https:\/\/acs.org.br\/academy\/wp-content\/uploads\/2018\/07\/WEB_2018_JULHO_ANTAQ-W_ANTAQ_0004-300x211.jpg 300w\" sizes=\"(max-width: 570px) 100vw, 570px\" \/>&nbsp;<\/p>\n<p>\u201cO programa de arrendamentos portu\u00e1rios significa mais gera\u00e7\u00e3o de emprego, mais gera\u00e7\u00e3o de renda, desenvolvimento e infraestrutura, de que tanto o Brasil precisa. Esse tipo de terminal \u00e9 importante para ind\u00fastria qu\u00edmica, de abastecimento de petr\u00f3leo e derivados. Ele j\u00e1 operou no passado e o tratamos como uma \u00e1rea nova, j\u00e1 que os investimentos necess\u00e1rios s\u00e3o os mesmos de um terminal novo. A expectativa \u00e9 que a licita\u00e7\u00e3o da STS13A aconte\u00e7a j\u00e1 no primeiro trimestre de 2019.\u201d.<\/p>\n<p>Ele explicou que todas as quest\u00f5es debatidas na audi\u00eancia far\u00e3o parte da consulta p\u00fablica, que \u00e9 realizada por at\u00e9 40 dias antes do procedimento licitat\u00f3rio.<\/p>\n<p>\u201cDentro da consulta voc\u00ea aprimora e consolida documentos, que ir\u00e3o para o Tribunal de Contas da Uni\u00e3o \u2013 TCU. Depois, o \u00f3rg\u00e3o aprova essa desestatiza\u00e7\u00e3o da \u00e1rea p\u00fablica, que ser\u00e1 explorada por empresa privada, e segue para o processo licitat\u00f3rio\u201d.<\/p>\n<p>A consulta p\u00fablica seguir\u00e1 at\u00e9 30 de julho, visando o recebimento de contribui\u00e7\u00f5es para o aprimoramento das minutas jur\u00eddicas e t\u00e9cnicas (edital de licita\u00e7\u00e3o, contrato de arrendamento, documentos t\u00e9cnicos e seus respectivos anexos), necess\u00e1rias \u00e0 realiza\u00e7\u00e3o do certame licitat\u00f3rio.<\/p>\n<p>Mais informa\u00e7\u00f5es podem ser obtidas, clicando <a href=\"http:\/\/portal.antaq.gov.br\/\">AQUI<\/a>.<\/p>\n<p><b>Gera\u00e7\u00e3o de empregos<\/b><\/p>\n<p>O secret\u00e1rio de portos da Prefeitura de Santos, Omar Silva Junior, acredita que a volta do funcionamento de um terminal como este trar\u00e1 novos empregos \u00e0 regi\u00e3o.<\/p>\n<p>\u201c\u00c9 muito positivo esse arrendamento. A economia come\u00e7a a deslanchar e Santos est\u00e1 se tornando lideran\u00e7a forte nessa \u00e1rea de gran\u00e9is l\u00edquidos. \u00c9 uma \u00f3tima oportunidade para que a gente se torne l\u00edder. As obras que estamos fazendo na entrada da cidade tornar\u00e3o o acesso melhor. Acreditamos que tudo isso v\u00e1 gerar novos empregos\u201d.<\/p>\n<p><b> <\/b><\/p>\n<p><b>Ber\u00e7os de atraca\u00e7\u00e3o<\/b><\/p>\n<p>Uma preocupa\u00e7\u00e3o apontada durante a audi\u00eancia foi sobre os ber\u00e7os de atraca\u00e7\u00e3o, conforme destacou o presidente-executivo da Associa\u00e7\u00e3o Brasileira de Terminais de L\u00edquidos (ABTL), Carlos Kopittke.<\/p>\n<p><img loading=\"lazy\" decoding=\"async\" class=\" size-full wp-image-83086\" src=\"http:\/\/127.0.0.1\/acs\/wp-content\/uploads\/2018\/07\/WEB_2018_JULHO_ANTAQ-W_ANTAQ_0060.JPG\" width=\"570\" height=\"428\" srcset=\"https:\/\/acs.org.br\/academy\/wp-content\/uploads\/2018\/07\/WEB_2018_JULHO_ANTAQ-W_ANTAQ_0060.JPG 570w, https:\/\/acs.org.br\/academy\/wp-content\/uploads\/2018\/07\/WEB_2018_JULHO_ANTAQ-W_ANTAQ_0060-300x225.jpg 300w\" sizes=\"(max-width: 570px) 100vw, 570px\" \/>&nbsp;<\/p>\n<p>\u201cEstamos precisando de novos empreendimentos, mas h\u00e1 preocupa\u00e7\u00e3o com os ber\u00e7os de atraca\u00e7\u00e3o. N\u00e3o adianta s\u00f3 criar novas \u00e1reas se n\u00e3o tem ber\u00e7o para opera\u00e7\u00e3o dessas \u00e1reas. Essa \u00e9 nossa preocupa\u00e7\u00e3o primordial no momento\u201d.<\/p>\n<p>O presidente da Federa\u00e7\u00e3o Nacional dos Operadores Portu\u00e1rios (Fenop), Sergio Aquino, ratificou a fala de Kopittke.<\/p>\n<p><img loading=\"lazy\" decoding=\"async\" class=\" size-full wp-image-83087\" src=\"http:\/\/127.0.0.1\/acs\/wp-content\/uploads\/2018\/07\/WEB_2018_JULHO_ANTAQ-W_ANTAQ_0064.JPG\" width=\"570\" height=\"399\" srcset=\"https:\/\/acs.org.br\/academy\/wp-content\/uploads\/2018\/07\/WEB_2018_JULHO_ANTAQ-W_ANTAQ_0064.JPG 570w, https:\/\/acs.org.br\/academy\/wp-content\/uploads\/2018\/07\/WEB_2018_JULHO_ANTAQ-W_ANTAQ_0064-300x210.jpg 300w\" sizes=\"(max-width: 570px) 100vw, 570px\" \/>&nbsp;<\/p>\n<p>\u201cO edital est\u00e1 bem constru\u00eddo, mas precisa ser aprofundado. \u00c9 preciso mais pontos de atraca\u00e7\u00e3o e o edital n\u00e3o est\u00e1 adequadamente contemplando isso\u201d.<\/p>\n<p>Ele fez um pedido, em nome da Fenop, para que seja revista a exig\u00eancia de qualifica\u00e7\u00e3o para operadores portu\u00e1rios, tendo em vista que lei dispensa essa qualifica\u00e7\u00e3o para opera\u00e7\u00f5es de l\u00edquidos a granel.<\/p>\n<p>\u201cOs representantes da Antaq disseram que esse ponto ser\u00e1 revisto, atendendo ao pleito da Fenop\u201d.<\/p>\n<p>Aquino tamb\u00e9m aproveitou a oportunidade para elogiar a ACS, que mais uma vez se coloca \u00e0 disposi\u00e7\u00e3o da classe empresarial e de toda a sociedade, ao abrigar um evento t\u00e3o importante.<\/p>\n<p>\u201cA ACS, recebendo uma atividade com essa relev\u00e2ncia, demonstra mais uma vez para o Pa\u00eds a import\u00e2ncia dessa institui\u00e7\u00e3o secular\u201d.<\/p>\n<p><b>Sobre o terminal<\/b><\/p>\n<p>O lote que ser\u00e1 arrendado est\u00e1 entre uma das 100 \u00e1reas portu\u00e1rias que o Governo Federal pretende leiloar nos pr\u00f3ximos anos em todo o Pa\u00eds e fica na \u00e1rea anteriormente ocupada pela Vopak Brasil, na Ilha Barnab\u00e9, terreno de 38,3 mil metros quadrados e ativos operacionais existentes.<\/p>\n<p>Entretanto, n\u00e3o h\u00e1 opera\u00e7\u00f5es sendo realizadas na localidade devido ao t\u00e9rmino do contrato de arrendamento anterior. Existem 66 tanques, totalizando 47.477 m<sup>3<\/sup>. A ideia \u00e9 que essa capacidade chegue a 70 mil metros c\u00fabicos ao longo do contrato.<\/p>\n<p>O valor global estimado do contrato alcan\u00e7a os R$ 946 milh\u00f5es. Os investimentos previstos ser\u00e3o de R$ 110,7 milh\u00f5es. O arrendamento fixo mensal ser\u00e1 de R$ 69,5 mil. H\u00e1 estimativa de receitas anuais do Projeto STS13A de aproximadamente R$ 38 milh\u00f5es. O prazo do arrendamento \u00e9 de 25 anos.<\/p>\n<p>\u00a0<\/p>\n<p>\u00a0<\/p>\n<p>\u00a0<\/p>\n<p>\u00a0<\/p>\n<p>\u00a0<\/p>\n<p>\u00a0<\/p>\n<p>\u00a0<\/p>\n<p>\u00a0<\/p>\n","protected":false},"excerpt":{"rendered":"<p>Fonte: Assessoria de imprensa ACS A Associa\u00e7\u00e3o Comercial de Santos (ACS) recebeu, nesta sexta-feira (20), uma audi\u00eancia p\u00fablica presencial da Ag\u00eancia Nacional de Transportes Aquavi\u00e1rios (Antaq), para obter contribui\u00e7\u00f5es e fomentar a discuss\u00e3o sobre o arrendamento de \u00e1rea do terminal destinado \u00e0 movimenta\u00e7\u00e3o de gran\u00e9is l\u00edquidos no Porto Organizado de Santos. Trata-se da \u00e1rea denominada [&hellip;]<\/p>\n","protected":false},"author":1,"featured_media":83083,"comment_status":"open","ping_status":"open","sticky":false,"template":"","format":"standard","meta":{"footnotes":""},"categories":[84],"tags":[],"_links":{"self":[{"href":"https:\/\/acs.org.br\/academy\/wp-json\/wp\/v2\/posts\/83088"}],"collection":[{"href":"https:\/\/acs.org.br\/academy\/wp-json\/wp\/v2\/posts"}],"about":[{"href":"https:\/\/acs.org.br\/academy\/wp-json\/wp\/v2\/types\/post"}],"author":[{"embeddable":true,"href":"https:\/\/acs.org.br\/academy\/wp-json\/wp\/v2\/users\/1"}],"replies":[{"embeddable":true,"href":"https:\/\/acs.org.br\/academy\/wp-json\/wp\/v2\/comments?post=83088"}],"version-history":[{"count":0,"href":"https:\/\/acs.org.br\/academy\/wp-json\/wp\/v2\/posts\/83088\/revisions"}],"wp:featuredmedia":[{"embeddable":true,"href":"https:\/\/acs.org.br\/academy\/wp-json\/wp\/v2\/media\/83083"}],"wp:attachment":[{"href":"https:\/\/acs.org.br\/academy\/wp-json\/wp\/v2\/media?parent=83088"}],"wp:term":[{"taxonomy":"category","embeddable":true,"href":"https:\/\/acs.org.br\/academy\/wp-json\/wp\/v2\/categories?post=83088"},{"taxonomy":"post_tag","embeddable":true,"href":"https:\/\/acs.org.br\/academy\/wp-json\/wp\/v2\/tags?post=83088"}],"curies":[{"name":"wp","href":"https:\/\/api.w.org\/{rel}","templated":true}]}}