{"id":83068,"date":"2018-07-19T11:17:31","date_gmt":"2018-07-19T14:17:31","guid":{"rendered":"http:\/\/127.0.0.1\/acs\/condepasa\/"},"modified":"2018-07-19T11:17:31","modified_gmt":"2018-07-19T14:17:31","slug":"condepasa","status":"publish","type":"post","link":"https:\/\/acs.org.br\/academy\/condepasa\/","title":{"rendered":"Condepasa realiza reuni\u00e3o na Associa\u00e7\u00e3o Comercial de Santos e faz tour pelo novo pr\u00e9dio"},"content":{"rendered":"<p style=\"text-align: left;\" align=\"center\">Fonte: Assessoria de imprensa ACS<\/p>\n<p>O Conselho de Defesa do Patrim\u00f4nio Cultural de Santos \u2013 Condepasa \u2013 realizou, nesta quinta-feira (19), uma reuni\u00e3o na Associa\u00e7\u00e3o Comercial de Santos (ACS), entidade que integra o \u00f3rg\u00e3o municipal. Ap\u00f3s o encontro, os convidados fizeram um tour pelo pr\u00e9dio, rec\u00e9m modernizado, e conheceram tamb\u00e9m a nova Sala de Classifica\u00e7\u00e3o e Degusta\u00e7\u00e3o de Caf\u00e9.<\/p>\n<p>&nbsp;<\/p>\n<p>De acordo com o presidente do Condepasa, Marcio Borchia Nacif, a import\u00e2ncia de resgatar a parceria entre o Condepasa e a ACS surgiu quando diretoria pediu autoriza\u00e7\u00e3o para realizar a reforma de moderniza\u00e7\u00e3o do pr\u00e9dio, que tem n\u00edvel de prote\u00e7\u00e3o 2.<\/p>\n<p><img loading=\"lazy\" decoding=\"async\" class=\" size-full wp-image-83062\" src=\"http:\/\/127.0.0.1\/acs\/wp-content\/uploads\/2018\/07\/WEB_2018_JULHO_CONDEPASA-W_CONDEPASA_0005.jpg\" width=\"570\" height=\"428\" srcset=\"https:\/\/acs.org.br\/academy\/wp-content\/uploads\/2018\/07\/WEB_2018_JULHO_CONDEPASA-W_CONDEPASA_0005.jpg 570w, https:\/\/acs.org.br\/academy\/wp-content\/uploads\/2018\/07\/WEB_2018_JULHO_CONDEPASA-W_CONDEPASA_0005-300x225.jpg 300w\" sizes=\"(max-width: 570px) 100vw, 570px\" \/>&nbsp;<\/p>\n<p>\u201cEsse contato feito pela ACS conosco demostra o cuidado e a preocupa\u00e7\u00e3o que a diretoria tem em preservar o patrim\u00f4nio hist\u00f3rico da Cidade. Santos \u00e9 um dos poucos munic\u00edpios do Brasil, fora as capitais, que t\u00eam mais im\u00f3veis tombados nos \u00e2mbitos federal, estadual e municipal. Ent\u00e3o, existe essa preocupa\u00e7\u00e3o. Quando o empres\u00e1rio se preocupa em preservar esse patrim\u00f4nio, o Condepasa enaltece e incentiva e a ACS teve esse cuidado e fez bem feito. Cumpriu tudo o que prometeu de acordo com o projeto, aprovado por n\u00f3s\u201d.<\/p>\n<p><img loading=\"lazy\" decoding=\"async\" class=\" size-full wp-image-83063\" src=\"http:\/\/127.0.0.1\/acs\/wp-content\/uploads\/2018\/07\/WEB_2018_JULHO_CONDEPASA-W_CONDEPASA_0042.jpg\" width=\"570\" height=\"422\" srcset=\"https:\/\/acs.org.br\/academy\/wp-content\/uploads\/2018\/07\/WEB_2018_JULHO_CONDEPASA-W_CONDEPASA_0042.jpg 570w, https:\/\/acs.org.br\/academy\/wp-content\/uploads\/2018\/07\/WEB_2018_JULHO_CONDEPASA-W_CONDEPASA_0042-300x222.jpg 300w\" sizes=\"(max-width: 570px) 100vw, 570px\" \/>&nbsp;<\/p>\n<p>Nacif elogiou o espa\u00e7o cedido, a sala de reuni\u00f5es do primeiro andar. \u201cNos atendeu com conforto. Al\u00e9m disso, tivemos toda aten\u00e7\u00e3o por parte dos colaboradores da Associa\u00e7\u00e3o\u201d.<\/p>\n<p>Ap\u00f3s a discuss\u00e3o da pauta, ao final da reuni\u00e3o, surgiu a ideia de o Condepasa come\u00e7ar a pensar em como ajudar a Cidade a ser mais din\u00e2mica, no sentido de preservar os im\u00f3veis protegidos por lei, sem engessar as constru\u00e7\u00f5es.<\/p>\n<p>\u201cCome\u00e7amos a pensar em como flexibilizar a legisla\u00e7\u00e3o de forma que se continue preservando o rico patrim\u00f4nio arquitet\u00f4nico, mas com uma conserva\u00e7\u00e3o mais moderna, com base em exemplos que vemos no exterior e que no Brasil n\u00e3o se tornaram realidade ainda. Talvez seja o in\u00edcio de uma grande ideia\u201d.<\/p>\n<p>Em seguida, o grupo conheceu o audit\u00f3rio, onde assistiu o v\u00eddeo institucional da ACS, e, por fim, visitou a Sala de Classifica\u00e7\u00e3o e Degusta\u00e7\u00e3o de Caf\u00e9, onde teve uma r\u00e1pida demonstra\u00e7\u00e3o sobre o tema.<\/p>\n<p><img loading=\"lazy\" decoding=\"async\" class=\" size-full wp-image-83064\" src=\"http:\/\/127.0.0.1\/acs\/wp-content\/uploads\/2018\/07\/WEB_2018_JULHO_CONDEPASA-W_CONDEPASA_0054.jpg\" width=\"570\" height=\"449\" srcset=\"https:\/\/acs.org.br\/academy\/wp-content\/uploads\/2018\/07\/WEB_2018_JULHO_CONDEPASA-W_CONDEPASA_0054.jpg 570w, https:\/\/acs.org.br\/academy\/wp-content\/uploads\/2018\/07\/WEB_2018_JULHO_CONDEPASA-W_CONDEPASA_0054-300x236.jpg 300w\" sizes=\"(max-width: 570px) 100vw, 570px\" \/><\/p>\n<p><img loading=\"lazy\" decoding=\"async\" class=\" size-full wp-image-83065\" src=\"http:\/\/127.0.0.1\/acs\/wp-content\/uploads\/2018\/07\/WEB_2018_JULHO_CONDEPASA-W_CONDEPASA_0055.jpg\" width=\"570\" height=\"403\" srcset=\"https:\/\/acs.org.br\/academy\/wp-content\/uploads\/2018\/07\/WEB_2018_JULHO_CONDEPASA-W_CONDEPASA_0055.jpg 570w, https:\/\/acs.org.br\/academy\/wp-content\/uploads\/2018\/07\/WEB_2018_JULHO_CONDEPASA-W_CONDEPASA_0055-300x212.jpg 300w\" sizes=\"(max-width: 570px) 100vw, 570px\" \/><\/p>\n<p><img loading=\"lazy\" decoding=\"async\" class=\" size-full wp-image-83066\" src=\"http:\/\/127.0.0.1\/acs\/wp-content\/uploads\/2018\/07\/WEB_2018_JULHO_CONDEPASA-W_CONDEPASA_0063.jpg\" width=\"570\" height=\"421\" srcset=\"https:\/\/acs.org.br\/academy\/wp-content\/uploads\/2018\/07\/WEB_2018_JULHO_CONDEPASA-W_CONDEPASA_0063.jpg 570w, https:\/\/acs.org.br\/academy\/wp-content\/uploads\/2018\/07\/WEB_2018_JULHO_CONDEPASA-W_CONDEPASA_0063-300x222.jpg 300w\" sizes=\"(max-width: 570px) 100vw, 570px\" \/><\/p>\n<p><img loading=\"lazy\" decoding=\"async\" class=\" size-full wp-image-83067\" src=\"http:\/\/127.0.0.1\/acs\/wp-content\/uploads\/2018\/07\/WEB_2018_JULHO_CONDEPASA-W_CONDEPASA_0069.jpg\" width=\"570\" height=\"404\" srcset=\"https:\/\/acs.org.br\/academy\/wp-content\/uploads\/2018\/07\/WEB_2018_JULHO_CONDEPASA-W_CONDEPASA_0069.jpg 570w, https:\/\/acs.org.br\/academy\/wp-content\/uploads\/2018\/07\/WEB_2018_JULHO_CONDEPASA-W_CONDEPASA_0069-300x213.jpg 300w\" sizes=\"(max-width: 570px) 100vw, 570px\" \/><\/p>\n","protected":false},"excerpt":{"rendered":"<p>Fonte: Assessoria de imprensa ACS O Conselho de Defesa do Patrim\u00f4nio Cultural de Santos \u2013 Condepasa \u2013 realizou, nesta quinta-feira (19), uma reuni\u00e3o na Associa\u00e7\u00e3o Comercial de Santos (ACS), entidade que integra o \u00f3rg\u00e3o municipal. Ap\u00f3s o encontro, os convidados fizeram um tour pelo pr\u00e9dio, rec\u00e9m modernizado, e conheceram tamb\u00e9m a nova Sala de Classifica\u00e7\u00e3o [&hellip;]<\/p>\n","protected":false},"author":1,"featured_media":83061,"comment_status":"open","ping_status":"open","sticky":false,"template":"","format":"standard","meta":{"footnotes":""},"categories":[84],"tags":[],"_links":{"self":[{"href":"https:\/\/acs.org.br\/academy\/wp-json\/wp\/v2\/posts\/83068"}],"collection":[{"href":"https:\/\/acs.org.br\/academy\/wp-json\/wp\/v2\/posts"}],"about":[{"href":"https:\/\/acs.org.br\/academy\/wp-json\/wp\/v2\/types\/post"}],"author":[{"embeddable":true,"href":"https:\/\/acs.org.br\/academy\/wp-json\/wp\/v2\/users\/1"}],"replies":[{"embeddable":true,"href":"https:\/\/acs.org.br\/academy\/wp-json\/wp\/v2\/comments?post=83068"}],"version-history":[{"count":0,"href":"https:\/\/acs.org.br\/academy\/wp-json\/wp\/v2\/posts\/83068\/revisions"}],"wp:featuredmedia":[{"embeddable":true,"href":"https:\/\/acs.org.br\/academy\/wp-json\/wp\/v2\/media\/83061"}],"wp:attachment":[{"href":"https:\/\/acs.org.br\/academy\/wp-json\/wp\/v2\/media?parent=83068"}],"wp:term":[{"taxonomy":"category","embeddable":true,"href":"https:\/\/acs.org.br\/academy\/wp-json\/wp\/v2\/categories?post=83068"},{"taxonomy":"post_tag","embeddable":true,"href":"https:\/\/acs.org.br\/academy\/wp-json\/wp\/v2\/tags?post=83068"}],"curies":[{"name":"wp","href":"https:\/\/api.w.org\/{rel}","templated":true}]}}