{"id":83049,"date":"2018-07-18T16:09:42","date_gmt":"2018-07-18T19:09:42","guid":{"rendered":"http:\/\/127.0.0.1\/acs\/associacao-comercial-de-santos-recebe-audiencia-da-antaq-sobre-licitacao-de-terminal-liquido-nesta-sexta-feira-20\/"},"modified":"2018-07-18T16:09:42","modified_gmt":"2018-07-18T19:09:42","slug":"associacao-comercial-de-santos-recebe-audiencia-da-antaq-sobre-licitacao-de-terminal-liquido-nesta-sexta-feira-20","status":"publish","type":"post","link":"https:\/\/acs.org.br\/academy\/associacao-comercial-de-santos-recebe-audiencia-da-antaq-sobre-licitacao-de-terminal-liquido-nesta-sexta-feira-20\/","title":{"rendered":"Associa\u00e7\u00e3o Comercial de Santos recebe audi\u00eancia da Antaq sobre licita\u00e7\u00e3o de terminal l\u00edquido nesta sexta-feira (20)"},"content":{"rendered":"<p>Fonte: Assessoria de imprensa ACS<\/p>\n<p>A Associa\u00e7\u00e3o Comercial de Santos receber\u00e1, na pr\u00f3xima sexta-feira (20), \u00e0s 11 horas, uma audi\u00eancia p\u00fablica da Ag\u00eancia Nacional de Transportes Aquavi\u00e1rios (Antaq), que tratar\u00e1 da licita\u00e7\u00e3o de um terminal especializado na movimenta\u00e7\u00e3o de gran\u00e9is l\u00edquidos combust\u00edveis no Porto de Santos. O credenciamento ser\u00e1 realizado meia hora antes e o hor\u00e1rio limite para o t\u00e9rmino \u00e9 13h30.<\/p>\n<p>Segundo a Antaq, o objetivo \u00e9 obter contribui\u00e7\u00f5es, subs\u00eddios e sugest\u00f5es para o aprimoramento das minutas jur\u00eddicas e t\u00e9cnicas necess\u00e1rias \u00e0 realiza\u00e7\u00e3o de certame licitat\u00f3rio, referente ao arrendamento do terminal portu\u00e1rio destinado \u00e0 movimenta\u00e7\u00e3o de gran\u00e9is l\u00edquidos combust\u00edveis, localizado no Porto organizado de Santos, denominado STS13A.<\/p>\n<p>O lote est\u00e1 entre uma das 100 \u00e1reas portu\u00e1rias que o Governo Federal pretende leiloar nos pr\u00f3ximos anos em todo o Pa\u00eds e fica na \u00e1rea anteriormente ocupada pela Vopak Brasil, na Ilha Barnab\u00e9, terreno de 38,3 mil metros quadrados.<\/p>\n<p>Conforme informa\u00e7\u00f5es da Antaq, a movimenta\u00e7\u00e3o projetada para aquela \u00e1rea \u00e9 de 199 mil toneladas no primeiro ano de opera\u00e7\u00e3o, chegando a 805 mil toneladas ap\u00f3s 20 anos. A m\u00e9dia ser\u00e1 de 695 mil toneladas de gran\u00e9is l\u00edquidos operados ao ano.<\/p>\n<p>O investimento total estimado para a implanta\u00e7\u00e3o do novo terminal \u00e9 de R$ 111 milh\u00f5es. O montante inclui a compra de equipamentos, como tanques e bombas, e a realiza\u00e7\u00e3o de obras para o desenvolvimento da instala\u00e7\u00e3o, al\u00e9m dos custos com dragagem dos ber\u00e7os de atraca\u00e7\u00e3o.<\/p>\n<p>A ag\u00eancia reguladora aceitar\u00e1, at\u00e9 o dia 30 de julho, contribui\u00e7\u00f5es da sociedade para o arrendamento do lote STS13A. A previs\u00e3o \u00e9 de que o leil\u00e3o ocorra ainda neste ano.<\/p>\n<p>A audi\u00eancia p\u00fablica ser\u00e1 realizada no audit\u00f3rio da ACS, que fica na Rua XV de Novembro, n\u00ba 137, no Centro de Santos.<\/p>\n","protected":false},"excerpt":{"rendered":"<p>Fonte: Assessoria de imprensa ACS A Associa\u00e7\u00e3o Comercial de Santos receber\u00e1, na pr\u00f3xima sexta-feira (20), \u00e0s 11 horas, uma audi\u00eancia p\u00fablica da Ag\u00eancia Nacional de Transportes Aquavi\u00e1rios (Antaq), que tratar\u00e1 da licita\u00e7\u00e3o de um terminal especializado na movimenta\u00e7\u00e3o de gran\u00e9is l\u00edquidos combust\u00edveis no Porto de Santos. O credenciamento ser\u00e1 realizado meia hora antes e o [&hellip;]<\/p>\n","protected":false},"author":1,"featured_media":0,"comment_status":"open","ping_status":"open","sticky":false,"template":"","format":"standard","meta":{"footnotes":""},"categories":[84],"tags":[],"_links":{"self":[{"href":"https:\/\/acs.org.br\/academy\/wp-json\/wp\/v2\/posts\/83049"}],"collection":[{"href":"https:\/\/acs.org.br\/academy\/wp-json\/wp\/v2\/posts"}],"about":[{"href":"https:\/\/acs.org.br\/academy\/wp-json\/wp\/v2\/types\/post"}],"author":[{"embeddable":true,"href":"https:\/\/acs.org.br\/academy\/wp-json\/wp\/v2\/users\/1"}],"replies":[{"embeddable":true,"href":"https:\/\/acs.org.br\/academy\/wp-json\/wp\/v2\/comments?post=83049"}],"version-history":[{"count":0,"href":"https:\/\/acs.org.br\/academy\/wp-json\/wp\/v2\/posts\/83049\/revisions"}],"wp:attachment":[{"href":"https:\/\/acs.org.br\/academy\/wp-json\/wp\/v2\/media?parent=83049"}],"wp:term":[{"taxonomy":"category","embeddable":true,"href":"https:\/\/acs.org.br\/academy\/wp-json\/wp\/v2\/categories?post=83049"},{"taxonomy":"post_tag","embeddable":true,"href":"https:\/\/acs.org.br\/academy\/wp-json\/wp\/v2\/tags?post=83049"}],"curies":[{"name":"wp","href":"https:\/\/api.w.org\/{rel}","templated":true}]}}