{"id":83044,"date":"2018-07-18T14:22:44","date_gmt":"2018-07-18T17:22:44","guid":{"rendered":"http:\/\/127.0.0.1\/acs\/camara-dos-agentes-de-carga-da-associacao-comercial-de-santos-alerta-para-mudancas-no-funcionamento-de-despacho-de-exportacao-por-meio-do-novo-sistema-du-e\/"},"modified":"2018-07-18T14:22:44","modified_gmt":"2018-07-18T17:22:44","slug":"camara-dos-agentes-de-carga-da-associacao-comercial-de-santos-alerta-para-mudancas-no-funcionamento-de-despacho-de-exportacao-por-meio-do-novo-sistema-du-e","status":"publish","type":"post","link":"https:\/\/acs.org.br\/academy\/camara-dos-agentes-de-carga-da-associacao-comercial-de-santos-alerta-para-mudancas-no-funcionamento-de-despacho-de-exportacao-por-meio-do-novo-sistema-du-e\/","title":{"rendered":"C\u00e2mara dos Agentes de Carga da Associa\u00e7\u00e3o Comercial de Santos alerta para mudan\u00e7as no funcionamento de despacho de exporta\u00e7\u00e3o por meio do novo sistema DU-E"},"content":{"rendered":"<p align=\"center\" style=\"text-align: left;\">Fonte: Assessoria de imprensa ACS<\/p>\n<p>Durante reuni\u00e3o da C\u00e2mara Setorial dos Agentes de Carga da Associa\u00e7\u00e3o Comercial de Santos (ACS), foi discutida a implanta\u00e7\u00e3o da Declara\u00e7\u00e3o \u00danica da Exporta\u00e7\u00e3o (DU-E), que tornou-se obrigat\u00f3ria desde o in\u00edcio deste m\u00eas.<\/p>\n<\/p>\n<p>O novo sistema substitui a Declara\u00e7\u00e3o de Exporta\u00e7\u00e3o (DE), a Declara\u00e7\u00e3o Simplificada de Exporta\u00e7\u00e3o (DSE) e o Registro de Exporta\u00e7\u00e3o (RE), que eram utilizados nos despachos de exporta\u00e7\u00e3o.<\/p>\n<p>Por\u00e9m, apesar da obrigatoriedade, o secret\u00e1rio da C\u00e2mara Setorial dos Agentes de Carga, Noslen Botelho, nota que muitos setores ainda n\u00e3o se atualizaram e est\u00e3o com dificuldades para operar o novo sistema.<\/p>\n<p><img loading=\"lazy\" decoding=\"async\" class=\" size-full wp-image-83042\" src=\"http:\/\/127.0.0.1\/acs\/wp-content\/uploads\/2018\/07\/WEB_2018_JULHO_AGENTES-W_AGENTES-003.JPG\" width=\"570\" height=\"409\" srcset=\"https:\/\/acs.org.br\/academy\/wp-content\/uploads\/2018\/07\/WEB_2018_JULHO_AGENTES-W_AGENTES-003.JPG 570w, https:\/\/acs.org.br\/academy\/wp-content\/uploads\/2018\/07\/WEB_2018_JULHO_AGENTES-W_AGENTES-003-300x215.jpg 300w\" sizes=\"(max-width: 570px) 100vw, 570px\" \/><\/p>\n<p>\u201cExiste um pouco de falta de interesse dos diversos segmentos do COMEX envolvidos nos processos, como despachantes, agentes de carga e os terminais em rela\u00e7\u00e3o \u00e0 atualiza\u00e7\u00e3o desses processos, com leitura da IN &#8211; Instru\u00e7\u00e3o Normativa e suas aplica\u00e7\u00f5es. H\u00e1 um ano estamos promovendo treinamentos, muitos realizados em nossas reuni\u00f5es na ACS, com simula\u00e7\u00f5es sobre como utilizar a DU-E. Por\u00e9m, apesar disso, muita gente deixou para a \u00faltima hora, n\u00e3o se informou e agora est\u00e1 com dificuldades\u201d.<\/p>\n<p><img loading=\"lazy\" decoding=\"async\" class=\" size-full wp-image-83043\" src=\"http:\/\/127.0.0.1\/acs\/wp-content\/uploads\/2018\/07\/WEB_2018_JULHO_AGENTES-W_AGENTES-012.JPG\" width=\"570\" height=\"428\" srcset=\"https:\/\/acs.org.br\/academy\/wp-content\/uploads\/2018\/07\/WEB_2018_JULHO_AGENTES-W_AGENTES-012.JPG 570w, https:\/\/acs.org.br\/academy\/wp-content\/uploads\/2018\/07\/WEB_2018_JULHO_AGENTES-W_AGENTES-012-300x225.jpg 300w\" sizes=\"(max-width: 570px) 100vw, 570px\" \/><\/p>\n<p>A implementa\u00e7\u00e3o da DU-E ocorreu de maneira gradativa desde a primeira entrega, ocorrida em mar\u00e7o de 2017. O cronograma de desligamento dos sistemas legados foi anunciado por meio da Not\u00edcia Siscomex Exporta\u00e7\u00e3o n\u00ba 017\/2018, em 21 de mar\u00e7o de 2018, conforme o site do Portal \u00danico, da Receita Federal.<\/p>\n<p>Quem ainda tiver d\u00favidas sobre como migrar para o novo sistema, pode acessar o site <a href=\"http:\/\/portal.siscomex.gov.br\/perguntas-frequentes\">http:\/\/portal.siscomex.gov.br\/perguntas-frequentes<\/a> .<\/p>\n","protected":false},"excerpt":{"rendered":"<p>Fonte: Assessoria de imprensa ACS Durante reuni\u00e3o da C\u00e2mara Setorial dos Agentes de Carga da Associa\u00e7\u00e3o Comercial de Santos (ACS), foi discutida a implanta\u00e7\u00e3o da Declara\u00e7\u00e3o \u00danica da Exporta\u00e7\u00e3o (DU-E), que tornou-se obrigat\u00f3ria desde o in\u00edcio deste m\u00eas. O novo sistema substitui a Declara\u00e7\u00e3o de Exporta\u00e7\u00e3o (DE), a Declara\u00e7\u00e3o Simplificada de Exporta\u00e7\u00e3o (DSE) e o [&hellip;]<\/p>\n","protected":false},"author":1,"featured_media":83041,"comment_status":"open","ping_status":"open","sticky":false,"template":"","format":"standard","meta":{"footnotes":""},"categories":[84],"tags":[],"_links":{"self":[{"href":"https:\/\/acs.org.br\/academy\/wp-json\/wp\/v2\/posts\/83044"}],"collection":[{"href":"https:\/\/acs.org.br\/academy\/wp-json\/wp\/v2\/posts"}],"about":[{"href":"https:\/\/acs.org.br\/academy\/wp-json\/wp\/v2\/types\/post"}],"author":[{"embeddable":true,"href":"https:\/\/acs.org.br\/academy\/wp-json\/wp\/v2\/users\/1"}],"replies":[{"embeddable":true,"href":"https:\/\/acs.org.br\/academy\/wp-json\/wp\/v2\/comments?post=83044"}],"version-history":[{"count":0,"href":"https:\/\/acs.org.br\/academy\/wp-json\/wp\/v2\/posts\/83044\/revisions"}],"wp:featuredmedia":[{"embeddable":true,"href":"https:\/\/acs.org.br\/academy\/wp-json\/wp\/v2\/media\/83041"}],"wp:attachment":[{"href":"https:\/\/acs.org.br\/academy\/wp-json\/wp\/v2\/media?parent=83044"}],"wp:term":[{"taxonomy":"category","embeddable":true,"href":"https:\/\/acs.org.br\/academy\/wp-json\/wp\/v2\/categories?post=83044"},{"taxonomy":"post_tag","embeddable":true,"href":"https:\/\/acs.org.br\/academy\/wp-json\/wp\/v2\/tags?post=83044"}],"curies":[{"name":"wp","href":"https:\/\/api.w.org\/{rel}","templated":true}]}}