{"id":83029,"date":"2018-07-17T11:08:11","date_gmt":"2018-07-17T14:08:11","guid":{"rendered":"http:\/\/127.0.0.1\/acs\/sustentabilidade-e-certificacoes-utilizadas-em-cafes-e-tema-de-palestra-no-66o-curso-de-cafe-da-acs\/"},"modified":"2018-07-17T11:08:11","modified_gmt":"2018-07-17T14:08:11","slug":"sustentabilidade-e-certificacoes-utilizadas-em-cafes-e-tema-de-palestra-no-66o-curso-de-cafe-da-acs","status":"publish","type":"post","link":"https:\/\/acs.org.br\/academy\/sustentabilidade-e-certificacoes-utilizadas-em-cafes-e-tema-de-palestra-no-66o-curso-de-cafe-da-acs\/","title":{"rendered":"\u201cSustentabilidade e certifica\u00e7\u00f5es utilizadas em caf\u00e9s\u201d \u00e9 tema de palestra no 66\u00ba curso de caf\u00e9 da ACS"},"content":{"rendered":"<p style=\"text-align: left;\" align=\"center\">Fonte: Assessoria de imprensa ACS<\/p>\n<p style=\"text-align: left;\" align=\"center\"><span style=\"text-align: left;\">Com o tema \u201cSustentabilidade e certifica\u00e7\u00f5es utilizadas em caf\u00e9s\u201d, foi ministrada palestra nesta ter\u00e7a-feira (17) pelo especialista Soren Knudsen durante o 66\u00ba Curso de Classifica\u00e7\u00e3o e Degusta\u00e7\u00e3o de Caf\u00e9 da Associa\u00e7\u00e3o Comercial de Santos (ACS).<\/span><\/p>\n<p style=\"text-align: left;\" align=\"center\"><span style=\"text-align: left;\"><br \/><\/span><\/p>\n<p>Com a ajuda da tradutora Sayoko Nakai, todo conte\u00fado foi passado para o japon\u00eas, para que os alunos orientais pudessem ter perfeita compreens\u00e3o do que foi explicado durante a aula.<\/p>\n<p><img loading=\"lazy\" decoding=\"async\" class=\" size-full wp-image-82723\" src=\"http:\/\/127.0.0.1\/acs\/wp-content\/uploads\/2018\/07\/WEB_2018_JULHO_CURSO-DIA17-W_CURSO-DIA17_0009.jpg\" width=\"570\" height=\"428\" srcset=\"https:\/\/acs.org.br\/academy\/wp-content\/uploads\/2018\/07\/WEB_2018_JULHO_CURSO-DIA17-W_CURSO-DIA17_0009.jpg 570w, https:\/\/acs.org.br\/academy\/wp-content\/uploads\/2018\/07\/WEB_2018_JULHO_CURSO-DIA17-W_CURSO-DIA17_0009-300x225.jpg 300w\" sizes=\"(max-width: 570px) 100vw, 570px\" \/><\/p>\n<p><img loading=\"lazy\" decoding=\"async\" class=\" size-full wp-image-82724\" src=\"http:\/\/127.0.0.1\/acs\/wp-content\/uploads\/2018\/07\/WEB_2018_JULHO_CURSO-DIA17-W_CURSO-DIA17_0012.jpg\" width=\"570\" height=\"428\" srcset=\"https:\/\/acs.org.br\/academy\/wp-content\/uploads\/2018\/07\/WEB_2018_JULHO_CURSO-DIA17-W_CURSO-DIA17_0012.jpg 570w, https:\/\/acs.org.br\/academy\/wp-content\/uploads\/2018\/07\/WEB_2018_JULHO_CURSO-DIA17-W_CURSO-DIA17_0012-300x225.jpg 300w\" sizes=\"(max-width: 570px) 100vw, 570px\" \/><\/p>\n<p>No in\u00edcio da palestra, Soren falou sobre o trip\u00e9 da sustentabilidade, que \u00e9 baseado nos pilares econ\u00f4mico, social e ambiental.<\/p>\n<p><img loading=\"lazy\" decoding=\"async\" class=\" size-full wp-image-82721\" src=\"http:\/\/127.0.0.1\/acs\/wp-content\/uploads\/2018\/07\/WEB_2018_JULHO_CURSO-DIA17-W_CURSO-DIA17_0003.jpg\" width=\"570\" height=\"442\" srcset=\"https:\/\/acs.org.br\/academy\/wp-content\/uploads\/2018\/07\/WEB_2018_JULHO_CURSO-DIA17-W_CURSO-DIA17_0003.jpg 570w, https:\/\/acs.org.br\/academy\/wp-content\/uploads\/2018\/07\/WEB_2018_JULHO_CURSO-DIA17-W_CURSO-DIA17_0003-300x233.jpg 300w\" sizes=\"(max-width: 570px) 100vw, 570px\" \/><\/p>\n<p>&#8220;S\u00e3o tr\u00eas pilares muito conhecidos no mercado, sem um deles, a sustentabilidade cai. Se n\u00e3o tivermos o econ\u00f4mico, que \u00e9 basicamente a capacidade de continuar trabalhando, n\u00e3o haver\u00e1 habilidade para realizar benef\u00edcios ou otimizar o uso de seus recursos naturais, que \u00e9 a base ambiental do trip\u00e9. Ent\u00e3o, \u00e1gua, solo e ar acabam afetados por essa falta de efici\u00eancia. O social est\u00e1 diretamente ligado aos outros, porque se voc\u00ea n\u00e3o tem dinheiro, n\u00e3o tem como ter bem-estar social, ou seja, sa\u00fade, seguran\u00e7a e moradia. Sendo assim, sustentabilidade \u00e9 dar continuidade a processos hoje e amanh\u00e3, sempre criando bem- estar, sem terminar com os recursos que existem, para que eles possam ser utilizados pelas futuras gera\u00e7\u00f5es\u201d.<\/p>\n<p>Outra parte de destaque da palestra ocorreu quando Knudsen falou sobre a import\u00e2ncia da rastreabilidade e da certifica\u00e7\u00e3o.<\/p>\n<p><img loading=\"lazy\" decoding=\"async\" class=\" size-full wp-image-82725\" src=\"http:\/\/127.0.0.1\/acs\/wp-content\/uploads\/2018\/07\/WEB_2018_JULHO_CURSO-DIA17-W_CURSO-DIA17_0016.jpg\" width=\"570\" height=\"428\" srcset=\"https:\/\/acs.org.br\/academy\/wp-content\/uploads\/2018\/07\/WEB_2018_JULHO_CURSO-DIA17-W_CURSO-DIA17_0016.jpg 570w, https:\/\/acs.org.br\/academy\/wp-content\/uploads\/2018\/07\/WEB_2018_JULHO_CURSO-DIA17-W_CURSO-DIA17_0016-300x225.jpg 300w\" sizes=\"(max-width: 570px) 100vw, 570px\" \/><\/p>\n<p>\u201cA rastreabilidade \u00e9 fundamental, \u00e9 a habilidade de determinar se est\u00e1 sendo feito um bom neg\u00f3cio ou n\u00e3o. Ela olha para os processos e percebe onde podem ser feitas melhorias. \u00c9 nessa rastreabilidade que os compradores buscam a certeza que voc\u00ea est\u00e1 produzindo de maneira legal, sem nenhum impacto para o trip\u00e9 da sustentabilidade, para que eles possam se assegurar, na hora da venda, que esse caf\u00e9 representa a marca deles. Ent\u00e3o, a rastreabilidade e a certifica\u00e7\u00e3o devem ser atingidas pelas torrefa\u00e7\u00f5es, inclusive, internacionais\u201d.<\/p>\n<p>Por fim, o palestrante ressaltou que a expectativa \u00e9 que \u201cat\u00e9 2020 os caf\u00e9s certificados respondam a 35% a 45% do comercializado caf\u00e9 mundial\u201d.<\/p>\n<p><b> <\/b><\/p>\n<p><b>Hist\u00f3ria do curso<\/b><\/p>\n<p><b> <\/b><\/p>\n<p>O tradicional Curso de Classifica\u00e7\u00e3o e Degusta\u00e7\u00e3o de Caf\u00e9 da Associa\u00e7\u00e3o Comercial de Santos teve in\u00edcio em 1989, com o objetivo de capacitar os alunos a identificar as caracter\u00edsticas do produto, atender \u00e0s exig\u00eancias do mercado e criar oportunidades de neg\u00f3cios.<\/p>\n<p><img loading=\"lazy\" decoding=\"async\" class=\" size-full wp-image-82722\" src=\"http:\/\/127.0.0.1\/acs\/wp-content\/uploads\/2018\/07\/WEB_2018_JULHO_CURSO-DIA17-W_CURSO-DIA17_0005.jpg\" width=\"570\" height=\"428\" srcset=\"https:\/\/acs.org.br\/academy\/wp-content\/uploads\/2018\/07\/WEB_2018_JULHO_CURSO-DIA17-W_CURSO-DIA17_0005.jpg 570w, https:\/\/acs.org.br\/academy\/wp-content\/uploads\/2018\/07\/WEB_2018_JULHO_CURSO-DIA17-W_CURSO-DIA17_0005-300x225.jpg 300w\" sizes=\"(max-width: 570px) 100vw, 570px\" \/><\/p>\n<p>Al\u00e9m de despertar o interesse de profissionais do mercado cafeeiro do Brasil, o curso da ACS \u00e9 reconhecido tamb\u00e9m pelos principais pa\u00edses consumidores. No m\u00eas de julho de cada ano, japoneses que atuam em empresas relacionadas \u00e0 ind\u00fastria do caf\u00e9 v\u00eam a Santos especialmente para o curso da Associa\u00e7\u00e3o Comercial.<\/p>\n<p>S\u00e3o duas horas di\u00e1rias durante quatro semanas de aprendizagem te\u00f3rica e pr\u00e1tica sobre a hist\u00f3ria do caf\u00e9, produ\u00e7\u00e3o, armazenagem, aspectos econ\u00f4micos nacionais e internacionais, legisla\u00e7\u00e3o, tecnologia, fiscaliza\u00e7\u00e3o, identifica\u00e7\u00e3o de gr\u00e3os, prova de bebida e desenvolvimento de blends (misturas) de caf\u00e9s.<\/p>\n<p><b>Nova turma<\/b><\/p>\n<p>Excepcionalmente este ano, est\u00e1 prevista uma turma para o m\u00eas de agosto, com a carga hor\u00e1ria estendida (quatro horas di\u00e1rias) e a dura\u00e7\u00e3o de duas semanas.<\/p>\n<p>Para participar do curso \u00e9 necess\u00e1rio ter 18 anos de idade, c\u00f3pia do diploma ou certificado de conclus\u00e3o do Ensino M\u00e9dio ou equivalente, atestado de sanidade bucal emitido por profissional habilitado e c\u00f3pia da carteira de identidade (RG) ou passaporte.<\/p>\n<p>Ao final, os alunos com frequ\u00eancia m\u00ednima de 80% e com bom desempenho nas aulas recebem certificado e carteira de classificador.<\/p>\n<p>As inscri\u00e7\u00f5es est\u00e3o abertas e os interessados devem entrar em contato com a ACS, pelo telefone 3212-8200 e falar com o setor administrativo.<\/p>\n<p>\u00a0<\/p>\n<p>\u00a0<\/p>\n<p>\u00a0<\/p>\n<p>\u00a0<\/p>\n","protected":false},"excerpt":{"rendered":"<p>Fonte: Assessoria de imprensa ACS Com o tema \u201cSustentabilidade e certifica\u00e7\u00f5es utilizadas em caf\u00e9s\u201d, foi ministrada palestra nesta ter\u00e7a-feira (17) pelo especialista Soren Knudsen durante o 66\u00ba Curso de Classifica\u00e7\u00e3o e Degusta\u00e7\u00e3o de Caf\u00e9 da Associa\u00e7\u00e3o Comercial de Santos (ACS). Com a ajuda da tradutora Sayoko Nakai, todo conte\u00fado foi passado para o japon\u00eas, para [&hellip;]<\/p>\n","protected":false},"author":1,"featured_media":82720,"comment_status":"open","ping_status":"open","sticky":false,"template":"","format":"standard","meta":{"footnotes":""},"categories":[84],"tags":[],"_links":{"self":[{"href":"https:\/\/acs.org.br\/academy\/wp-json\/wp\/v2\/posts\/83029"}],"collection":[{"href":"https:\/\/acs.org.br\/academy\/wp-json\/wp\/v2\/posts"}],"about":[{"href":"https:\/\/acs.org.br\/academy\/wp-json\/wp\/v2\/types\/post"}],"author":[{"embeddable":true,"href":"https:\/\/acs.org.br\/academy\/wp-json\/wp\/v2\/users\/1"}],"replies":[{"embeddable":true,"href":"https:\/\/acs.org.br\/academy\/wp-json\/wp\/v2\/comments?post=83029"}],"version-history":[{"count":0,"href":"https:\/\/acs.org.br\/academy\/wp-json\/wp\/v2\/posts\/83029\/revisions"}],"wp:featuredmedia":[{"embeddable":true,"href":"https:\/\/acs.org.br\/academy\/wp-json\/wp\/v2\/media\/82720"}],"wp:attachment":[{"href":"https:\/\/acs.org.br\/academy\/wp-json\/wp\/v2\/media?parent=83029"}],"wp:term":[{"taxonomy":"category","embeddable":true,"href":"https:\/\/acs.org.br\/academy\/wp-json\/wp\/v2\/categories?post=83029"},{"taxonomy":"post_tag","embeddable":true,"href":"https:\/\/acs.org.br\/academy\/wp-json\/wp\/v2\/tags?post=83029"}],"curies":[{"name":"wp","href":"https:\/\/api.w.org\/{rel}","templated":true}]}}