{"id":83024,"date":"2018-07-16T15:22:58","date_gmt":"2018-07-16T18:22:58","guid":{"rendered":"http:\/\/127.0.0.1\/acs\/7a-edicao-do-forum-da-industria-da-construcao-de-santos-e-regiao-ficon-esta-com-inscricoes-abertas\/"},"modified":"2018-07-16T15:22:58","modified_gmt":"2018-07-16T18:22:58","slug":"7a-edicao-do-forum-da-industria-da-construcao-de-santos-e-regiao-ficon-esta-com-inscricoes-abertas","status":"publish","type":"post","link":"https:\/\/acs.org.br\/academy\/7a-edicao-do-forum-da-industria-da-construcao-de-santos-e-regiao-ficon-esta-com-inscricoes-abertas\/","title":{"rendered":"7\u00aa edi\u00e7\u00e3o do F\u00f3rum da Ind\u00fastria da Constru\u00e7\u00e3o de Santos e Regi\u00e3o \u2013 Ficon \u2013 est\u00e1 com inscri\u00e7\u00f5es abertas"},"content":{"rendered":"<p align=\"center\" style=\"text-align: left;\">Est\u00e3o abertas as inscri\u00e7\u00f5es para a 7\u00ba F\u00f3rum da Ind\u00fastria da Constru\u00e7\u00e3o de Santos e Regi\u00e3o \u2013 Ficon, realizado pelo Grupo Tribuna e Una Marketing de Eventos, com apoio da Associa\u00e7\u00e3o Comercial de Santos (ACS). O evento ser\u00e1 realizado em 15 de agosto no pr\u00e9dio-sede da ACS, \u00e0 Rua XV de Novembro, 137, no Centro de Santos.<\/p>\n<p>O f\u00f3rum \u00e9 uma grande oportunidade para empres\u00e1rios e profissionais da constru\u00e7\u00e3o, al\u00e9m de autoridades do setor, discutirem as tend\u00eancias do mercado imobili\u00e1rio, que este ano ter\u00e1 como foco o Centro de Santos.<\/p>\n<p>A perspectiva \u00e9 que nos pr\u00f3ximos anos ocorra uma grande revitaliza\u00e7\u00e3o nos bairros do Paquet\u00e1, Vila Mathias e o Valongo, que integram a regi\u00e3o central.<\/p>\n<p>E, para atender a essa demanda, a regi\u00e3o precisa ser contemplada por programas abrangentes e integrados, discutidos previamente entre o setor p\u00fablico e o mercado imobili\u00e1rio.<\/p>\n<p>Diante dessa perspectiva, o Ficon ser\u00e1 palco para este debate entre especialistas da \u00e1rea de revitaliza\u00e7\u00e3o de renome nacional e autoridades respons\u00e1veis.<\/p>\n<p>Fazem parte do p\u00fablico-alvo do F\u00f3rum empres\u00e1rios e executivos da \u00e1rea da constru\u00e7\u00e3o civil, autoridades regionais, estaduais e nacionais, prestadores de servi\u00e7os e fornecedores na \u00e1rea da constru\u00e7\u00e3o civil.<\/p>\n<p>A inscri\u00e7\u00e3o \u00e9 gratuita e pode ser efetuada de duas maneiras. Primeiro, por meio de patrocinadores\/apoiadores. Nesse caso, basta entrar em contato com a pessoa de sua rela\u00e7\u00e3o na empresa patrocinadora ou apoiadora e solicitar o n\u00famero do cupom de inscri\u00e7\u00e3o. Com o cupom em m\u00e3os, basta preench\u00ea-lo e enviar a ficha (dispon\u00edvel no site<strong> <a target=\"_blank\" href=\"http:\/\/www.unaeventos.com.br\/ficon\/2018\/\" rel=\"noopener\">http:\/\/www.unaeventos.com.br\/ficon\/2018\/<\/a><\/strong>) para efetivar a inscri\u00e7\u00e3o.<\/p>\n<p>Outra cota de inscri\u00e7\u00f5es ser\u00e1 reservada para interessados que estejam dentro do perfil do p\u00fablico-alvo do evento. Caso se enquadre neste perfil, basta preencher ficha tamb\u00e9m dispon\u00edvel no site <strong><a target=\"_blank\" href=\"http:\/\/www.unaeventos.com.br\/ficon\/2018\/\" rel=\"noopener\">http:\/\/www.unaeventos.com.br\/ficon\/2018\/<\/a><\/strong>.<\/p>\n<p>O cadastro ser\u00e1 avaliado pela comiss\u00e3o coordenadora e, em caso positivo, voc\u00ea receber\u00e1 um e-mail efetivando a sua inscri\u00e7\u00e3o.<\/p>\n<p>Vale lembrar que o cadastro preenchido pelo site n\u00e3o implica em inscri\u00e7\u00e3o efetivada. \u00c9 preciso aguardar o contato da empresa realizadora do evento para confirmar a inscri\u00e7\u00e3o.<\/p>\n<p>As vagas s\u00e3o restritas e limitadas.<\/p>\n<p>\u00a0<\/p>\n<p><b>Confira a programa\u00e7\u00e3o (sujeita a altera\u00e7\u00f5es):<\/b><\/p>\n<p>8 horas &#8211; Credenciamento<\/p>\n<p>8h40 &#8211; Caf\u00e9 de boas vindas<\/p>\n<p>9 horas &#8211; Solenidade de Abertura<\/p>\n<p>9h30 &#8211; Palestra: Tend\u00eancias Urban\u00edsticas dos Grandes Centros Urbanos<\/p>\n<p>Palestrante: Jo\u00e3o da Rocha Lima J\u00fanior-Professor Titular de Real Estate, Escola Polit\u00e9cnica da USP<\/p>\n<p>10h15 \u2013 Palestra &#8211; Perspectivas do setor sobre o aspecto Pol\u00edtico Econ\u00f4mico<\/p>\n<p>Palestrante: Jos\u00e9 Carlos Rodrigues Martins, Presidente da CBIC &#8211; C\u00e2mara Brasileira da Ind\u00fastria da Constru\u00e7\u00e3o<\/p>\n<p>11 horas &#8211; Coffee Break<\/p>\n<p>11h15 &#8211; Palestra: Parcerias P\u00fabicos Privadas &#8211; Smart Cities<\/p>\n<p>Palestrante: Vitor Amuri Antunes &#8211; Advogado Especialista em Direito da Infraestrutura pela FGV<\/p>\n<p>12 horas &#8211; Mesa Redonda<\/p>\n<p>Debatedores: Gustavo Zagatto Fernandez &#8211; Presidente da Assecob; Paulo Mendes &#8211; Diretor do Grupo Mendes; Jos\u00e9 da Costa Teixeira &#8211; Presidente do Grupo Macuco; Andr\u00e9 Canoilas &#8211; Diretor da ACS.<\/p>\n<p>12h30 &#8211; Intervalo para almo\u00e7o<\/p>\n<p>14h30 &#8211; Palestra: Tend\u00eancias do Mercado Imobili\u00e1rio<\/p>\n<p>Expositor: Guilherme &#8211; Brain, Bureau de Intelig\u00eancia Corporativa<\/p>\n<p>15h15 &#8211; Palestra: O Caos planejado. A dif\u00edcil rela\u00e7\u00e3o entre crescimento e qualidade de vida.<\/p>\n<p>Palestrante: Anthony Ling, Arquiteto<\/p>\n<p>16h00 &#8211; Coffee Break<\/p>\n<p>16h15 &#8211; Palestra: O que a revitaliza\u00e7\u00e3o de centros hist\u00f3ricos pode trazer de benef\u00edcios econ\u00f4micos para as cidades?<\/p>\n<p>Palestrante: Maur\u00edcio Juvenal \u2013 Secret\u00e1rio de Planejamento e Gest\u00e3o do Estado de S\u00e3o Paulo<\/p>\n<p>18 horas &#8211; Palestra de Encerramento<\/p>\n<p>Palestrante: Marcio Fran\u00e7a &#8211; Governador do Estado de S\u00e3o Paulo<\/p>\n","protected":false},"excerpt":{"rendered":"<p>Est\u00e3o abertas as inscri\u00e7\u00f5es para a 7\u00ba F\u00f3rum da Ind\u00fastria da Constru\u00e7\u00e3o de Santos e Regi\u00e3o \u2013 Ficon, realizado pelo Grupo Tribuna e Una Marketing de Eventos, com apoio da Associa\u00e7\u00e3o Comercial de Santos (ACS). O evento ser\u00e1 realizado em 15 de agosto no pr\u00e9dio-sede da ACS, \u00e0 Rua XV de Novembro, 137, no Centro [&hellip;]<\/p>\n","protected":false},"author":1,"featured_media":0,"comment_status":"open","ping_status":"open","sticky":false,"template":"","format":"standard","meta":{"footnotes":""},"categories":[84],"tags":[],"_links":{"self":[{"href":"https:\/\/acs.org.br\/academy\/wp-json\/wp\/v2\/posts\/83024"}],"collection":[{"href":"https:\/\/acs.org.br\/academy\/wp-json\/wp\/v2\/posts"}],"about":[{"href":"https:\/\/acs.org.br\/academy\/wp-json\/wp\/v2\/types\/post"}],"author":[{"embeddable":true,"href":"https:\/\/acs.org.br\/academy\/wp-json\/wp\/v2\/users\/1"}],"replies":[{"embeddable":true,"href":"https:\/\/acs.org.br\/academy\/wp-json\/wp\/v2\/comments?post=83024"}],"version-history":[{"count":0,"href":"https:\/\/acs.org.br\/academy\/wp-json\/wp\/v2\/posts\/83024\/revisions"}],"wp:attachment":[{"href":"https:\/\/acs.org.br\/academy\/wp-json\/wp\/v2\/media?parent=83024"}],"wp:term":[{"taxonomy":"category","embeddable":true,"href":"https:\/\/acs.org.br\/academy\/wp-json\/wp\/v2\/categories?post=83024"},{"taxonomy":"post_tag","embeddable":true,"href":"https:\/\/acs.org.br\/academy\/wp-json\/wp\/v2\/tags?post=83024"}],"curies":[{"name":"wp","href":"https:\/\/api.w.org\/{rel}","templated":true}]}}