{"id":82598,"date":"2018-06-29T17:34:44","date_gmt":"2018-06-29T20:34:44","guid":{"rendered":"http:\/\/127.0.0.1\/acs\/associacao-comercial-de-santos-fara-parte-de-walking-tour-do-festival-santos-cafe\/"},"modified":"2018-06-29T17:34:44","modified_gmt":"2018-06-29T20:34:44","slug":"associacao-comercial-de-santos-fara-parte-de-walking-tour-do-festival-santos-cafe","status":"publish","type":"post","link":"https:\/\/acs.org.br\/academy\/associacao-comercial-de-santos-fara-parte-de-walking-tour-do-festival-santos-cafe\/","title":{"rendered":"Associa\u00e7\u00e3o Comercial de Santos far\u00e1 parte de walking tour do Festival Santos Caf\u00e9"},"content":{"rendered":"<p><b>Fonte: Assessoria de imprensa ACS\/ Prefeitura de Santos<\/b><\/p>\n<p><b> <\/b><\/p>\n<p>A Associa\u00e7\u00e3o Comercial de Santos (ACS) ser\u00e1 um dos pontos de parada do <i>Walking Tour<\/i> \u2013 Rota do Caf\u00e9, passeio que ser\u00e1 realizado dentro da 4\u00aa edi\u00e7\u00e3o do Festival Santos Caf\u00e9, que ocorre de 6 a 9 de julho, no Centro Hist\u00f3rico de Santos.<\/p>\n<p>As sa\u00eddas ocorrer\u00e3o em tr\u00eas dias (7, 8 e 9), sempre \u00e0s 11 e \u00e0s 15 horas, da Pra\u00e7a Mau\u00e1, e o os passeios ter\u00e3o dura\u00e7\u00e3o de duas horas e meia.<\/p>\n<p>O primeiro ponto de parada para visita ser\u00e1 o pr\u00e9dio-sede da Associa\u00e7\u00e3o Comercial de Santos, que foi completamente modernizada e conta, inclusive, com uma das mais modernas salas de classifica\u00e7\u00e3o e degusta\u00e7\u00e3o de caf\u00e9 do Pa\u00eds.<\/p>\n<p>Na Associa\u00e7\u00e3o, os visitantes poder\u00e3o conhecer tamb\u00e9m grandes quadros do pintor Benedicto Calixto, localizados na Sala da Presid\u00eancia. Algumas p\u00e1ginas do Livro de Ouro da ACS, com assinaturas de presidentes ilustres, estar\u00e3o expostas em quadros no foyer, tamb\u00e9m aberto para visita\u00e7\u00e3o. H\u00e1, inclusive, tr\u00eas delas assinadas por D. Pedro II.<\/p>\n<p>Depois, o grupo continuar\u00e1 o <i>tour<\/i> pelo Boulevard, Rua do Com\u00e9rcio (em frente \u00e0 classificadora de caf\u00e9 Esteves), seguindo pela Rua S\u00e3o Bento (Museu Pel\u00e9) e Rua Gon\u00e7alves Dias, onde ir\u00e1 conhecer o Rei do Caf\u00e9.<\/p>\n<p>Haver\u00e1, ainda, dentro do festival, a degusta\u00e7\u00e3o de caf\u00e9s especiais, a cargo de 15 marcas, nos Arcos do Valongo. Nesse espa\u00e7o, localizado na rua atr\u00e1s do Museu Pel\u00e9, receber\u00e1 o Festival de Artesanato Criativo, teatro e marionete infantis, n\u00fameros de dan\u00e7a e arte circense, al\u00e9m de programa\u00e7\u00e3o musical.<\/p>\n<p><b>Outras atividades<\/b><\/p>\n<p>Entre as outras atividades que ser\u00e3o oferecidas pelo festival este ano, est\u00e3o oficina de est\u00e9tica e receitas de beleza com p\u00f3 e caf\u00e9; performances art\u00edsticas itinerantes pelas ruas; Cine Caf\u00e9 com Leite, para o p\u00fablico infantil; arte circense; exposi\u00e7\u00e3o de motos antigas; Bonde Brincar; e utiliza\u00e7\u00e3o do Espa\u00e7o Arcos do Valongo (R. Comendador Neto, 3).<\/p>\n<p>O Museu do Caf\u00e9 vai concentrar as oficinas gastron\u00f4micas e de coquetelaria, e degusta\u00e7\u00e3o de caf\u00e9, al\u00e9m de oferecer a\u00e7\u00f5es educativas para crian\u00e7as, atividades musicais e visita\u00e7\u00e3o noturna.<\/p>\n<p>No Museu Pel\u00e9, o p\u00fablico encontrar\u00e1 produ\u00e7\u00e3o de caricaturas com artistas da Caricartoon Eventos, de S\u00e3o Paulo; Cine Bike Caf\u00e9; exposi\u00e7\u00e3o e a Oficina \u2018Uso do caf\u00e9 e seus derivados na est\u00e9tica\u2019, com Isabel Coelho.<\/p>\n<p>J\u00e1 da Esta\u00e7\u00e3o do Valongo sair\u00e1 o Bonde Brincar, com conta\u00e7\u00e3o de hist\u00f3rias a cargo de Alexandre Camilo, e o Bonde Arte. O local tamb\u00e9m abrigar\u00e1 a Feira Centro com Arte e apresenta\u00e7\u00f5es de Jorge Maciel &amp; Pra que Chorar, Nadja Soares &amp; Choro Afins, e Jos\u00e9 Simonian Quarteto.<\/p>\n<p>Haver\u00e1 exposi\u00e7\u00e3o e feira do Clube de Autom\u00f3veis Antigos de Santos e de Motos Antigas, al\u00e9m do Espa\u00e7o Leia Santos, na Pra\u00e7a Mau\u00e1. L\u00e1 se apresentar\u00e3o, ainda, Komboio Cultural, com o Grupo Santa Quizumba &amp; Convidados, e Carla Mariani &amp; Banda.<\/p>\n<p>O Pedal Retr\u00f4, passeio de bicicletas e figurinhos antigos, vai sair \u00e0s 10 horas da American Cicle (Av. Saldanha da Gama, 198, Ponta da Praia) com destino \u00e0 Pra\u00e7a Mau\u00e1, recebendo ades\u00f5es de interessados durante todo o trajeto.<\/p>\n<p><b>M\u00fasica<\/b><\/p>\n<p>Este ano, haver\u00e1 m\u00fasica e performances art\u00edsticas itinerantes pelas ruas do Centro, com o Street Music Santos Caf\u00e9, Cara de Papel e Zero Beto, com o \u2018Bloco de um homem s\u00f3\u2019.<\/p>\n<p>O Beatles Abbey Road abrir\u00e1, dia 6, \u00e0s 20 horas, a programa\u00e7\u00e3o de shows no palco localizado na esquinas das ruas XV de Novembro e do Com\u00e9rcio, que se completa com Torto da Antiga, Banda Canal 4, Simoninha &amp; Carlos Bronson, Roda de Samba Ouro Verde, Banda General Tequila, Rock Seixas \u2013 Tributo a Raul Seixas, Rafaella Laranja &amp; Mulheres de Betho, Rhaissa Bittar &amp; Banda, e Banda Retrovinil, com \u2018Mais uma dose \u2013 tributo ao Bar\u00e3o Vermelho &amp; Cazuza.<\/p>\n<p>\u00a0<\/p>\n<p><b>Confira a programa\u00e7\u00e3o completa:<\/b><\/p>\n<p><b> <\/b><\/p>\n<p><b>Confira a programa\u00e7\u00e3o completa: <\/b><b><i>&nbsp;<\/i><\/b><\/p>\n<p><b> <\/b><\/p>\n<p>\u00a0<\/p>\n<p><strong><span style=\"text-decoration: underline;\">6 de julho \u2013 sexta-feira <\/span><\/strong><\/p>\n<p><strong><span style=\"text-decoration: underline;\"> <\/span><\/strong><\/p>\n<p><b>MUSEU DO CAF\u00c9<\/b><\/p>\n<p><b>17h <\/b>\u2013 Caf\u00e9 com M\u00fasica, com Tite Franco e Denis Carvalho<\/p>\n<p><b>18h <\/b>\u2013 Visita com a Curadoria da exposi\u00e7\u00e3o tempor\u00e1ria \u2018Vai um caf\u00e9? Cafeteiras e modos de preparo\u2019, e apresenta\u00e7\u00e3o de m\u00e9todos de prepara\u00e7\u00e3o da bebida com harmoniza\u00e7\u00e3o<\/p>\n<p><b>18 \u00e0s 21h<\/b> \u2013 Visita\u00e7\u00e3o Noturna<\/p>\n<p><i>(entrada gratuita) <\/i><\/p>\n<p><b> <\/b><\/p>\n<p><b>Rua XV DE NOVEMBRO <\/b><\/p>\n<p><b>18h \u2013 <\/b>Happy Centro (m\u00fasica ao vivo em restaurantes e bares do Centro Hist\u00f3rico)<\/p>\n<p><b>20h &#8211;<\/b> Beatles Abbey Road<\/p>\n<p>\u00a0<\/p>\n<p><span style=\"text-decoration: underline;\"><b>7 de julho \u2013 s\u00e1bado <\/b><\/span><\/p>\n<p><b> <\/b><\/p>\n<p><b>ARCOS DO VALONGO<\/b><\/p>\n<p><b>10h \u00e0s 18h<\/b> \u2013 Artesanato Criativo<b> <\/b><\/p>\n<p><b>11h \u00e0s 17h<\/b> \u2013 Degusta\u00e7\u00e3o de caf\u00e9s especiais <b>&nbsp;<\/b><\/p>\n<p><b>12h<\/b> \u2013 \u2018Bufonarias II\u2019, com a Trupe Olho da Rua<\/p>\n<p><b>14h \u2013 <\/b>Diego Alencikas Trio (MPB)<b>&nbsp;<\/b><\/p>\n<p><b>16h<\/b> \u2013 Cia. Livre de Dan\u00e7a<\/p>\n<p><b> <\/b><\/p>\n<p><b>BOULEVARD DA XV<\/b><\/p>\n<p><b>11h \u2013 <\/b>Escola de Choro e Cidadania Luizinho 7 Cordas<\/p>\n<p><b> <\/b><\/p>\n<p><b>MUSEU DO CAF\u00c9<\/b><\/p>\n<p><i>(entrada gratuita para todas as atividades do dia, exceto a indicada) <\/i><\/p>\n<p><b>10h30, 12h, 15h e 17h<\/b> &#8211; Visita ao Centro de Prepara\u00e7\u00e3o de Caf\u00e9 e degusta\u00e7\u00e3o da bebida (ingresso a R$ 10,00)<\/p>\n<p><b>11h \u00e0s 17h<\/b> \u2013 Espa\u00e7o Caf\u00e9 com Leite (infantil)<\/p>\n<p><b>15h<\/b> \u2013 Media\u00e7\u00e3o de Leitura (a\u00e7\u00e3o educativa)<\/p>\n<p><i>(senhas distribu\u00eddas 1 hora antes da atividade)<\/i><\/p>\n<p><b>15h <\/b>\u2013 Oficina gastron\u00f4mica \u2018Bolo triplo caf\u00e9\u2019, sobremesa a cargo das <i>chefs<\/i> Andrea Assorey e Margot Lambert (Senac). Acesso ao 3\u00ba andar pela Rua Frei Gaspar. Gr\u00e1tis. Inscri\u00e7\u00f5es para as 80 vagas no Portal de Turismo de Santos (<a href=\"http:\/\/www.turismosantos.com\/\"><i>www.turismosantos.com<\/i><\/a>) \u2013 chegar 30 minutos antes; em caso de desist\u00eancia ou vagas remanescentes, ades\u00f5es 15 minutos antes do in\u00edcio da oficina<\/p>\n<p><b>16h <\/b>\u2013 Viva o Caf\u00e9 \u2013 roteiro l\u00fadico infantil<\/p>\n<p><i>(senhas distribu\u00eddas 1 horas antes da atividade)<\/i><\/p>\n<p><b>17h<\/b> \u2013 \u2018Ra\u00e7a\u2019, com o Coro C\u00eanico C\u00e9u da Boca<\/p>\n<p><b>18h \u00e0s 21h<\/b> \u2013 Visita\u00e7\u00e3o Noturna<\/p>\n<p>\u00a0<\/p>\n<p><b>Museu Pel\u00e9<\/b><\/p>\n<p><b>11h \u00e0s 17h \u2013 <\/b>produ\u00e7\u00e3o de caricaturas, com o Caricartoon Eventos<\/p>\n<p><b>14h \u2013 <\/b>Cine Bike Caf\u00e9 (espa\u00e7o interativo)<\/p>\n<p><b>15h \u2013 <\/b>Orquestra na Rua Duo, com Leonardo Mallet e Matheus Bellini (violino e violoncelo)<br \/> <b>15h<\/b> \u2013 Oficina de est\u00e9tica \u2018Uso do caf\u00e9 e seus derivados na est\u00e9tica\u2019, com a farmac\u00eautica esteta e cosmet\u00f3loga Isabel Coelho (Bel Coelho Est\u00e9tica). Gr\u00e1tis. Inscri\u00e7\u00f5es para as 88 vagas no Portal de Turismo de Santos (<a href=\"http:\/\/www.turismosantos.com\/\"><i>www.turismosantos.com<\/i><\/a>) \u2013 chegar 30 minutos antes; em caso de desist\u00eancia ou vagas remanescentes, ades\u00f5es 15 minutos antes do in\u00edcio da oficina<b>&nbsp;<\/b><\/p>\n<p>\u00a0<\/p>\n<p><b>PerformanceS art\u00edsticaS itineranteS nas ruas <\/b><\/p>\n<p><b>11h \u00e0s 14h &#8211;<\/b> Homem Cara de Papel, com Daniel Meirelis<b>&nbsp;<\/b><\/p>\n<p><b>14h \u00e0s 16h \u2013 <\/b>Street Music Santos Caf\u00e9 <b>&nbsp;<\/b><\/p>\n<p><b> <\/b><\/p>\n<p><b>PRA\u00c7A MAU\u00c1<\/b><\/p>\n<p><b>10h \u00e0s 16h<\/b> &#8211; Exposi\u00e7\u00e3o do Clube de Autom\u00f3veis Antigos de Santos<\/p>\n<p><b>10h \u00e0s 16h<\/b> &#8211; Espa\u00e7o Leia Santos<\/p>\n<p><b>11h<\/b> &#8211; Walking tour \u2018Rota do Caf\u00e9\u2019<\/p>\n<p><b>11h<\/b> \u2013 Komboio Cultural, com o ComboBR<\/p>\n<p><b>13h \u2013 <\/b>Komboio Cultural, com<b> <\/b>Carla Mariani &amp; Banda (blues &amp; rock)<\/p>\n<p><b>15h <\/b>\u2013 Walking tour \u2018Rota do Caf\u00e9\u2019<\/p>\n<p><b>RUA XV DE NOVEMBRO (PALCO)<\/b><\/p>\n<p><strong>14h &#8211; Torto da Antiga, com Julinho Bittencourt, Biella e Michel Pereira<\/strong><\/p>\n<p><b>16h &#8211; <\/b>Banda Canal 4, com Conrado Pouza, Anderson Borges, Wylmar Santos e M\u00e1rcio Pavesi<\/p>\n<p><b>18h &#8211; <\/b>Simoninha &amp; Carlos Bronson<\/p>\n<p><b> <\/b><\/p>\n<p><b>VALONGO <\/b><\/p>\n<p><b>11h \u00e0s 17h<\/b> &#8211; Feira Centro com Arte<b>&nbsp;<\/b><\/p>\n<p><b>12h &#8211; <\/b>Jorge Maciel &amp; Pra que Chorar<\/p>\n<p><b>12h50, 13h50, 14h50, 15h50 e 16h50<\/b> \u2013 Bonde Caf\u00e9 (ingresso a R$ 7,00, na bilheteria do Museu Pel\u00e9)<\/p>\n<p><b>15h<\/b> \u2013 Bonde Brincar, com conta\u00e7\u00e3o de hist\u00f3rias a cargo de Alexandre Camilo (ingresso a R$ 3,50, na bilheteria do Museu Pel\u00e9)<\/p>\n<p>\u00a0<\/p>\n<p><span style=\"text-decoration: underline;\"><b>8 de julho \u2013 domingo <\/b><\/span><\/p>\n<p><b> <\/b><\/p>\n<p><b>ARCOS DO VALONGO<\/b><\/p>\n<p><b>10h \u00e0s 18h<\/b> \u2013 Artesanato Criativo<\/p>\n<p><b>11h \u00e0s 17h<\/b> \u2013 Degusta\u00e7\u00e3o de caf\u00e9s especiais<\/p>\n<p><b>12h<\/b> \u2013 Cinderela Brasileira (teatro infantil)<\/p>\n<p><b>14h<\/b> \u2013 Tributo aos 60 anos da Bossa Nova, com Kika Willcox &amp; S\u00f4nia Rocha<\/p>\n<p><b>16h<\/b> \u2013 Dan\u00e7as Urbanas<\/p>\n<p>\u00a0<\/p>\n<p><b>BOULEVARD DA XV<\/b><\/p>\n<p><b>11h \u2013 <\/b>Quarteto de Cordas Martins Fontes<\/p>\n<p><b> <\/b><\/p>\n<p><b>MUSEU DO CAF\u00c9<\/b><\/p>\n<p><i>(desconto de 50% para acesso \u00e0s exposi\u00e7\u00f5es, visita\u00e7\u00e3o noturna e Espa\u00e7o Caf\u00e9 com Leite)<b>&nbsp;<\/b><\/i><\/p>\n<p><b>10h30, 12h, 15h e 17h<\/b> \u2013 Visita ao Centro de Prepara\u00e7\u00e3o de Caf\u00e9 e degusta\u00e7\u00e3o da bebida (ingresso a R$ 10,00)<\/p>\n<p><b>11h \u00e0s 17h<\/b> \u2013 Espa\u00e7o Caf\u00e9 com Leite (infantil)<\/p>\n<p><b>11h \u2013 <\/b>Oficina gastron\u00f4mica \u2018Fil\u00e9-mignon na crosta de caf\u00e9 com fettuccine e redu\u00e7\u00e3o de caf\u00e9\u2019, como 1\u00ba prato, a cargo do <i>chef <\/i>J\u00fanior Monteiro (Esta\u00e7\u00e3o Bistr\u00f4 Restaurante-escola). Acesso ao 3\u00ba andar pela Rua Frei Gaspar. Gr\u00e1tis. Inscri\u00e7\u00f5es para as 80 vagas no Portal de Turismo de Santos (<a href=\"http:\/\/www.turismosantos.com\/\"><i>www.turismosantos.com<\/i><\/a>) \u2013 chegar 30 minutos antes; em caso de desist\u00eancia ou vagas remanescentes, ades\u00f5es 15 minutos antes do in\u00edcio da oficina<b>&nbsp;<\/b><\/p>\n<p><b>15h<\/b> \u2013 Cine Caf\u00e9 com leite, com a apresenta\u00e7\u00e3o do filme infantil \u2018Um time show de bola\u2019 <i>(senhas distribu\u00eddas 1 hora antes da atividade)<\/i><\/p>\n<p><b>15h<\/b> \u2013 Oficina gastron\u00f4mica \u2018Arrumadinho cai\u00e7ara\u2019, como 2\u00ba prato, com a <i>chef<\/i> Georgia Bastos (Societ\u00e0 Italiana di Santos). Acesso ao 3\u00ba andar pela Rua Frei Gaspar. Gr\u00e1tis. Inscri\u00e7\u00f5es para as 80 vagas no Portal de Turismo de Santos (<a href=\"http:\/\/www.turismosantos.com\/\"><i>www.turismosantos.com<\/i><\/a>) \u2013 chegar 30 minutos antes; em caso de desist\u00eancia ou vagas remanescentes, ades\u00f5es 15 minutos antes do in\u00edcio da oficina<\/p>\n<p><b>17h<\/b> \u2013 Dica do barista (Cafeteria do Museu, atividade gratuita)<b>&nbsp;<\/b><\/p>\n<p><b>18h \u00e0s 21h \u2013 <\/b>Visita\u00e7\u00e3o noturna<\/p>\n<p><b> <\/b><\/p>\n<p><b>Museu Pel\u00e9<\/b><\/p>\n<p><b>11h \u00e0s 17h \u2013 <\/b>produ\u00e7\u00e3o de caricaturas, com o Caricartoon Eventos<\/p>\n<p><b>14h<\/b> &#8211; Cine Bike Caf\u00e9 (espa\u00e7o interativo)<\/p>\n<p><b>15h <\/b><b>\u2013<\/b> Orquestra na Rua Duo, com Leonardo Mallet e Caio Forster (violino e viola)<br \/> <b>15h<\/b> \u2013 Oficina de est\u00e9tica \u2018Uso do caf\u00e9 e seus derivados na est\u00e9tica\u2019, com a farmac\u00eautica esteta e cosmet\u00f3loga Isabel Coelho (Bel Coelho Est\u00e9tica). Gr\u00e1tis. Inscri\u00e7\u00f5es para as 88 vagas no Portal de Turismo de Santos (<a href=\"http:\/\/www.turismosantos.com\/\"><i>www.turismosantos.com<\/i><\/a>) \u2013 chegar 30 minutos antes; em caso de desist\u00eancia ou vagas remanescentes, ades\u00f5es 15 minutos antes do in\u00edcio da oficina<b>&nbsp;<\/b><\/p>\n<p>\u00a0<\/p>\n<p><b>PerformanceS art\u00edsticaS itineranteS nas ruas <\/b><b>&nbsp;<\/b><\/p>\n<p><b>11h \u00e0s 14h &#8211;<\/b> Homem Cara de Papel, com Daniel Meirelis<b>&nbsp;<\/b><\/p>\n<p><b>14h \u00e0s 16h \u2013 <\/b>Street Music Santos Caf\u00e9 <b>&nbsp;<\/b><\/p>\n<p><b> <\/b><\/p>\n<p><b>PRA\u00c7A MAU\u00c1<\/b><\/p>\n<p><b>10h \u00e0s 16h<\/b> &#8211; Espa\u00e7o Leia Santos<\/p>\n<p><b>11h <\/b>\u2013 Walking tour \u2018Rota do Caf\u00e9\u2019<\/p>\n<p><b>12h &#8211; <\/b>Komboio Cultural, com Cabar\u00e9 Mobile (circo e m\u00fasica)<\/p>\n<p><b>15h<\/b> \u2013 Walking tour \u2018Rota do Caf\u00e9\u2019<\/p>\n<p>\u00a0<\/p>\n<p><b>RUA XV DE NOVEMBRO (PALCO)<\/b><\/p>\n<p><b>13h<\/b> \u2013 Simone An<b>c<\/b>elmo e Velha Guarda da Vahia de Abreu<\/p>\n<p><b>15h \u2013 <\/b>Rhaissa Bittar &amp; Banda<\/p>\n<p><b>16h &#8211; <\/b>Banda General Tequila<b>&nbsp;<\/b><\/p>\n<p><b>18h &#8211; <\/b>Tributo a Raul Seixas, com Rock Seixas<\/p>\n<p>\u00a0<\/p>\n<p><b>VALONGO<\/b><\/p>\n<p><b>12h <\/b>\u2013 Nadja Soares &amp; Choro Afins<\/p>\n<p><b>12h50, 13h50, 14h50, 15h50 e 16h50<\/b> \u2013 Bonde Caf\u00e9 (ingresso a R$ 7,00, na bilheteria do Museu Pel\u00e9)<\/p>\n<p><b>15h<\/b> \u2013 Bonde Brincar, com conta\u00e7\u00e3o de hist\u00f3rias a cargo de Alexandre Camilo (ingresso a R$ 3,50, na bilheteria do Museu Pel\u00e9) <b>&nbsp;<\/b><\/p>\n<p><b> <\/b><\/p>\n<p>\u00a0<\/p>\n<p><span style=\"text-decoration: underline;\"><b>9 de julho \u2013 segunda-feira <\/b><\/span><\/p>\n<p><b> <\/b><\/p>\n<p><b>10h &#8211; <\/b>3\u00ba Pedal Retr\u00f4 &#8211; passeio com bicicletas e figurinos antigos (concentra\u00e7\u00e3o \u00e0s 9h na American Ciclo, Avenida Saldanha da Gama, 198, Ponta da Praia, com destino \u00e0 Pra\u00e7a Mau\u00e1, no Centro Hist\u00f3rico)<\/p>\n<p><b> <\/b><\/p>\n<p><b>ARCOS DO VALONGO<\/b><\/p>\n<p><b>10h \u00e0s 18h<\/b> \u2013 Artesanato Criativo<\/p>\n<p><b>11h \u00e0s 17h<\/b> \u2013 Degusta\u00e7\u00e3o de caf\u00e9s especiais<\/p>\n<p><b>12h <\/b>&#8211; Teatro de bonecos, com Teatro de Marionetes Guaruj\u00e1<\/p>\n<p><b>14h <\/b>\u2013 Danilo Nunes Trio<\/p>\n<p><b>16h30<\/b> \u2013 Anderson Botega &amp; Convidados<\/p>\n<p><b> <\/b><\/p>\n<p><b>BOULEVARD DA XV<\/b><\/p>\n<p><b>11h \u2013 <\/b>Camerata de viol\u00f5es<\/p>\n<p><b> <\/b><\/p>\n<p><b>MUSEU DO CAF\u00c9<\/b><\/p>\n<p><i>(desconto de 50% para acesso \u00e0s exposi\u00e7\u00f5es e Espa\u00e7o Caf\u00e9 com Leite)<b>&nbsp;<\/b><\/i><\/p>\n<p><b>11h \u00e0s 17h<\/b> \u2013 Espa\u00e7o Caf\u00e9 com Leite (infantil)<\/p>\n<p><b>11h \u2013 <\/b>Oficina gastron\u00f4mica \u2018Bolinho de queijo meia-cura com costelinha defumada e molho barbecue de caf\u00e9\u2019, como aperitivo, a cargo da <i>chef <\/i>Jana\u00edna Cardoso (Grupo NattusFood). Acesso ao 3\u00ba andar pela Rua Frei Gaspar. Gr\u00e1tis. Inscri\u00e7\u00f5es para as 80 vagas no Portal de Turismo de Santos (<a href=\"http:\/\/www.turismosantos.com\/\"><i>www.turismosantos.com<\/i><\/a>) \u2013 chegar 30 minutos antes; em caso de desist\u00eancia ou vagas remanescentes, ades\u00f5es 15 minutos antes do in\u00edcio da oficina<b>&nbsp;<\/b><\/p>\n<p><b>16h <\/b>\u2013 Viva o Caf\u00e9 \u2013 roteiro l\u00fadico infantil<\/p>\n<p><i>(senhas distribu\u00eddas 1 hora antes da atividade)<\/i><\/p>\n<p><b>17h<\/b> \u2013 Dica do barista (Cafeteria do Museu, atividade gratuita)<b>&nbsp;<\/b><\/p>\n<p><b> <\/b><\/p>\n<p><b>Museu Pel\u00e9 <\/b><\/p>\n<p><b>11h \u00e0s 17h \u2013 <\/b>produ\u00e7\u00e3o de caricaturas, com o Caricartoon Eventos <b>&nbsp;<\/b><\/p>\n<p><b>15h<\/b> \u2013 Orquestra na Rua Duo, com Leonardo Mallet e Caio Forster (viol\u00e3o e viola)<\/p>\n<p>\u00a0<\/p>\n<p><b>Performance art\u00edstica itinerante nas ruas <\/b><b>&nbsp;<\/b><\/p>\n<p><b>13h \u00e0s 15h<\/b> &#8211; Bloco de um homem s\u00f3, com Zero Beto<\/p>\n<p><b> <\/b><\/p>\n<p><b>PRA\u00c7A MAU\u00c1<\/b><\/p>\n<p><b>10h \u00e0s 16h<\/b> &#8211; Espa\u00e7o Leia Santos<\/p>\n<p><b>11h <\/b>\u2013 Walking tour \u2018Rota do Caf\u00e9\u2019<\/p>\n<p><b>11h<\/b> &#8211; Komboio Cultural, com o Grupo Santa Kizumba<\/p>\n<p><b>15h <\/b>\u2013 Walking tour \u2018Rota do Caf\u00e9\u2019<\/p>\n<p><b> <\/b><\/p>\n<p><b>RUA XV DE NOVEMBRO (PALCO)<\/b><\/p>\n<p><b>13h \u2013 <\/b>Roda de Samba do Ouro Verde<b>&nbsp;<\/b><\/p>\n<p><b>15h<\/b> &#8211; Sambas de Chico, com Rafaella Laranja &amp; Mulheres de Betho<\/p>\n<p><b>18h &#8211; <\/b>Mais uma Dose &#8211; Tributo ao Bar\u00e3o Vermelho &amp; Cazuza, com Banda Retrovinil<\/p>\n<p>\u00a0<\/p>\n<p><b>VALONGO<\/b><\/p>\n<p><b>12h \u2013 <\/b>Jos\u00e9 Simonian Quarteto (MPB)<\/p>\n<p><b>12h30, 13h30, 14h30, 15h30 e 16h30<\/b> \u2013 Bonde Caf\u00e9 (ingresso a R$ 7,00, na bilheteria do Museu Pel\u00e9)<\/p>\n","protected":false},"excerpt":{"rendered":"<p>Fonte: Assessoria de imprensa ACS\/ Prefeitura de Santos A Associa\u00e7\u00e3o Comercial de Santos (ACS) ser\u00e1 um dos pontos de parada do Walking Tour \u2013 Rota do Caf\u00e9, passeio que ser\u00e1 realizado dentro da 4\u00aa edi\u00e7\u00e3o do Festival Santos Caf\u00e9, que ocorre de 6 a 9 de julho, no Centro Hist\u00f3rico de Santos. As sa\u00eddas ocorrer\u00e3o [&hellip;]<\/p>\n","protected":false},"author":1,"featured_media":0,"comment_status":"open","ping_status":"open","sticky":false,"template":"","format":"standard","meta":{"footnotes":""},"categories":[84],"tags":[],"_links":{"self":[{"href":"https:\/\/acs.org.br\/academy\/wp-json\/wp\/v2\/posts\/82598"}],"collection":[{"href":"https:\/\/acs.org.br\/academy\/wp-json\/wp\/v2\/posts"}],"about":[{"href":"https:\/\/acs.org.br\/academy\/wp-json\/wp\/v2\/types\/post"}],"author":[{"embeddable":true,"href":"https:\/\/acs.org.br\/academy\/wp-json\/wp\/v2\/users\/1"}],"replies":[{"embeddable":true,"href":"https:\/\/acs.org.br\/academy\/wp-json\/wp\/v2\/comments?post=82598"}],"version-history":[{"count":0,"href":"https:\/\/acs.org.br\/academy\/wp-json\/wp\/v2\/posts\/82598\/revisions"}],"wp:attachment":[{"href":"https:\/\/acs.org.br\/academy\/wp-json\/wp\/v2\/media?parent=82598"}],"wp:term":[{"taxonomy":"category","embeddable":true,"href":"https:\/\/acs.org.br\/academy\/wp-json\/wp\/v2\/categories?post=82598"},{"taxonomy":"post_tag","embeddable":true,"href":"https:\/\/acs.org.br\/academy\/wp-json\/wp\/v2\/tags?post=82598"}],"curies":[{"name":"wp","href":"https:\/\/api.w.org\/{rel}","templated":true}]}}