{"id":82416,"date":"2018-06-14T17:31:10","date_gmt":"2018-06-14T20:31:10","guid":{"rendered":"http:\/\/127.0.0.1\/acs\/agende-sua-visita-monitorada-a-acs\/"},"modified":"2023-03-16T17:20:52","modified_gmt":"2023-03-16T20:20:52","slug":"agende-sua-visita-monitorada-a-acs","status":"publish","type":"post","link":"https:\/\/acs.org.br\/academy\/agende-sua-visita-monitorada-a-acs\/","title":{"rendered":"Agende sua visita monitorada \u00e0 ACS"},"content":{"rendered":"<p>Fonte: Assessoria de imprensa ACS<\/p>\n<p>Interessados em fazer uma visita monitorada \u00e0 Associa\u00e7\u00e3o Comercial de Santos (ACS) podem agendar hor\u00e1rio pelo telefone (13) 3212-8200, com o setor de Comunica\u00e7\u00e3o. Nosso hor\u00e1rio de funcionamento \u00e9 de segunda a sexta-feira, das 8 \u00e0s 12 e das 14 \u00e0s 18 horas.\u00a0<\/p>\n<p>Venha conhecer nossas novas instala\u00e7\u00f5es:<\/p>\n<p><img loading=\"lazy\" decoding=\"async\" class=\" size-full wp-image-82411\" src=\"http:\/\/127.0.0.1\/acs\/wp-content\/uploads\/2018\/06\/WEB_2018_JUNHO_ACS-AMBIENTES-LOCACAO-W_ACS-AMBIENTES-LOCACAO_0006.JPG\" width=\"570\" height=\"419\" srcset=\"https:\/\/acs.org.br\/academy\/wp-content\/uploads\/2018\/06\/WEB_2018_JUNHO_ACS-AMBIENTES-LOCACAO-W_ACS-AMBIENTES-LOCACAO_0006.JPG 570w, https:\/\/acs.org.br\/academy\/wp-content\/uploads\/2018\/06\/WEB_2018_JUNHO_ACS-AMBIENTES-LOCACAO-W_ACS-AMBIENTES-LOCACAO_0006-300x221.jpg 300w\" sizes=\"(max-width: 570px) 100vw, 570px\" \/><\/p>\n<p>&nbsp;<\/p>\n<p><img loading=\"lazy\" decoding=\"async\" class=\" size-full wp-image-82412\" src=\"http:\/\/127.0.0.1\/acs\/wp-content\/uploads\/2018\/06\/WEB_2018_JUNHO_ACS-AMBIENTES-LOCACAO-W_ACS-AMBIENTES-LOCACAO_0010.JPG\" width=\"570\" height=\"424\" srcset=\"https:\/\/acs.org.br\/academy\/wp-content\/uploads\/2018\/06\/WEB_2018_JUNHO_ACS-AMBIENTES-LOCACAO-W_ACS-AMBIENTES-LOCACAO_0010.JPG 570w, https:\/\/acs.org.br\/academy\/wp-content\/uploads\/2018\/06\/WEB_2018_JUNHO_ACS-AMBIENTES-LOCACAO-W_ACS-AMBIENTES-LOCACAO_0010-300x223.jpg 300w\" sizes=\"(max-width: 570px) 100vw, 570px\" \/><\/p>\n<p>&nbsp;<\/p>\n<p><img loading=\"lazy\" decoding=\"async\" class=\" size-full wp-image-82413\" src=\"http:\/\/127.0.0.1\/acs\/wp-content\/uploads\/2018\/06\/WEB_2018_JUNHO_ACS-AMBIENTES-LOCACAO-W_ACS-AMBIENTES-LOCACAO_0013.JPG\" width=\"570\" height=\"789\" srcset=\"https:\/\/acs.org.br\/academy\/wp-content\/uploads\/2018\/06\/WEB_2018_JUNHO_ACS-AMBIENTES-LOCACAO-W_ACS-AMBIENTES-LOCACAO_0013.JPG 570w, https:\/\/acs.org.br\/academy\/wp-content\/uploads\/2018\/06\/WEB_2018_JUNHO_ACS-AMBIENTES-LOCACAO-W_ACS-AMBIENTES-LOCACAO_0013-217x300.jpg 217w\" sizes=\"(max-width: 570px) 100vw, 570px\" \/><\/p>\n<p>&nbsp;<\/p>\n<p><img loading=\"lazy\" decoding=\"async\" class=\" size-full wp-image-82414\" src=\"http:\/\/127.0.0.1\/acs\/wp-content\/uploads\/2018\/06\/WEB_2018_JUNHO_ACS-AMBIENTES-LOCACAO-W_ACS-AMBIENTES-LOCACAO_0020.JPG\" width=\"570\" height=\"428\" srcset=\"https:\/\/acs.org.br\/academy\/wp-content\/uploads\/2018\/06\/WEB_2018_JUNHO_ACS-AMBIENTES-LOCACAO-W_ACS-AMBIENTES-LOCACAO_0020.JPG 570w, https:\/\/acs.org.br\/academy\/wp-content\/uploads\/2018\/06\/WEB_2018_JUNHO_ACS-AMBIENTES-LOCACAO-W_ACS-AMBIENTES-LOCACAO_0020-300x225.jpg 300w\" sizes=\"(max-width: 570px) 100vw, 570px\" \/><\/p>\n<p>&nbsp;<\/p>\n<p><img loading=\"lazy\" decoding=\"async\" class=\" size-full wp-image-82415\" src=\"http:\/\/127.0.0.1\/acs\/wp-content\/uploads\/2018\/06\/WEB_2018_JUNHO_ACS-AMBIENTES-LOCACAO-W_ACS-AMBIENTES-LOCACAO_0027.JPG\" width=\"570\" height=\"423\" srcset=\"https:\/\/acs.org.br\/academy\/wp-content\/uploads\/2018\/06\/WEB_2018_JUNHO_ACS-AMBIENTES-LOCACAO-W_ACS-AMBIENTES-LOCACAO_0027.JPG 570w, https:\/\/acs.org.br\/academy\/wp-content\/uploads\/2018\/06\/WEB_2018_JUNHO_ACS-AMBIENTES-LOCACAO-W_ACS-AMBIENTES-LOCACAO_0027-300x223.jpg 300w\" sizes=\"(max-width: 570px) 100vw, 570px\" \/><\/p>\n","protected":false},"excerpt":{"rendered":"<p>Fonte: Assessoria de imprensa ACS Interessados em fazer uma visita monitorada \u00e0 Associa\u00e7\u00e3o Comercial de Santos (ACS) podem agendar hor\u00e1rio pelo telefone (13) 3212-8200, com o setor de Comunica\u00e7\u00e3o. Nosso hor\u00e1rio de funcionamento \u00e9 de segunda a sexta-feira, das 8 \u00e0s 12 e das 14 \u00e0s 18 horas.\u00a0 Venha conhecer nossas novas instala\u00e7\u00f5es: &nbsp; &nbsp; [&hellip;]<\/p>\n","protected":false},"author":1,"featured_media":0,"comment_status":"open","ping_status":"open","sticky":false,"template":"","format":"standard","meta":{"footnotes":""},"categories":[84],"tags":[],"_links":{"self":[{"href":"https:\/\/acs.org.br\/academy\/wp-json\/wp\/v2\/posts\/82416"}],"collection":[{"href":"https:\/\/acs.org.br\/academy\/wp-json\/wp\/v2\/posts"}],"about":[{"href":"https:\/\/acs.org.br\/academy\/wp-json\/wp\/v2\/types\/post"}],"author":[{"embeddable":true,"href":"https:\/\/acs.org.br\/academy\/wp-json\/wp\/v2\/users\/1"}],"replies":[{"embeddable":true,"href":"https:\/\/acs.org.br\/academy\/wp-json\/wp\/v2\/comments?post=82416"}],"version-history":[{"count":2,"href":"https:\/\/acs.org.br\/academy\/wp-json\/wp\/v2\/posts\/82416\/revisions"}],"predecessor-version":[{"id":115262,"href":"https:\/\/acs.org.br\/academy\/wp-json\/wp\/v2\/posts\/82416\/revisions\/115262"}],"wp:attachment":[{"href":"https:\/\/acs.org.br\/academy\/wp-json\/wp\/v2\/media?parent=82416"}],"wp:term":[{"taxonomy":"category","embeddable":true,"href":"https:\/\/acs.org.br\/academy\/wp-json\/wp\/v2\/categories?post=82416"},{"taxonomy":"post_tag","embeddable":true,"href":"https:\/\/acs.org.br\/academy\/wp-json\/wp\/v2\/tags?post=82416"}],"curies":[{"name":"wp","href":"https:\/\/api.w.org\/{rel}","templated":true}]}}