{"id":82375,"date":"2018-06-12T16:49:41","date_gmt":"2018-06-12T19:49:41","guid":{"rendered":"http:\/\/127.0.0.1\/acs\/acs-jovem-promove-palestras-sobre-empreendedorismo-em-midias-sociais\/"},"modified":"2018-06-12T16:49:41","modified_gmt":"2018-06-12T19:49:41","slug":"acs-jovem-promove-palestras-sobre-empreendedorismo-em-midias-sociais","status":"publish","type":"post","link":"https:\/\/acs.org.br\/academy\/acs-jovem-promove-palestras-sobre-empreendedorismo-em-midias-sociais\/","title":{"rendered":"ACS Jovem promove palestras sobre empreendedorismo em m\u00eddias sociais"},"content":{"rendered":"<p style=\"text-align: left;\" align=\"center\">Fonte: Assessoria de imprensa ACS<\/p>\n<p>O grupo de jovens da Associa\u00e7\u00e3o Comercial de Santos \u2013 ACS Jovem \u2013 realiza, nesta quarta-feira (13), \u00e0s 19 horas, duas palestras com o tema \u201cEmpreendedorismo em M\u00eddias Sociais\u201d.<\/p>\n<p>A ideia de promover o evento surgiu porque, de acordo com o coordenador do grupo, Marcelo Teixeira Filho, trata-se de um ramo cada vez mais procurado pelos jovens.<\/p>\n<p>\u201cO empreendedorismo vem se apresentando de diversas formas no mundo atual. O chamado empreendedorismo digital, ou em m\u00eddias sociais, vem crescendo e formando jovens de sucesso na \u00e1rea\u201d.<\/p>\n<p>Os palestrantes s\u00e3o dois grandes sucessos das m\u00eddias sociais: Robson Marques (Cafajestando), com 2,3 milh\u00f5es de seguidores no Instagram; e Flavia Saad (Juicy Santos), com 77 mil curtidas no Facebook.<\/p>\n<p>Para se inscrever, basta enviar um e-mail com nome completo e telefone celular para: <a href=\"mailto:acsjovem@acs.org.br\">acsjovem@acs.org.br<\/a> . A entrada \u00e9 um quilo de alimento n\u00e3o perec\u00edvel ou um agasalho.<\/p>\n<p>As duas palestras ocorrer\u00e3o na Unisanta \u2013 Audit\u00f3rio bloco E \u2013 4 \u00ba andar. O endere\u00e7o \u00e9 Rua Dr. Ces\u00e1rio da Mota, 8, Boqueir\u00e3o, Santos.<\/p>\n","protected":false},"excerpt":{"rendered":"<p>Fonte: Assessoria de imprensa ACS O grupo de jovens da Associa\u00e7\u00e3o Comercial de Santos \u2013 ACS Jovem \u2013 realiza, nesta quarta-feira (13), \u00e0s 19 horas, duas palestras com o tema \u201cEmpreendedorismo em M\u00eddias Sociais\u201d. A ideia de promover o evento surgiu porque, de acordo com o coordenador do grupo, Marcelo Teixeira Filho, trata-se de um [&hellip;]<\/p>\n","protected":false},"author":1,"featured_media":0,"comment_status":"open","ping_status":"open","sticky":false,"template":"","format":"standard","meta":{"footnotes":""},"categories":[84],"tags":[],"_links":{"self":[{"href":"https:\/\/acs.org.br\/academy\/wp-json\/wp\/v2\/posts\/82375"}],"collection":[{"href":"https:\/\/acs.org.br\/academy\/wp-json\/wp\/v2\/posts"}],"about":[{"href":"https:\/\/acs.org.br\/academy\/wp-json\/wp\/v2\/types\/post"}],"author":[{"embeddable":true,"href":"https:\/\/acs.org.br\/academy\/wp-json\/wp\/v2\/users\/1"}],"replies":[{"embeddable":true,"href":"https:\/\/acs.org.br\/academy\/wp-json\/wp\/v2\/comments?post=82375"}],"version-history":[{"count":0,"href":"https:\/\/acs.org.br\/academy\/wp-json\/wp\/v2\/posts\/82375\/revisions"}],"wp:attachment":[{"href":"https:\/\/acs.org.br\/academy\/wp-json\/wp\/v2\/media?parent=82375"}],"wp:term":[{"taxonomy":"category","embeddable":true,"href":"https:\/\/acs.org.br\/academy\/wp-json\/wp\/v2\/categories?post=82375"},{"taxonomy":"post_tag","embeddable":true,"href":"https:\/\/acs.org.br\/academy\/wp-json\/wp\/v2\/tags?post=82375"}],"curies":[{"name":"wp","href":"https:\/\/api.w.org\/{rel}","templated":true}]}}