{"id":82370,"date":"2018-06-12T15:24:16","date_gmt":"2018-06-12T18:24:16","guid":{"rendered":"http:\/\/127.0.0.1\/acs\/camara-de-petroleo-e-gas-da-acs-pretende-criar-em-parceria-com-o-sebrae-cadastro-regional-de-empresas-interessadas-em-fornecer-produtos-e-servicos-para-plataformas-da-petrobras\/"},"modified":"2018-06-12T15:24:16","modified_gmt":"2018-06-12T18:24:16","slug":"camara-de-petroleo-e-gas-da-acs-pretende-criar-em-parceria-com-o-sebrae-cadastro-regional-de-empresas-interessadas-em-fornecer-produtos-e-servicos-para-plataformas-da-petrobras","status":"publish","type":"post","link":"https:\/\/acs.org.br\/academy\/camara-de-petroleo-e-gas-da-acs-pretende-criar-em-parceria-com-o-sebrae-cadastro-regional-de-empresas-interessadas-em-fornecer-produtos-e-servicos-para-plataformas-da-petrobras\/","title":{"rendered":"C\u00e2mara de Petr\u00f3leo e G\u00e1s da ACS pretende criar, em parceria com o Sebrae, cadastro regional de empresas interessadas em fornecer produtos e servi\u00e7os para plataformas da Petrobras"},"content":{"rendered":"<p style=\"text-align: left;\" align=\"center\">Fonte: Assessoria de imprensa ACS<\/p>\n<p style=\"text-align: left;\" align=\"center\"><i>Objetivo \u00e9 repassar a lista a associa\u00e7\u00f5es relacionadas ao setor de P&amp;G, para que elas tenham um panorama regional<\/i><\/p>\n<p>A C\u00e2mara de Petr\u00f3leo e G\u00e1s da ACS pretende criar, em parceria com o Sebrae, um cadastro regional de empresas interessadas em fornecer produtos e servi\u00e7os para plataformas da Petrobras. O objetivo \u00e9 que essa lista seja repassada ao Instituto Brasileiro de Petr\u00f3leo, G\u00e1s e Biocombust\u00edveis (IBP) e \u00e0 Associa\u00e7\u00e3o Brasileira de das Empresas de Servi\u00e7os de Petr\u00f3leo (Abespetro), para que as institui\u00e7\u00f5es tenham um panorama regional sobre essas empresas.<\/p>\n<\/p>\n<p><img loading=\"lazy\" decoding=\"async\" class=\" size-full wp-image-82365\" src=\"http:\/\/127.0.0.1\/acs\/wp-content\/uploads\/2018\/06\/WEB_2018_JUNHO_PETROLEO-12-W_PETROLEO-12_0015.jpg\" width=\"570\" height=\"413\" srcset=\"https:\/\/acs.org.br\/academy\/wp-content\/uploads\/2018\/06\/WEB_2018_JUNHO_PETROLEO-12-W_PETROLEO-12_0015.jpg 570w, https:\/\/acs.org.br\/academy\/wp-content\/uploads\/2018\/06\/WEB_2018_JUNHO_PETROLEO-12-W_PETROLEO-12_0015-300x217.jpg 300w\" sizes=\"(max-width: 570px) 100vw, 570px\" \/><\/p>\n<p>A ideia da parceria surgiu durante reuni\u00e3o da C\u00e2mara, realizada nesta ter\u00e7a-feira, na sede da ACS. Segundo o coordenador, Vicente do Valle, esse cadastro \u00e9 importante, pois vai disponibilizar \u00e0s associa\u00e7\u00f5es do setor de P&amp;G e \u00e0s petrol\u00edferas todas as informa\u00e7\u00f5es sobre o conte\u00fado das empresas da Baixada Santista, que podem fornecer m\u00e3o de obra e materiais necess\u00e1rios para o abastecimento de plataformas da Petrobras.<\/p>\n<p><img loading=\"lazy\" decoding=\"async\" class=\" size-full wp-image-82366\" src=\"http:\/\/127.0.0.1\/acs\/wp-content\/uploads\/2018\/06\/WEB_2018_JUNHO_PETROLEO-12-W_PETROLEO-12_0018.jpg\" width=\"570\" height=\"439\" srcset=\"https:\/\/acs.org.br\/academy\/wp-content\/uploads\/2018\/06\/WEB_2018_JUNHO_PETROLEO-12-W_PETROLEO-12_0018.jpg 570w, https:\/\/acs.org.br\/academy\/wp-content\/uploads\/2018\/06\/WEB_2018_JUNHO_PETROLEO-12-W_PETROLEO-12_0018-300x231.jpg 300w\" sizes=\"(max-width: 570px) 100vw, 570px\" \/><\/p>\n<p>\u201c\u00c9 importante para as empresas interessadas em montar uma base offshore aqui saibam quais e quantas empresas fornecedoras temos. Independentemente da base, queremos apresentar \u00e0s petrol\u00edferas nosso conte\u00fado local, pois pode haver interesse por parte delas\u201d.<\/p>\n<p>Desde o semin\u00e1rio <i>Implanta\u00e7\u00e3o de Base Offshore como Alavanca do Desenvolvimento Regional<\/i>, realizado em mar\u00e7o deste ano pela Associa\u00e7\u00e3o Comercial de Santos, a C\u00e2mara tenta uma reuni\u00e3o com representantes do IBP e da Abespetro, para dar sequ\u00eancia ao projeto da implanta\u00e7\u00e3o da Base Offshore privada na regi\u00e3o.<\/p>\n<p><img loading=\"lazy\" decoding=\"async\" class=\" size-full wp-image-82367\" src=\"http:\/\/127.0.0.1\/acs\/wp-content\/uploads\/2018\/06\/WEB_2018_JUNHO_PETROLEO-12-W_PETROLEO-12_0021.jpg\" width=\"570\" height=\"443\" srcset=\"https:\/\/acs.org.br\/academy\/wp-content\/uploads\/2018\/06\/WEB_2018_JUNHO_PETROLEO-12-W_PETROLEO-12_0021.jpg 570w, https:\/\/acs.org.br\/academy\/wp-content\/uploads\/2018\/06\/WEB_2018_JUNHO_PETROLEO-12-W_PETROLEO-12_0021-300x233.jpg 300w\" sizes=\"(max-width: 570px) 100vw, 570px\" \/><\/p>\n<p>\u201cAcredito que em cerca de 30 dias tenhamos uma resposta positiva e consigamos nos reunir com eles\u201d, afirmou do Valle.<\/p>\n<p>Outra meta definida para este ano pela C\u00e2mara \u00e9 fazer um trabalho em conjunto com a Secretaria de Assuntos Portu\u00e1rios, Ind\u00fastria e Com\u00e9rcio da Prefeitura de Santos e com a Receita Federal para saber como est\u00e3o as tratativas para regulamenta\u00e7\u00e3o da movimenta\u00e7\u00e3o de carga em geral para abastecimento das plataformas de petr\u00f3leo.<\/p>\n<p>\u00a0<\/p>\n<p><img loading=\"lazy\" decoding=\"async\" class=\" size-full wp-image-82368\" src=\"http:\/\/127.0.0.1\/acs\/wp-content\/uploads\/2018\/06\/WEB_2018_JUNHO_PETROLEO-12-W_PETROLEO-12_0012.jpg\" width=\"570\" height=\"428\" srcset=\"https:\/\/acs.org.br\/academy\/wp-content\/uploads\/2018\/06\/WEB_2018_JUNHO_PETROLEO-12-W_PETROLEO-12_0012.jpg 570w, https:\/\/acs.org.br\/academy\/wp-content\/uploads\/2018\/06\/WEB_2018_JUNHO_PETROLEO-12-W_PETROLEO-12_0012-300x225.jpg 300w\" sizes=\"(max-width: 570px) 100vw, 570px\" \/><\/p>\n<p><img loading=\"lazy\" decoding=\"async\" class=\" size-full wp-image-82369\" src=\"http:\/\/127.0.0.1\/acs\/wp-content\/uploads\/2018\/06\/WEB_2018_JUNHO_PETROLEO-12-W_PETROLEO-12_0023.jpg\" width=\"570\" height=\"420\" srcset=\"https:\/\/acs.org.br\/academy\/wp-content\/uploads\/2018\/06\/WEB_2018_JUNHO_PETROLEO-12-W_PETROLEO-12_0023.jpg 570w, https:\/\/acs.org.br\/academy\/wp-content\/uploads\/2018\/06\/WEB_2018_JUNHO_PETROLEO-12-W_PETROLEO-12_0023-300x221.jpg 300w\" sizes=\"(max-width: 570px) 100vw, 570px\" \/><\/p>\n","protected":false},"excerpt":{"rendered":"<p>Fonte: Assessoria de imprensa ACS Objetivo \u00e9 repassar a lista a associa\u00e7\u00f5es relacionadas ao setor de P&amp;G, para que elas tenham um panorama regional A C\u00e2mara de Petr\u00f3leo e G\u00e1s da ACS pretende criar, em parceria com o Sebrae, um cadastro regional de empresas interessadas em fornecer produtos e servi\u00e7os para plataformas da Petrobras. O [&hellip;]<\/p>\n","protected":false},"author":1,"featured_media":82364,"comment_status":"open","ping_status":"open","sticky":false,"template":"","format":"standard","meta":{"footnotes":""},"categories":[84],"tags":[],"_links":{"self":[{"href":"https:\/\/acs.org.br\/academy\/wp-json\/wp\/v2\/posts\/82370"}],"collection":[{"href":"https:\/\/acs.org.br\/academy\/wp-json\/wp\/v2\/posts"}],"about":[{"href":"https:\/\/acs.org.br\/academy\/wp-json\/wp\/v2\/types\/post"}],"author":[{"embeddable":true,"href":"https:\/\/acs.org.br\/academy\/wp-json\/wp\/v2\/users\/1"}],"replies":[{"embeddable":true,"href":"https:\/\/acs.org.br\/academy\/wp-json\/wp\/v2\/comments?post=82370"}],"version-history":[{"count":0,"href":"https:\/\/acs.org.br\/academy\/wp-json\/wp\/v2\/posts\/82370\/revisions"}],"wp:featuredmedia":[{"embeddable":true,"href":"https:\/\/acs.org.br\/academy\/wp-json\/wp\/v2\/media\/82364"}],"wp:attachment":[{"href":"https:\/\/acs.org.br\/academy\/wp-json\/wp\/v2\/media?parent=82370"}],"wp:term":[{"taxonomy":"category","embeddable":true,"href":"https:\/\/acs.org.br\/academy\/wp-json\/wp\/v2\/categories?post=82370"},{"taxonomy":"post_tag","embeddable":true,"href":"https:\/\/acs.org.br\/academy\/wp-json\/wp\/v2\/tags?post=82370"}],"curies":[{"name":"wp","href":"https:\/\/api.w.org\/{rel}","templated":true}]}}