{"id":82363,"date":"2018-06-12T15:23:08","date_gmt":"2018-06-12T18:23:08","guid":{"rendered":"http:\/\/127.0.0.1\/acs\/associacao-comercial-de-santos-quer-abrir-posto-do-sebrae-em-seu-predio-sede\/"},"modified":"2018-06-12T15:23:08","modified_gmt":"2018-06-12T18:23:08","slug":"associacao-comercial-de-santos-quer-abrir-posto-do-sebrae-em-seu-predio-sede","status":"publish","type":"post","link":"https:\/\/acs.org.br\/academy\/associacao-comercial-de-santos-quer-abrir-posto-do-sebrae-em-seu-predio-sede\/","title":{"rendered":"Associa\u00e7\u00e3o Comercial de Santos quer abrir posto do Sebrae em seu pr\u00e9dio-sede"},"content":{"rendered":"<p style=\"text-align: left;\" align=\"center\"><i>A ideia \u00e9 oferecer \u00e0s micro e pequenas empresas emiss\u00e3o da Certifica\u00e7\u00e3o Digital a pre\u00e7os mais acess\u00edveis<\/i><\/p>\n<p align=\"center\"><i> <\/i><\/p>\n<p>Fonte: Assessoria de imprensa ACS<\/p>\n<p>A Associa\u00e7\u00e3o Comercial de Santos (ACS) estuda a possibilidade de abrir uma unidade do Sebrae em seu pr\u00e9dio-sede. A ideia \u00e9 oferecer \u00e0s micro e pequenas empresas a emiss\u00e3o da Certifica\u00e7\u00e3o Digital, j\u00e1 emitida pela ACS, a pre\u00e7os mais acess\u00edveis a esse p\u00fablico.<\/p>\n<\/p>\n<p>A Certifica\u00e7\u00e3o Digital \u00e9 um arquivo no computador, desenvolvido para identifica\u00e7\u00e3o da pessoa f\u00edsica ou pessoa jur\u00eddica nas opera\u00e7\u00f5es via Internet. Alguns aplicativos de software utilizam esse arquivo para comprovar a identidade para outra pessoa ou outro computador.<\/p>\n<p>A ideia surgiu durante reuni\u00e3o da C\u00e2mara de Petr\u00f3leo e G\u00e1s, ocorrida da manh\u00e3 desta ter\u00e7a-feira (12), em que o vice-presidente da ACS e coordenador da C\u00e2mara Setorial de Petr\u00f3leo e G\u00e1s, Vicente do Valle, e o gerente do Sebrae na Baixada Santista, Marco Aur\u00e9lio Rosas, participaram.<\/p>\n<p><img loading=\"lazy\" decoding=\"async\" class=\" size-full wp-image-82362\" src=\"http:\/\/127.0.0.1\/acs\/wp-content\/uploads\/2018\/06\/WEB_2018_JUNHO_SEBRAE-W_PETROLEO-12_0035.jpg\" width=\"570\" height=\"426\" srcset=\"https:\/\/acs.org.br\/academy\/wp-content\/uploads\/2018\/06\/WEB_2018_JUNHO_SEBRAE-W_PETROLEO-12_0035.jpg 570w, https:\/\/acs.org.br\/academy\/wp-content\/uploads\/2018\/06\/WEB_2018_JUNHO_SEBRAE-W_PETROLEO-12_0035-300x224.jpg 300w\" sizes=\"(max-width: 570px) 100vw, 570px\" \/><\/p>\n<p>\u201cLancei ideia de criar conv\u00eanio com Sebrae na Certifica\u00e7\u00e3o Digital, com pre\u00e7o diferenciado para pequenas e microempresas. Seria uma presta\u00e7\u00e3o de servi\u00e7o, aberta ao p\u00fablico\u201d, explicou Vicente do Valle.<\/p>\n<p>A ideia ser\u00e1 avaliada pela diretoria das duas institui\u00e7\u00f5es.<\/p>\n<p>\u00a0<\/p>\n<p>\u00a0<\/p>\n<p>\u00a0<\/p>\n<p align=\"center\">\n<p><\/p>\n","protected":false},"excerpt":{"rendered":"<p>A ideia \u00e9 oferecer \u00e0s micro e pequenas empresas emiss\u00e3o da Certifica\u00e7\u00e3o Digital a pre\u00e7os mais acess\u00edveis Fonte: Assessoria de imprensa ACS A Associa\u00e7\u00e3o Comercial de Santos (ACS) estuda a possibilidade de abrir uma unidade do Sebrae em seu pr\u00e9dio-sede. A ideia \u00e9 oferecer \u00e0s micro e pequenas empresas a emiss\u00e3o da Certifica\u00e7\u00e3o Digital, j\u00e1 [&hellip;]<\/p>\n","protected":false},"author":1,"featured_media":82361,"comment_status":"open","ping_status":"open","sticky":false,"template":"","format":"standard","meta":{"footnotes":""},"categories":[84],"tags":[],"_links":{"self":[{"href":"https:\/\/acs.org.br\/academy\/wp-json\/wp\/v2\/posts\/82363"}],"collection":[{"href":"https:\/\/acs.org.br\/academy\/wp-json\/wp\/v2\/posts"}],"about":[{"href":"https:\/\/acs.org.br\/academy\/wp-json\/wp\/v2\/types\/post"}],"author":[{"embeddable":true,"href":"https:\/\/acs.org.br\/academy\/wp-json\/wp\/v2\/users\/1"}],"replies":[{"embeddable":true,"href":"https:\/\/acs.org.br\/academy\/wp-json\/wp\/v2\/comments?post=82363"}],"version-history":[{"count":0,"href":"https:\/\/acs.org.br\/academy\/wp-json\/wp\/v2\/posts\/82363\/revisions"}],"wp:featuredmedia":[{"embeddable":true,"href":"https:\/\/acs.org.br\/academy\/wp-json\/wp\/v2\/media\/82361"}],"wp:attachment":[{"href":"https:\/\/acs.org.br\/academy\/wp-json\/wp\/v2\/media?parent=82363"}],"wp:term":[{"taxonomy":"category","embeddable":true,"href":"https:\/\/acs.org.br\/academy\/wp-json\/wp\/v2\/categories?post=82363"},{"taxonomy":"post_tag","embeddable":true,"href":"https:\/\/acs.org.br\/academy\/wp-json\/wp\/v2\/tags?post=82363"}],"curies":[{"name":"wp","href":"https:\/\/api.w.org\/{rel}","templated":true}]}}