{"id":82280,"date":"2018-06-01T00:00:00","date_gmt":"2018-06-01T03:00:00","guid":{"rendered":"http:\/\/127.0.0.1\/acs\/vice-presidente-da-acs-acompanha-autoridades-em-visita-a-acs\/"},"modified":"2018-06-01T00:00:00","modified_gmt":"2018-06-01T03:00:00","slug":"vice-presidente-da-acs-acompanha-autoridades-em-visita-a-acs","status":"publish","type":"post","link":"https:\/\/acs.org.br\/academy\/vice-presidente-da-acs-acompanha-autoridades-em-visita-a-acs\/","title":{"rendered":"Vice-presidente da ACS acompanha autoridades em visita \u00e0 ACS"},"content":{"rendered":"<p>Fonte: Assessoria de imprensa ACS<\/p>\n<p>O vice-presidente da Associa\u00e7\u00e3o Comercial de Santos, Vicente do Valle, acompanhou nesta sexta-feira (01\/06\/2018), durante uma visita \u00e0 institui\u00e7\u00e3o, o diretor-geral da Ag\u00eancia Nacional de Transportes Aquavi\u00e1rios &#8211; Antaq, Mario Povia; o respons\u00e1vel pela unidade regional da Antaq, Daniel Alves dos Santos; e o delegado-chefe da Pol\u00edcia Federal em Santos, Gilberto Antonio de Castro J\u00fanior.<\/p>\n<\/p>\n<p><img loading=\"lazy\" decoding=\"async\" class=\" size-full wp-image-82277\" src=\"http:\/\/127.0.0.1\/acs\/wp-content\/uploads\/2018\/06\/WEB_2018_JUNHO_ANTAQ-W_ANTAQ-005.JPG\" width=\"570\" height=\"428\" srcset=\"https:\/\/acs.org.br\/academy\/wp-content\/uploads\/2018\/06\/WEB_2018_JUNHO_ANTAQ-W_ANTAQ-005.JPG 570w, https:\/\/acs.org.br\/academy\/wp-content\/uploads\/2018\/06\/WEB_2018_JUNHO_ANTAQ-W_ANTAQ-005-300x225.jpg 300w\" sizes=\"(max-width: 570px) 100vw, 570px\" \/><\/p>\n<p><img loading=\"lazy\" decoding=\"async\" class=\" size-full wp-image-82278\" src=\"http:\/\/127.0.0.1\/acs\/wp-content\/uploads\/2018\/06\/WEB_2018_JUNHO_ANTAQ-W_ANTAQ-007.JPG\" width=\"570\" height=\"428\" srcset=\"https:\/\/acs.org.br\/academy\/wp-content\/uploads\/2018\/06\/WEB_2018_JUNHO_ANTAQ-W_ANTAQ-007.JPG 570w, https:\/\/acs.org.br\/academy\/wp-content\/uploads\/2018\/06\/WEB_2018_JUNHO_ANTAQ-W_ANTAQ-007-300x225.jpg 300w\" sizes=\"(max-width: 570px) 100vw, 570px\" \/><\/p>\n<p><img loading=\"lazy\" decoding=\"async\" class=\" size-full wp-image-82279\" src=\"http:\/\/127.0.0.1\/acs\/wp-content\/uploads\/2018\/06\/WEB_2018_JUNHO_ANTAQ-W_ANTAQ-008.JPG\" width=\"570\" height=\"428\" srcset=\"https:\/\/acs.org.br\/academy\/wp-content\/uploads\/2018\/06\/WEB_2018_JUNHO_ANTAQ-W_ANTAQ-008.JPG 570w, https:\/\/acs.org.br\/academy\/wp-content\/uploads\/2018\/06\/WEB_2018_JUNHO_ANTAQ-W_ANTAQ-008-300x225.jpg 300w\" sizes=\"(max-width: 570px) 100vw, 570px\" \/><\/p>\n","protected":false},"excerpt":{"rendered":"<p>Fonte: Assessoria de imprensa ACS O vice-presidente da Associa\u00e7\u00e3o Comercial de Santos, Vicente do Valle, acompanhou nesta sexta-feira (01\/06\/2018), durante uma visita \u00e0 institui\u00e7\u00e3o, o diretor-geral da Ag\u00eancia Nacional de Transportes Aquavi\u00e1rios &#8211; Antaq, Mario Povia; o respons\u00e1vel pela unidade regional da Antaq, Daniel Alves dos Santos; e o delegado-chefe da Pol\u00edcia Federal em Santos, [&hellip;]<\/p>\n","protected":false},"author":1,"featured_media":82276,"comment_status":"open","ping_status":"open","sticky":false,"template":"","format":"standard","meta":{"footnotes":""},"categories":[84],"tags":[],"_links":{"self":[{"href":"https:\/\/acs.org.br\/academy\/wp-json\/wp\/v2\/posts\/82280"}],"collection":[{"href":"https:\/\/acs.org.br\/academy\/wp-json\/wp\/v2\/posts"}],"about":[{"href":"https:\/\/acs.org.br\/academy\/wp-json\/wp\/v2\/types\/post"}],"author":[{"embeddable":true,"href":"https:\/\/acs.org.br\/academy\/wp-json\/wp\/v2\/users\/1"}],"replies":[{"embeddable":true,"href":"https:\/\/acs.org.br\/academy\/wp-json\/wp\/v2\/comments?post=82280"}],"version-history":[{"count":0,"href":"https:\/\/acs.org.br\/academy\/wp-json\/wp\/v2\/posts\/82280\/revisions"}],"wp:featuredmedia":[{"embeddable":true,"href":"https:\/\/acs.org.br\/academy\/wp-json\/wp\/v2\/media\/82276"}],"wp:attachment":[{"href":"https:\/\/acs.org.br\/academy\/wp-json\/wp\/v2\/media?parent=82280"}],"wp:term":[{"taxonomy":"category","embeddable":true,"href":"https:\/\/acs.org.br\/academy\/wp-json\/wp\/v2\/categories?post=82280"},{"taxonomy":"post_tag","embeddable":true,"href":"https:\/\/acs.org.br\/academy\/wp-json\/wp\/v2\/tags?post=82280"}],"curies":[{"name":"wp","href":"https:\/\/api.w.org\/{rel}","templated":true}]}}