{"id":82239,"date":"2018-05-29T10:40:45","date_gmt":"2018-05-29T13:40:45","guid":{"rendered":"http:\/\/127.0.0.1\/acs\/reforma-da-sala-de-classificacao-e-degustacao-de-cafe-da-associacao-comercial-de-santos-esta-em-fase-final\/"},"modified":"2018-05-29T10:40:45","modified_gmt":"2018-05-29T13:40:45","slug":"reforma-da-sala-de-classificacao-e-degustacao-de-cafe-da-associacao-comercial-de-santos-esta-em-fase-final","status":"publish","type":"post","link":"https:\/\/acs.org.br\/academy\/reforma-da-sala-de-classificacao-e-degustacao-de-cafe-da-associacao-comercial-de-santos-esta-em-fase-final\/","title":{"rendered":"Reforma da Sala de Classifica\u00e7\u00e3o e Degusta\u00e7\u00e3o de Caf\u00e9 da Associa\u00e7\u00e3o Comercial de Santos est\u00e1 em fase final"},"content":{"rendered":"<p style=\"text-align: left;\" align=\"center\"><i>A entrega do terceiro andar do pr\u00e9dio ser\u00e1 no dia 18 de junho, \u00e0s 18 horas<\/i><\/p>\n<p>Fonte: Assessoria de imprensa ACS<\/p>\n<\/p>\n<p>Com inaugura\u00e7\u00e3o marcada para o dia 18 de junho, \u00e0s 18 horas, a nova Sala de Classifica\u00e7\u00e3o e Degusta\u00e7\u00e3o de Caf\u00e9 da Associa\u00e7\u00e3o Comercial de Santos (ACS) passa pela fase final de sua reforma de moderniza\u00e7\u00e3o, iniciada h\u00e1 tr\u00eas meses.<\/p>\n<p>Localizada no terceiro andar do pr\u00e9dio, ap\u00f3s a obra, a sala abrigar\u00e1, al\u00e9m do tradicional Curso de Classifica\u00e7\u00e3o e Degusta\u00e7\u00e3o de Caf\u00e9, que ocorre a cada tr\u00eas meses e atrai estudantes do mundo inteiro, tamb\u00e9m o curso de Q-Grader.<\/p>\n<p>Trata-se de uma certifica\u00e7\u00e3o mundial concedida a profissionais de classifica\u00e7\u00e3o e degusta\u00e7\u00e3o de caf\u00e9s, que pertence ao \u201cQ-Grader System\u201d, uma s\u00e9rie de exames pr\u00e1ticos desenvolvidos pelo Instituto de Qualidade do Caf\u00e9 (CQI, na sigla em ingl\u00eas).<\/p>\n<p><img loading=\"lazy\" decoding=\"async\" class=\" size-full wp-image-82237\" src=\"http:\/\/127.0.0.1\/acs\/wp-content\/uploads\/2018\/05\/WEB_2018_MAIO_SALA-W_SALA2.JPG\" width=\"570\" height=\"428\" srcset=\"https:\/\/acs.org.br\/academy\/wp-content\/uploads\/2018\/05\/WEB_2018_MAIO_SALA-W_SALA2.JPG 570w, https:\/\/acs.org.br\/academy\/wp-content\/uploads\/2018\/05\/WEB_2018_MAIO_SALA-W_SALA2-300x225.jpg 300w\" sizes=\"(max-width: 570px) 100vw, 570px\" \/><\/p>\n<p>Para oferecer o suporte necess\u00e1rio para a emiss\u00e3o da certifica\u00e7\u00e3o, o ambiente est\u00e1 sendo amplamente modernizado. Contar\u00e1, inclusive, com uma estrutura met\u00e1lica \u201cespacial\u201d, conforme explicou o engenheiro respons\u00e1vel pela obra, Alexandre Alonso.<\/p>\n<p>\u201c\u00c9 uma das partes mais interessantes, pois nessa estrutura ser\u00e3o fixados o ar-condicionado e as lumin\u00e1rias. \u00c9 uma estrutura met\u00e1lica vazada, que permite observar o telhado de madeira, para n\u00e3o perder a caracter\u00edstica original do pr\u00e9dio\u201d.<\/p>\n<p><img loading=\"lazy\" decoding=\"async\" class=\" size-full wp-image-82238\" src=\"http:\/\/127.0.0.1\/acs\/wp-content\/uploads\/2018\/05\/WEB_2018_MAIO_SALA-W_SALA-4.JPG\" width=\"570\" height=\"428\" srcset=\"https:\/\/acs.org.br\/academy\/wp-content\/uploads\/2018\/05\/WEB_2018_MAIO_SALA-W_SALA-4.JPG 570w, https:\/\/acs.org.br\/academy\/wp-content\/uploads\/2018\/05\/WEB_2018_MAIO_SALA-W_SALA-4-300x225.jpg 300w\" sizes=\"(max-width: 570px) 100vw, 570px\" \/><\/p>\n<p>O pr\u00e9dio da ACS \u00e9 N\u00edvel de Prote\u00e7\u00e3o 2 (NP-2), conforme decis\u00e3o&nbsp; do Conselho de Defesa do Patrim\u00f4nio Cultural de Santos (Condepasa), que protege fachada, telhado e volumetria. Com autoriza\u00e7\u00e3o do \u00f3rg\u00e3o, puderam ser feitos restauro, pintura e lavagem da frente do pr\u00e9dio.<\/p>\n<p>Nesta semana, est\u00e3o sendo instaladas lumin\u00e1rias e o pr\u00f3ximo passo ser\u00e1 receber o mobili\u00e1rio.<\/p>\n<p>No \u00faltimo dia 4, ocorreu a cerim\u00f4nia de entrega das obras de moderniza\u00e7\u00e3o da Associa\u00e7\u00e3o Comercial de Santos (ACS), quando todo o restante do pr\u00e9dio (exceto o terceiro andar, que abriga a sala de caf\u00e9) foi reinaugurado, ap\u00f3s um ano e quatro meses de reforma.<\/p>\n","protected":false},"excerpt":{"rendered":"<p>A entrega do terceiro andar do pr\u00e9dio ser\u00e1 no dia 18 de junho, \u00e0s 18 horas Fonte: Assessoria de imprensa ACS Com inaugura\u00e7\u00e3o marcada para o dia 18 de junho, \u00e0s 18 horas, a nova Sala de Classifica\u00e7\u00e3o e Degusta\u00e7\u00e3o de Caf\u00e9 da Associa\u00e7\u00e3o Comercial de Santos (ACS) passa pela fase final de sua reforma [&hellip;]<\/p>\n","protected":false},"author":1,"featured_media":82236,"comment_status":"open","ping_status":"open","sticky":false,"template":"","format":"standard","meta":{"footnotes":""},"categories":[84],"tags":[],"_links":{"self":[{"href":"https:\/\/acs.org.br\/academy\/wp-json\/wp\/v2\/posts\/82239"}],"collection":[{"href":"https:\/\/acs.org.br\/academy\/wp-json\/wp\/v2\/posts"}],"about":[{"href":"https:\/\/acs.org.br\/academy\/wp-json\/wp\/v2\/types\/post"}],"author":[{"embeddable":true,"href":"https:\/\/acs.org.br\/academy\/wp-json\/wp\/v2\/users\/1"}],"replies":[{"embeddable":true,"href":"https:\/\/acs.org.br\/academy\/wp-json\/wp\/v2\/comments?post=82239"}],"version-history":[{"count":0,"href":"https:\/\/acs.org.br\/academy\/wp-json\/wp\/v2\/posts\/82239\/revisions"}],"wp:featuredmedia":[{"embeddable":true,"href":"https:\/\/acs.org.br\/academy\/wp-json\/wp\/v2\/media\/82236"}],"wp:attachment":[{"href":"https:\/\/acs.org.br\/academy\/wp-json\/wp\/v2\/media?parent=82239"}],"wp:term":[{"taxonomy":"category","embeddable":true,"href":"https:\/\/acs.org.br\/academy\/wp-json\/wp\/v2\/categories?post=82239"},{"taxonomy":"post_tag","embeddable":true,"href":"https:\/\/acs.org.br\/academy\/wp-json\/wp\/v2\/tags?post=82239"}],"curies":[{"name":"wp","href":"https:\/\/api.w.org\/{rel}","templated":true}]}}