{"id":82092,"date":"2018-05-16T15:37:37","date_gmt":"2018-05-16T18:37:37","guid":{"rendered":"http:\/\/127.0.0.1\/acs\/grupo-de-estudantes-visita-associacao-comercial-de-santos\/"},"modified":"2018-05-16T15:37:37","modified_gmt":"2018-05-16T18:37:37","slug":"grupo-de-estudantes-visita-associacao-comercial-de-santos","status":"publish","type":"post","link":"https:\/\/acs.org.br\/academy\/grupo-de-estudantes-visita-associacao-comercial-de-santos\/","title":{"rendered":"Grupo de estudantes visita Associa\u00e7\u00e3o Comercial de Santos"},"content":{"rendered":"<p align=\"center\" style=\"text-align: left;\">Fonte: Assessoria de imprensa ACS<\/p>\n<p align=\"center\" style=\"text-align: left;\">Cerca de 50 estudantes e professores do Centro Estadual de Educa\u00e7\u00e3o de Jovens e Adultos (CEEJA) Maria Aparecida Pasqualeto Figueiredo visitaram na manh\u00e3 desta quarta-feira (16) a Associa\u00e7\u00e3o Comercial de Santos (ACS).<\/p>\n<p>O grupo chegou por volta das 9 horas e foi direcionado ao audit\u00f3rio, onde p\u00f4de ver os quadros dos ex-diretores da ACS. Muitos aproveitaram para tirar fotos nas novas instala\u00e7\u00f5es do pr\u00e9dio, entregues no \u00faltimo dia 4, ap\u00f3s ampla reforma que durou um ano e cinco meses.<\/p>\n<p>O diretor-executivo, Marcio Calves, fez uma breve apresenta\u00e7\u00e3o sobre a \u201cCasa do Empres\u00e1rio\u201d, que este ano completa seus 148 anos, e, na sequ\u00eancia, foi exibido o v\u00eddeo institucional da ACS.<\/p>\n<p>Depois, os visitantes seguiram para o foyer do primeiro andar, onde viram as principais r\u00e9plicas das p\u00e1ginas do Livro de Ouro, que est\u00e3o expostas em quadros, e cont\u00eam assinaturas de ex-presidentes do Brasil e, tamb\u00e9m, de D. Pedro II, que por tr\u00eas vezes esteve na Associa\u00e7\u00e3o Comercial de Santos.<\/p>\n<p>Eles visitaram tamb\u00e9m a sala de reuni\u00f5es e a sala da presid\u00eancia, onde est\u00e3o dois quadros do pintor Benedito Calixto.<\/p>\n<p>As obras de arte chamaram a aten\u00e7\u00e3o da aluna Patricia Adelaide Rocha. \u201cQuando vi os quadros, me apaixonei. Vim para conhecer, mas n\u00e3o fazia ideia. Tudo isso \u00e9 conhecimento, \u00e9 ver um pouco da nossa hist\u00f3ria. \u00c9 muito diferente voc\u00ea ver fotos no livro e ver ao vivo, como estamos vendo aqui. Adorei\u201d.<\/p>\n<p>A diretora Marilu de Lima disse que a visita superou as expectativas de toda equipe. \u201cN\u00f3s temos na escola um conselho, que cria atividades de cultura, para que eles conhe\u00e7am mais sobre a Cidade de Santos. Nossos alunos s\u00e3o maiores de idade e programamos v\u00e1rias sa\u00eddas ao longo do ano, para que eles tenham oportunidade de conhecer melhor os pontos da Cidade. Mas n\u00f3s n\u00e3o esper\u00e1vamos encontrar tudo o que vimos aqui na Associa\u00e7\u00e3o Comercial de Santos. Para n\u00f3s, professores, foi uma novidade e, para eles, mais ainda\u201d.<\/p>\n<p>Fala ratificada pela coordenadora da escola, Angela Messias. \u201cNossos alunos raramente t\u00eam oportunidade de ver quadros como os que vimos e tamb\u00e9m os quadros dos ex-presidentes, que s\u00e3o pessoas importantes que passaram por aqui\u201d.<\/p>\n<p>Interessados em visitar a ACS devem entrar em contato pelo telefone (13) 3212-8200 e falar com o Departamento de Comunica\u00e7\u00e3o.<\/p>\n<p align=\"center\">\n<p align=\"center\">\u00a0<\/p>\n<p align=\"center\"><img loading=\"lazy\" decoding=\"async\" class=\" size-full wp-image-82083\" src=\"http:\/\/127.0.0.1\/acs\/wp-content\/uploads\/2018\/05\/WEB_2018_MAIO_VISITA-CEEJA-W_VISITA-CEEJA_0008.JPG\" width=\"570\" height=\"428\" srcset=\"https:\/\/acs.org.br\/academy\/wp-content\/uploads\/2018\/05\/WEB_2018_MAIO_VISITA-CEEJA-W_VISITA-CEEJA_0008.JPG 570w, https:\/\/acs.org.br\/academy\/wp-content\/uploads\/2018\/05\/WEB_2018_MAIO_VISITA-CEEJA-W_VISITA-CEEJA_0008-300x225.jpg 300w\" sizes=\"(max-width: 570px) 100vw, 570px\" \/><\/p>\n<p align=\"center\">\u00a0<\/p>\n<p align=\"center\"><img loading=\"lazy\" decoding=\"async\" class=\" size-full wp-image-82084\" src=\"http:\/\/127.0.0.1\/acs\/wp-content\/uploads\/2018\/05\/WEB_2018_MAIO_VISITA-CEEJA-W_VISITA-CEEJA_0010.JPG\" width=\"570\" height=\"428\" srcset=\"https:\/\/acs.org.br\/academy\/wp-content\/uploads\/2018\/05\/WEB_2018_MAIO_VISITA-CEEJA-W_VISITA-CEEJA_0010.JPG 570w, https:\/\/acs.org.br\/academy\/wp-content\/uploads\/2018\/05\/WEB_2018_MAIO_VISITA-CEEJA-W_VISITA-CEEJA_0010-300x225.jpg 300w\" sizes=\"(max-width: 570px) 100vw, 570px\" \/><\/p>\n<p align=\"center\">\u00a0<\/p>\n<p align=\"center\"><img loading=\"lazy\" decoding=\"async\" class=\" size-full wp-image-82085\" src=\"http:\/\/127.0.0.1\/acs\/wp-content\/uploads\/2018\/05\/WEB_2018_MAIO_VISITA-CEEJA-W_VISITA-CEEJA_0011.JPG\" width=\"570\" height=\"428\" srcset=\"https:\/\/acs.org.br\/academy\/wp-content\/uploads\/2018\/05\/WEB_2018_MAIO_VISITA-CEEJA-W_VISITA-CEEJA_0011.JPG 570w, https:\/\/acs.org.br\/academy\/wp-content\/uploads\/2018\/05\/WEB_2018_MAIO_VISITA-CEEJA-W_VISITA-CEEJA_0011-300x225.jpg 300w\" sizes=\"(max-width: 570px) 100vw, 570px\" \/><\/p>\n<p align=\"center\">\u00a0<\/p>\n<p align=\"center\"><img loading=\"lazy\" decoding=\"async\" class=\" size-full wp-image-82086\" src=\"http:\/\/127.0.0.1\/acs\/wp-content\/uploads\/2018\/05\/WEB_2018_MAIO_VISITA-CEEJA-W_VISITA-CEEJA_0020.JPG\" width=\"570\" height=\"428\" srcset=\"https:\/\/acs.org.br\/academy\/wp-content\/uploads\/2018\/05\/WEB_2018_MAIO_VISITA-CEEJA-W_VISITA-CEEJA_0020.JPG 570w, https:\/\/acs.org.br\/academy\/wp-content\/uploads\/2018\/05\/WEB_2018_MAIO_VISITA-CEEJA-W_VISITA-CEEJA_0020-300x225.jpg 300w\" sizes=\"(max-width: 570px) 100vw, 570px\" \/><\/p>\n<p align=\"center\">\u00a0<\/p>\n<p align=\"center\"><img loading=\"lazy\" decoding=\"async\" class=\" size-full wp-image-82087\" src=\"http:\/\/127.0.0.1\/acs\/wp-content\/uploads\/2018\/05\/WEB_2018_MAIO_VISITA-CEEJA-W_VISITA-CEEJA_0030.JPG\" width=\"570\" height=\"442\" srcset=\"https:\/\/acs.org.br\/academy\/wp-content\/uploads\/2018\/05\/WEB_2018_MAIO_VISITA-CEEJA-W_VISITA-CEEJA_0030.JPG 570w, https:\/\/acs.org.br\/academy\/wp-content\/uploads\/2018\/05\/WEB_2018_MAIO_VISITA-CEEJA-W_VISITA-CEEJA_0030-300x233.jpg 300w\" sizes=\"(max-width: 570px) 100vw, 570px\" \/><\/p>\n<p align=\"center\">\u00a0<\/p>\n<p align=\"center\"><img loading=\"lazy\" decoding=\"async\" class=\" size-full wp-image-82088\" src=\"http:\/\/127.0.0.1\/acs\/wp-content\/uploads\/2018\/05\/WEB_2018_MAIO_VISITA-CEEJA-W_VISITA-CEEJA_0034.JPG\" width=\"570\" height=\"428\" srcset=\"https:\/\/acs.org.br\/academy\/wp-content\/uploads\/2018\/05\/WEB_2018_MAIO_VISITA-CEEJA-W_VISITA-CEEJA_0034.JPG 570w, https:\/\/acs.org.br\/academy\/wp-content\/uploads\/2018\/05\/WEB_2018_MAIO_VISITA-CEEJA-W_VISITA-CEEJA_0034-300x225.jpg 300w\" sizes=\"(max-width: 570px) 100vw, 570px\" \/><\/p>\n<p align=\"center\">\u00a0<\/p>\n<p align=\"center\"><img loading=\"lazy\" decoding=\"async\" class=\" size-full wp-image-82089\" src=\"http:\/\/127.0.0.1\/acs\/wp-content\/uploads\/2018\/05\/WEB_2018_MAIO_VISITA-CEEJA-W_VISITA-CEEJA_0036.JPG\" width=\"570\" height=\"428\" srcset=\"https:\/\/acs.org.br\/academy\/wp-content\/uploads\/2018\/05\/WEB_2018_MAIO_VISITA-CEEJA-W_VISITA-CEEJA_0036.JPG 570w, https:\/\/acs.org.br\/academy\/wp-content\/uploads\/2018\/05\/WEB_2018_MAIO_VISITA-CEEJA-W_VISITA-CEEJA_0036-300x225.jpg 300w\" sizes=\"(max-width: 570px) 100vw, 570px\" \/><\/p>\n<p align=\"center\">\u00a0<\/p>\n<p align=\"center\"><img loading=\"lazy\" decoding=\"async\" class=\" size-full wp-image-82090\" src=\"http:\/\/127.0.0.1\/acs\/wp-content\/uploads\/2018\/05\/WEB_2018_MAIO_VISITA-CEEJA-W_VISITA-CEEJA_0039.JPG\" width=\"570\" height=\"409\" srcset=\"https:\/\/acs.org.br\/academy\/wp-content\/uploads\/2018\/05\/WEB_2018_MAIO_VISITA-CEEJA-W_VISITA-CEEJA_0039.JPG 570w, https:\/\/acs.org.br\/academy\/wp-content\/uploads\/2018\/05\/WEB_2018_MAIO_VISITA-CEEJA-W_VISITA-CEEJA_0039-300x215.jpg 300w\" sizes=\"(max-width: 570px) 100vw, 570px\" \/><\/p>\n<p align=\"center\">\u00a0<\/p>\n<p align=\"center\"><img loading=\"lazy\" decoding=\"async\" class=\" size-full wp-image-82091\" src=\"http:\/\/127.0.0.1\/acs\/wp-content\/uploads\/2018\/05\/WEB_2018_MAIO_VISITA-CEEJA-W_VISITA-CEEJA_0041.JPG\" width=\"570\" height=\"420\" srcset=\"https:\/\/acs.org.br\/academy\/wp-content\/uploads\/2018\/05\/WEB_2018_MAIO_VISITA-CEEJA-W_VISITA-CEEJA_0041.JPG 570w, https:\/\/acs.org.br\/academy\/wp-content\/uploads\/2018\/05\/WEB_2018_MAIO_VISITA-CEEJA-W_VISITA-CEEJA_0041-300x221.jpg 300w\" sizes=\"(max-width: 570px) 100vw, 570px\" \/><\/p>\n","protected":false},"excerpt":{"rendered":"<p>Fonte: Assessoria de imprensa ACS Cerca de 50 estudantes e professores do Centro Estadual de Educa\u00e7\u00e3o de Jovens e Adultos (CEEJA) Maria Aparecida Pasqualeto Figueiredo visitaram na manh\u00e3 desta quarta-feira (16) a Associa\u00e7\u00e3o Comercial de Santos (ACS). O grupo chegou por volta das 9 horas e foi direcionado ao audit\u00f3rio, onde p\u00f4de ver os quadros [&hellip;]<\/p>\n","protected":false},"author":1,"featured_media":82082,"comment_status":"open","ping_status":"open","sticky":false,"template":"","format":"standard","meta":{"footnotes":""},"categories":[84],"tags":[],"_links":{"self":[{"href":"https:\/\/acs.org.br\/academy\/wp-json\/wp\/v2\/posts\/82092"}],"collection":[{"href":"https:\/\/acs.org.br\/academy\/wp-json\/wp\/v2\/posts"}],"about":[{"href":"https:\/\/acs.org.br\/academy\/wp-json\/wp\/v2\/types\/post"}],"author":[{"embeddable":true,"href":"https:\/\/acs.org.br\/academy\/wp-json\/wp\/v2\/users\/1"}],"replies":[{"embeddable":true,"href":"https:\/\/acs.org.br\/academy\/wp-json\/wp\/v2\/comments?post=82092"}],"version-history":[{"count":0,"href":"https:\/\/acs.org.br\/academy\/wp-json\/wp\/v2\/posts\/82092\/revisions"}],"wp:featuredmedia":[{"embeddable":true,"href":"https:\/\/acs.org.br\/academy\/wp-json\/wp\/v2\/media\/82082"}],"wp:attachment":[{"href":"https:\/\/acs.org.br\/academy\/wp-json\/wp\/v2\/media?parent=82092"}],"wp:term":[{"taxonomy":"category","embeddable":true,"href":"https:\/\/acs.org.br\/academy\/wp-json\/wp\/v2\/categories?post=82092"},{"taxonomy":"post_tag","embeddable":true,"href":"https:\/\/acs.org.br\/academy\/wp-json\/wp\/v2\/tags?post=82092"}],"curies":[{"name":"wp","href":"https:\/\/api.w.org\/{rel}","templated":true}]}}