{"id":82070,"date":"2018-05-15T15:30:40","date_gmt":"2018-05-15T18:30:40","guid":{"rendered":"http:\/\/127.0.0.1\/acs\/acs-jovem-toma-posse-para-gestao-2018-2020-e-cria-comissoes-tematicas\/"},"modified":"2018-05-15T15:30:40","modified_gmt":"2018-05-15T18:30:40","slug":"acs-jovem-toma-posse-para-gestao-2018-2020-e-cria-comissoes-tematicas","status":"publish","type":"post","link":"https:\/\/acs.org.br\/academy\/acs-jovem-toma-posse-para-gestao-2018-2020-e-cria-comissoes-tematicas\/","title":{"rendered":"ACS Jovem toma posse para gest\u00e3o 2018\/2020 e cria comiss\u00f5es tem\u00e1ticas"},"content":{"rendered":"<p style=\"text-align: left;\" align=\"center\">Fonte: Assessoria de imprensa ACS<\/p>\n<p style=\"text-align: left;\" align=\"center\">A nova coordenadoria do grupo de jovens da Associa\u00e7\u00e3o Comercial de Santos (ACS \u2013 Jovem) tomou posse na noite desta segunda-feira (14), durante cerim\u00f4nia realizada no audit\u00f3rio da institui\u00e7\u00e3o (Rua XV de Novembro, 137 \u2013 Centro, Santos). Os novos cinco integrantes ficar\u00e3o \u00e0 frente do grupo at\u00e9 2020, conforme regimento aprovado pela diretoria da ACS, que ampliou, a partir de 2018, a gest\u00e3o de um para dois anos.<\/p>\n<p>Integram a nova coordena\u00e7\u00e3o: Marcelo Teixeira Filho (coordenador); Patr\u00edcia Marques (vice-coordenadora); Leandro Taveira (secret\u00e1rio geral); Guilherme Appar\u00edcio (secret\u00e1rio de projetos); e Tatiane Martins (secret\u00e1ria de Rela\u00e7\u00f5es Institucionais).<\/p>\n<\/p>\n<p>O evento, que contou com as presen\u00e7as do Prefeito de Santos, Paulo Alexandre Barbosa, do presidente do Conselho Deliberativo do Santos Futebol Clube, Marcelo Teixeira (e pai do novo coordenador), e de diretores da ACS,  foi aberto pelo presidente da ACS, Roberto Clemente Santini, que deu as boas vindas aos novos integrantes do grupo.<\/p>\n<p><img loading=\"lazy\" decoding=\"async\" class=\" size-full wp-image-82065\" src=\"http:\/\/127.0.0.1\/acs\/wp-content\/uploads\/2018\/05\/WEB_2018_MAIO_JOVEM-W_JOVEM-080.jpg\" width=\"570\" height=\"428\" srcset=\"https:\/\/acs.org.br\/academy\/wp-content\/uploads\/2018\/05\/WEB_2018_MAIO_JOVEM-W_JOVEM-080.jpg 570w, https:\/\/acs.org.br\/academy\/wp-content\/uploads\/2018\/05\/WEB_2018_MAIO_JOVEM-W_JOVEM-080-300x225.jpg 300w\" sizes=\"(max-width: 570px) 100vw, 570px\" \/><\/p>\n<p>\u201cFundada em 1 de julho de 2008, a ACS Jovem iniciou suas atividades com o objetivo de incentivar os jovens nas a\u00e7\u00f5es promovidas pela ACS, formar lideran\u00e7as empresariais, desenvolver redes de relacionamento e estimular o empreendedorismo. Marcelo Teixeira Filho, jovem empres\u00e1rio, e equipe: contem com apoio da diretoria e sejam bem-vindos\u201d.<\/p>\n<p>Santini aproveitou a oportunidade para fazer dois agradecimentos especiais: para a diretora da ACS L\u00facia Teixeira, a primeira mulher a integrar uma diretoria da Institui\u00e7\u00e3o em 147 anos; e para a coordenadora da C\u00e2mara Setorial das Institui\u00e7\u00f5es de Ensino, Silvia Teixeira Penteado, ambas tias do novo coordenador eleito<\/p>\n<p>\u201cVoc\u00eas duas, L\u00facia e Silvia, est\u00e3o sendo fundamentais no processo de fortalecimento da ACS Jovem, contribuindo muito para essa reorganiza\u00e7\u00e3o\u201d.<\/p>\n<p><img loading=\"lazy\" decoding=\"async\" class=\" size-full wp-image-82066\" src=\"http:\/\/127.0.0.1\/acs\/wp-content\/uploads\/2018\/05\/WEB_2018_MAIO_JOVEM-W_JOVEM-027.jpg\" width=\"570\" height=\"405\" srcset=\"https:\/\/acs.org.br\/academy\/wp-content\/uploads\/2018\/05\/WEB_2018_MAIO_JOVEM-W_JOVEM-027.jpg 570w, https:\/\/acs.org.br\/academy\/wp-content\/uploads\/2018\/05\/WEB_2018_MAIO_JOVEM-W_JOVEM-027-300x213.jpg 300w\" sizes=\"(max-width: 570px) 100vw, 570px\" \/><\/p>\n<p>L\u00facia Teixeira, na sequ\u00eancia, parabenizou o grupo. \u201cParab\u00e9ns, Marcelinho, parab\u00e9ns a todos da nova coordenadoria, \u00e0s nove comiss\u00f5es, parab\u00e9ns \u00e0 Tatiane por tudo que fez, e \u00e0 minha sobrinha, Caroline Teixeira, que estar\u00e1 na comiss\u00e3o de sa\u00fade\u201d.<\/p>\n<p><img loading=\"lazy\" decoding=\"async\" class=\" size-full wp-image-82067\" src=\"http:\/\/127.0.0.1\/acs\/wp-content\/uploads\/2018\/05\/WEB_2018_MAIO_JOVEM-W_JOVEM-043.jpg\" width=\"570\" height=\"428\" srcset=\"https:\/\/acs.org.br\/academy\/wp-content\/uploads\/2018\/05\/WEB_2018_MAIO_JOVEM-W_JOVEM-043.jpg 570w, https:\/\/acs.org.br\/academy\/wp-content\/uploads\/2018\/05\/WEB_2018_MAIO_JOVEM-W_JOVEM-043-300x225.jpg 300w\" sizes=\"(max-width: 570px) 100vw, 570px\" \/><\/p>\n<p>A comiss\u00e3o, citada por L\u00facia Teixeira, \u00e9 um das novidades deste ano. A partir desta gest\u00e3o, a ACS Jovem passa a ter comiss\u00f5es organizacionais, divididas pelas seguintes \u00e1reas: cidadania e a\u00e7\u00e3o social; educa\u00e7\u00e3o e cultura; desenvolvimento profissional; esporte e lazer; expans\u00e3o; mulher e sa\u00fade; comunica\u00e7\u00e3o e marketing; justi\u00e7a e ci\u00eancias pol\u00edticas; e meio ambiente e sustentabilidade.<\/p>\n<p>O novo coordenador, Marcelo Teixeira Filho, em seu discurso, falou sobre a grande honra em assumir a chefia deste grupo t\u00e3o importante.<\/p>\n<p><img loading=\"lazy\" decoding=\"async\" class=\" size-full wp-image-82068\" src=\"http:\/\/127.0.0.1\/acs\/wp-content\/uploads\/2018\/05\/WEB_2018_MAIO_JOVEM-W_JOVEM-086.jpg\" width=\"570\" height=\"428\" srcset=\"https:\/\/acs.org.br\/academy\/wp-content\/uploads\/2018\/05\/WEB_2018_MAIO_JOVEM-W_JOVEM-086.jpg 570w, https:\/\/acs.org.br\/academy\/wp-content\/uploads\/2018\/05\/WEB_2018_MAIO_JOVEM-W_JOVEM-086-300x225.jpg 300w\" sizes=\"(max-width: 570px) 100vw, 570px\" \/><\/p>\n<p>\u201cSinto-me preparado para assumir, com a nova coordena\u00e7\u00e3o, essa tarefa. Temos o dever de fazermos um mundo melhor. J\u00e1 come\u00e7amos a trabalhar para o engrandecimento deste \u00f3rg\u00e3o, que completar\u00e1 no m\u00eas de julho, 10 anos. J\u00e1 criamos nove comiss\u00f5es para aux\u00edlio e um melhor andamento dos trabalhos. Manteremos os servi\u00e7os j\u00e1 existentes e procuraremos ampli\u00e1-los, trazendo mais cursos, treinamentos e palestras, para a melhoria da gest\u00e3o das entidades e para busca de novos jovens empreendedores na regi\u00e3o\u201d.<\/p>\n<p>Tatiane Martins, que deixou o cargo de coordenadora, agradeceu \u00e0 ACS por todo aprendizado.<\/p>\n<p>\u201cTudo o que vivi e aprendi enriqueceu minhas a\u00e7\u00f5es, tanto como profissional quanto como pessoa. Muito obrigada\u201d.<\/p>\n<p>Por fim, o prefeito de Santos, Paulo Alexandre Barbosa, falou sobre a import\u00e2ncia deste grupo de jovens atuantes, como \u00e9 a ACS Jovem.<\/p>\n<p><img loading=\"lazy\" decoding=\"async\" class=\" size-full wp-image-82069\" src=\"http:\/\/127.0.0.1\/acs\/wp-content\/uploads\/2018\/05\/WEB_2018_MAIO_JOVEM-W_JOVEM-147.jpg\" width=\"570\" height=\"428\" srcset=\"https:\/\/acs.org.br\/academy\/wp-content\/uploads\/2018\/05\/WEB_2018_MAIO_JOVEM-W_JOVEM-147.jpg 570w, https:\/\/acs.org.br\/academy\/wp-content\/uploads\/2018\/05\/WEB_2018_MAIO_JOVEM-W_JOVEM-147-300x225.jpg 300w\" sizes=\"(max-width: 570px) 100vw, 570px\" \/><\/p>\n<p>\u201cEm Santos, temos mais de 90 mil jovens, de 15 a 29 anos, temos a C\u00e2mara Jovem, com 21 vereadores jovens que acompanham, fiscalizam, cobram, ou seja, s\u00e3o jovens que desde cedo t\u00eam no\u00e7\u00e3o da import\u00e2ncia da sua participa\u00e7\u00e3o na sociedade, buscando construir uma cidade e um pa\u00eds melhores. E voc\u00eas, com os pr\u00f3ximos desafios, ter\u00e3o a miss\u00e3o de seguir e honrar as tradi\u00e7\u00f5es desta Casa\u201d.<\/p>\n<p><b>Sobre a ACS Jovem<\/b><\/p>\n<p>A Associa\u00e7\u00e3o Comercial de Santos Jovem (ACS Jovem) \u00e9 um n\u00facleo de jovens empreendedores da Associa\u00e7\u00e3o Comercial de Santos (ACS) com a miss\u00e3o promover a integra\u00e7\u00e3o e participa\u00e7\u00e3o dos associados em iniciativas de incentivo e fortalecimento do empreendedorismo.<\/p>\n<p>A ACS Jovem foi fundada em 1.\u00ba de julho de 2008 e o mandato de cada coordenador tem dura\u00e7\u00e3o de dois anos.<\/p>\n<p>Os prop\u00f3sitos da ACS Jovem s\u00e3o:<\/p>\n<p>&#8211; Contribuir para os objetivos da Associa\u00e7\u00e3o Comercial de Santos, incentivando a participa\u00e7\u00e3o dos jovens nas a\u00e7\u00f5es promovidas pela ACS;<\/p>\n<p>&#8211; Formar lideran\u00e7as empresariais, com o intuito de incentivar e difundir a\u00e7\u00f5es empreendedoras;<\/p>\n<p>&#8211; Desenvolver redes de relacionamento entre empres\u00e1rios, lideran\u00e7as e grupos de jovens empreendedores;<\/p>\n<p>&#8211; Difundir o empreendedorismo na regi\u00e3o.<\/p>\n<p>\u00a0<\/p>\n<p>\u00a0<\/p>\n<p>\u00a0<\/p>\n<p>\u00a0<\/p>\n<p>\u00a0<\/p>\n<p>\u00a0<\/p>\n","protected":false},"excerpt":{"rendered":"<p>Fonte: Assessoria de imprensa ACS A nova coordenadoria do grupo de jovens da Associa\u00e7\u00e3o Comercial de Santos (ACS \u2013 Jovem) tomou posse na noite desta segunda-feira (14), durante cerim\u00f4nia realizada no audit\u00f3rio da institui\u00e7\u00e3o (Rua XV de Novembro, 137 \u2013 Centro, Santos). Os novos cinco integrantes ficar\u00e3o \u00e0 frente do grupo at\u00e9 2020, conforme regimento [&hellip;]<\/p>\n","protected":false},"author":1,"featured_media":82064,"comment_status":"open","ping_status":"open","sticky":false,"template":"","format":"standard","meta":{"footnotes":""},"categories":[84],"tags":[],"_links":{"self":[{"href":"https:\/\/acs.org.br\/academy\/wp-json\/wp\/v2\/posts\/82070"}],"collection":[{"href":"https:\/\/acs.org.br\/academy\/wp-json\/wp\/v2\/posts"}],"about":[{"href":"https:\/\/acs.org.br\/academy\/wp-json\/wp\/v2\/types\/post"}],"author":[{"embeddable":true,"href":"https:\/\/acs.org.br\/academy\/wp-json\/wp\/v2\/users\/1"}],"replies":[{"embeddable":true,"href":"https:\/\/acs.org.br\/academy\/wp-json\/wp\/v2\/comments?post=82070"}],"version-history":[{"count":0,"href":"https:\/\/acs.org.br\/academy\/wp-json\/wp\/v2\/posts\/82070\/revisions"}],"wp:featuredmedia":[{"embeddable":true,"href":"https:\/\/acs.org.br\/academy\/wp-json\/wp\/v2\/media\/82064"}],"wp:attachment":[{"href":"https:\/\/acs.org.br\/academy\/wp-json\/wp\/v2\/media?parent=82070"}],"wp:term":[{"taxonomy":"category","embeddable":true,"href":"https:\/\/acs.org.br\/academy\/wp-json\/wp\/v2\/categories?post=82070"},{"taxonomy":"post_tag","embeddable":true,"href":"https:\/\/acs.org.br\/academy\/wp-json\/wp\/v2\/tags?post=82070"}],"curies":[{"name":"wp","href":"https:\/\/api.w.org\/{rel}","templated":true}]}}